{"id":1811,"date":"2014-03-18T14:34:09","date_gmt":"2014-03-18T13:34:09","guid":{"rendered":"http:\/\/www.elternforen.com\/Blog\/?p=1811"},"modified":"2024-05-23T12:22:58","modified_gmt":"2024-05-23T10:22:58","slug":"funktionelle-fahrradanhaenger-fuer-aktive-eltern-1811","status":"publish","type":"post","link":"https:\/\/www.elternforen.com\/Blog\/funktionelle-fahrradanhaenger-fuer-aktive-eltern-1811\/","title":{"rendered":"Funktionelle Fahrradanh\u00e4nger f\u00fcr aktive Eltern"},"content":{"rendered":"ANZEIGE - <p>Junge Familien sind gern mobil. Gerade in Gro\u00dfst\u00e4dten ist jedoch das Auto nicht immer das geeignete Transportmittel. Parkpl\u00e4tze sind knapp und Staus bringen Frust und Zeitverlust. Gut, wer dann mit dem Fahrrad unterwegs ist! Auch wenn der Nachwuchs die Familie komplettiert, bietet sich diese Option f\u00fcr viele Wege an \u2013 sei es um zum Kindergarten zu fahren, im Supermarkt einzukaufen oder mit dem Partner einen Ausflug in die Natur zu unternehmen. Der kleine Schatz kann dank des Fahrradanh\u00e4ngers immer dabei sein und die Eltern m\u00fcssen nicht auf ihr gewohntes Gef\u00e4hrt verzichten.<\/p>\n<p><strong>Funktionelle Fahrradanh\u00e4nger f\u00fcr aktive Eltern<\/strong><\/p>\n<p><a href=\"http:\/\/www.elternforen.com\/threads\/kinderwagenfahrradanhaenger.34446\/\" rel=\"nofollow\">Fahrradanh\u00e4nger <\/a>ist nicht gleich Fahrradanh\u00e4nger. Hier gibt es sowohl qualitativ als auch preislich enorme Unterschiede. Wer sich mit der Anschaffung eines Fahrradanh\u00e4ngers tr\u00e4gt, der sollte gleich ein Modell w\u00e4hlen, welches sicherheitstechnisch auf den neusten Stand sowie \u00e4u\u00dferst flexibel und lange Zeit nutzbar ist. <a href=\"https:\/\/www.bikebox-shop.de\/fahrradanhaenger\/kinderanhaenger\/burley-kinderanhaenger\/burley-d-lite\/\" rel=\"nofollow\">Der Burley DLite kann mit Zubeh\u00f6r zum Babyjogger oder Buggy umfunktioniert werden<\/a> und bietet sich daher f\u00fcr Eltern an, die den Anh\u00e4nger auch als Kinderwagen nutzen m\u00f6chten. Ein h\u00f6henverstellbarer und ergonomisch geformter Schiebeb\u00fcgel (dient in der Funktion \u201eFahrradanh\u00e4nger\u201c als \u00dcberrollb\u00fcgel) erlaubt es auch sehr gro\u00dfen Personen, ihren Nachwuchs bequem durch die Gegend zu schieben. Dieser sitzt im Burley DLite \u00fcbrigens v\u00f6llig bequem, denn die R\u00fcckenlehne kann geneigt werden und besitzt eine Aussparung f\u00fcr den Helm. Im Inneren des Fahrradanh\u00e4ngers ist viel Platz und auch zwei Kinder k\u00f6nnen hier bequem Platz nehmen.<\/p>\n<p><strong>Individuelle Anspr\u00fcche ber\u00fccksichtigen<\/strong><\/p>\n<p>Nicht jeder Fahrradanh\u00e4nger erf\u00fcllt die Anspr\u00fcche der Eltern und schlussendlich kommt es auch immer darauf an, f\u00fcr welche Dinge und wie intensiv der H\u00e4nger genutzt wird. Im t\u00e4glichen Leben erscheint es sinnvoll, wenn dieser gro\u00dfe und laufruhige R\u00e4der sowie ein Federung besitzt, welche die Fahrten deutlich komfortabler werden lassen. Viel Stauraum im Heck ist ebenso wichtig, denn neben Sandspielzeug, Wechselbekleidung und Wickeltasche m\u00fcssen nicht selten auch noch die Eink\u00e4ufe hier Platz finden. Praktisch sind get\u00f6nte Seitenfenster mit UV-Schutz sowie ein ausklappbarer Sonnenschirm. Sie m\u00f6chten mit Ihrem kleinen Liebling sportlich aktiv sein? F\u00fcr den Burley DLite sind auch Walking- oder Jogging-Sets erh\u00e4ltlich, so dass Sie trotz Kind nicht auf Ihr Ausdauertraining verzichten m\u00fcssen.<\/p>\n<p>Eine Kombination aus Fahrradanh\u00e4nger und Kinderwagen ist \u00e4u\u00dferst praktisch, und das nicht nur im Alltag. Auch f\u00fcr Urlaubsreisen bietet sich solch ein Modell an, da hier die Eltern nicht extra noch einen Kinderwagen im Auto verstauen m\u00fcssen.<\/p>\n","protected":false},"excerpt":{"rendered":"<p>ANZEIGE &#8211; Junge Familien sind gern mobil. Gerade in Gro\u00dfst\u00e4dten ist jedoch das Auto nicht immer das geeignete Transportmittel. Parkpl\u00e4tze sind knapp und Staus bringen Frust und Zeitverlust. Gut, wer dann mit dem Fahrrad unterwegs ist! Auch wenn der Nachwuchs die Familie komplettiert, bietet sich diese Option f\u00fcr viele Wege an \u2013 sei es um [&hellip;]<\/p>\n","protected":false},"author":72,"featured_media":10370,"comment_status":"closed","ping_status":"closed","sticky":false,"template":"","format":"standard","meta":{"_acf_changed":false,"ep_exclude_from_search":false,"_jetpack_memberships_contains_paid_content":false,"footnotes":""},"categories":[13],"tags":[],"class_list":["post-1811","post","type-post","status-publish","format-standard","has-post-thumbnail","hentry","category-freizeit-und-hobby"],"acf":[],"yoast_head":"<!-- This site is optimized with the Yoast SEO plugin v27.5 - https:\/\/yoast.com\/product\/yoast-seo-wordpress\/ -->\n<title>Funktionelle Fahrradanh\u00e4nger f\u00fcr aktive Eltern - elternforen.com - Ratgeber-Magazin<\/title>\n<meta name=\"robots\" content=\"index, follow, max-snippet:-1, max-image-preview:large, max-video-preview:-1\" \/>\n<link rel=\"canonical\" href=\"https:\/\/www.elternforen.com\/Blog\/funktionelle-fahrradanhaenger-fuer-aktive-eltern-1811\/\" \/>\n<meta property=\"og:locale\" content=\"de_DE\" \/>\n<meta property=\"og:type\" content=\"article\" \/>\n<meta property=\"og:title\" content=\"Funktionelle Fahrradanh\u00e4nger f\u00fcr aktive Eltern - elternforen.com - Ratgeber-Magazin\" \/>\n<meta property=\"og:description\" content=\"ANZEIGE - Junge Familien sind gern mobil. Gerade in Gro\u00dfst\u00e4dten ist jedoch das Auto nicht immer das geeignete Transportmittel. Parkpl\u00e4tze sind knapp und Staus bringen Frust und Zeitverlust. Gut, wer dann mit dem Fahrrad unterwegs ist! Auch wenn der Nachwuchs die Familie komplettiert, bietet sich diese Option f\u00fcr viele Wege an \u2013 sei es um [&hellip;]\" \/>\n<meta property=\"og:url\" content=\"https:\/\/www.elternforen.com\/Blog\/funktionelle-fahrradanhaenger-fuer-aktive-eltern-1811\/\" \/>\n<meta property=\"og:site_name\" content=\"elternforen.com - Ratgeber-Magazin\" \/>\n<meta property=\"article:published_time\" content=\"2014-03-18T13:34:09+00:00\" \/>\n<meta property=\"article:modified_time\" content=\"2024-05-23T10:22:58+00:00\" \/>\n<meta property=\"og:image\" content=\"https:\/\/www.elternforen.com\/Blog\/wp-content\/uploads\/2014\/03\/fahrradanhaenger-unsplash-scaled.jpg\" \/>\n\t<meta property=\"og:image:width\" content=\"2560\" \/>\n\t<meta property=\"og:image:height\" content=\"1440\" \/>\n\t<meta property=\"og:image:type\" content=\"image\/jpeg\" \/>\n<meta name=\"author\" content=\"Christian Lahl\" \/>\n<meta name=\"twitter:card\" content=\"summary_large_image\" \/>\n<meta name=\"twitter:label1\" content=\"Verfasst von\" \/>\n\t<meta name=\"twitter:data1\" content=\"Christian Lahl\" \/>\n\t<meta name=\"twitter:label2\" content=\"Gesch\u00e4tzte Lesezeit\" \/>\n\t<meta name=\"twitter:data2\" content=\"3\u00a0Minuten\" \/>\n<script type=\"application\/ld+json\" class=\"yoast-schema-graph\">{\"@context\":\"https:\\\/\\\/schema.org\",\"@graph\":[{\"@type\":\"Article\",\"@id\":\"https:\\\/\\\/www.elternforen.com\\\/Blog\\\/funktionelle-fahrradanhaenger-fuer-aktive-eltern-1811\\\/#article\",\"isPartOf\":{\"@id\":\"https:\\\/\\\/www.elternforen.com\\\/Blog\\\/funktionelle-fahrradanhaenger-fuer-aktive-eltern-1811\\\/\"},\"author\":{\"name\":\"Christian Lahl\",\"@id\":\"https:\\\/\\\/www.elternforen.com\\\/Blog\\\/#\\\/schema\\\/person\\\/ccc006bc75f22e969baf5a216e09bbaa\"},\"headline\":\"Funktionelle Fahrradanh\u00e4nger f\u00fcr aktive Eltern\",\"datePublished\":\"2014-03-18T13:34:09+00:00\",\"dateModified\":\"2024-05-23T10:22:58+00:00\",\"mainEntityOfPage\":{\"@id\":\"https:\\\/\\\/www.elternforen.com\\\/Blog\\\/funktionelle-fahrradanhaenger-fuer-aktive-eltern-1811\\\/\"},\"wordCount\":438,\"image\":{\"@id\":\"https:\\\/\\\/www.elternforen.com\\\/Blog\\\/funktionelle-fahrradanhaenger-fuer-aktive-eltern-1811\\\/#primaryimage\"},\"thumbnailUrl\":\"https:\\\/\\\/www.elternforen.com\\\/Blog\\\/wp-content\\\/uploads\\\/2014\\\/03\\\/fahrradanhaenger-unsplash-scaled.jpg\",\"articleSection\":[\"Freizeit und Hobby\"],\"inLanguage\":\"de\"},{\"@type\":\"WebPage\",\"@id\":\"https:\\\/\\\/www.elternforen.com\\\/Blog\\\/funktionelle-fahrradanhaenger-fuer-aktive-eltern-1811\\\/\",\"url\":\"https:\\\/\\\/www.elternforen.com\\\/Blog\\\/funktionelle-fahrradanhaenger-fuer-aktive-eltern-1811\\\/\",\"name\":\"Funktionelle Fahrradanh\u00e4nger f\u00fcr aktive Eltern - elternforen.com - Ratgeber-Magazin\",\"isPartOf\":{\"@id\":\"https:\\\/\\\/www.elternforen.com\\\/Blog\\\/#website\"},\"primaryImageOfPage\":{\"@id\":\"https:\\\/\\\/www.elternforen.com\\\/Blog\\\/funktionelle-fahrradanhaenger-fuer-aktive-eltern-1811\\\/#primaryimage\"},\"image\":{\"@id\":\"https:\\\/\\\/www.elternforen.com\\\/Blog\\\/funktionelle-fahrradanhaenger-fuer-aktive-eltern-1811\\\/#primaryimage\"},\"thumbnailUrl\":\"https:\\\/\\\/www.elternforen.com\\\/Blog\\\/wp-content\\\/uploads\\\/2014\\\/03\\\/fahrradanhaenger-unsplash-scaled.jpg\",\"datePublished\":\"2014-03-18T13:34:09+00:00\",\"dateModified\":\"2024-05-23T10:22:58+00:00\",\"author\":{\"@id\":\"https:\\\/\\\/www.elternforen.com\\\/Blog\\\/#\\\/schema\\\/person\\\/ccc006bc75f22e969baf5a216e09bbaa\"},\"breadcrumb\":{\"@id\":\"https:\\\/\\\/www.elternforen.com\\\/Blog\\\/funktionelle-fahrradanhaenger-fuer-aktive-eltern-1811\\\/#breadcrumb\"},\"inLanguage\":\"de\",\"potentialAction\":[{\"@type\":\"ReadAction\",\"target\":[\"https:\\\/\\\/www.elternforen.com\\\/Blog\\\/funktionelle-fahrradanhaenger-fuer-aktive-eltern-1811\\\/\"]}]},{\"@type\":\"ImageObject\",\"inLanguage\":\"de\",\"@id\":\"https:\\\/\\\/www.elternforen.com\\\/Blog\\\/funktionelle-fahrradanhaenger-fuer-aktive-eltern-1811\\\/#primaryimage\",\"url\":\"https:\\\/\\\/www.elternforen.com\\\/Blog\\\/wp-content\\\/uploads\\\/2014\\\/03\\\/fahrradanhaenger-unsplash-scaled.jpg\",\"contentUrl\":\"https:\\\/\\\/www.elternforen.com\\\/Blog\\\/wp-content\\\/uploads\\\/2014\\\/03\\\/fahrradanhaenger-unsplash-scaled.jpg\",\"width\":2560,\"height\":1440,\"caption\":\"Fahrradanh\u00e4nger, Bild: unsplash\"},{\"@type\":\"BreadcrumbList\",\"@id\":\"https:\\\/\\\/www.elternforen.com\\\/Blog\\\/funktionelle-fahrradanhaenger-fuer-aktive-eltern-1811\\\/#breadcrumb\",\"itemListElement\":[{\"@type\":\"ListItem\",\"position\":1,\"name\":\"Home\",\"item\":\"https:\\\/\\\/www.elternforen.com\\\/Blog\\\/\"},{\"@type\":\"ListItem\",\"position\":2,\"name\":\"Funktionelle Fahrradanh\u00e4nger f\u00fcr aktive Eltern\"}]},{\"@type\":\"WebSite\",\"@id\":\"https:\\\/\\\/www.elternforen.com\\\/Blog\\\/#website\",\"url\":\"https:\\\/\\\/www.elternforen.com\\\/Blog\\\/\",\"name\":\"elternforen.com - Ratgeber-Magazin\",\"description\":\"Der Blog \u00fcber Familie, Schwangerschaft, Babys und Kinder\",\"potentialAction\":[{\"@type\":\"SearchAction\",\"target\":{\"@type\":\"EntryPoint\",\"urlTemplate\":\"https:\\\/\\\/www.elternforen.com\\\/Blog\\\/?s={search_term_string}\"},\"query-input\":{\"@type\":\"PropertyValueSpecification\",\"valueRequired\":true,\"valueName\":\"search_term_string\"}}],\"inLanguage\":\"de\"},{\"@type\":\"Person\",\"@id\":\"https:\\\/\\\/www.elternforen.com\\\/Blog\\\/#\\\/schema\\\/person\\\/ccc006bc75f22e969baf5a216e09bbaa\",\"name\":\"Christian Lahl\",\"url\":\"https:\\\/\\\/www.elternforen.com\\\/Blog\\\/author\\\/christian-lahl\\\/\"}]}<\/script>\n<!-- \/ Yoast SEO plugin. -->","yoast_head_json":{"title":"Funktionelle Fahrradanh\u00e4nger f\u00fcr aktive Eltern - elternforen.com - Ratgeber-Magazin","robots":{"index":"index","follow":"follow","max-snippet":"max-snippet:-1","max-image-preview":"max-image-preview:large","max-video-preview":"max-video-preview:-1"},"canonical":"https:\/\/www.elternforen.com\/Blog\/funktionelle-fahrradanhaenger-fuer-aktive-eltern-1811\/","og_locale":"de_DE","og_type":"article","og_title":"Funktionelle Fahrradanh\u00e4nger f\u00fcr aktive Eltern - elternforen.com - Ratgeber-Magazin","og_description":"ANZEIGE - Junge Familien sind gern mobil. Gerade in Gro\u00dfst\u00e4dten ist jedoch das Auto nicht immer das geeignete Transportmittel. Parkpl\u00e4tze sind knapp und Staus bringen Frust und Zeitverlust. Gut, wer dann mit dem Fahrrad unterwegs ist! Auch wenn der Nachwuchs die Familie komplettiert, bietet sich diese Option f\u00fcr viele Wege an \u2013 sei es um [&hellip;]","og_url":"https:\/\/www.elternforen.com\/Blog\/funktionelle-fahrradanhaenger-fuer-aktive-eltern-1811\/","og_site_name":"elternforen.com - Ratgeber-Magazin","article_published_time":"2014-03-18T13:34:09+00:00","article_modified_time":"2024-05-23T10:22:58+00:00","og_image":[{"width":2560,"height":1440,"url":"https:\/\/www.elternforen.com\/Blog\/wp-content\/uploads\/2014\/03\/fahrradanhaenger-unsplash-scaled.jpg","type":"image\/jpeg"}],"author":"Christian Lahl","twitter_card":"summary_large_image","twitter_misc":{"Verfasst von":"Christian Lahl","Gesch\u00e4tzte Lesezeit":"3\u00a0Minuten"},"schema":{"@context":"https:\/\/schema.org","@graph":[{"@type":"Article","@id":"https:\/\/www.elternforen.com\/Blog\/funktionelle-fahrradanhaenger-fuer-aktive-eltern-1811\/#article","isPartOf":{"@id":"https:\/\/www.elternforen.com\/Blog\/funktionelle-fahrradanhaenger-fuer-aktive-eltern-1811\/"},"author":{"name":"Christian Lahl","@id":"https:\/\/www.elternforen.com\/Blog\/#\/schema\/person\/ccc006bc75f22e969baf5a216e09bbaa"},"headline":"Funktionelle Fahrradanh\u00e4nger f\u00fcr aktive Eltern","datePublished":"2014-03-18T13:34:09+00:00","dateModified":"2024-05-23T10:22:58+00:00","mainEntityOfPage":{"@id":"https:\/\/www.elternforen.com\/Blog\/funktionelle-fahrradanhaenger-fuer-aktive-eltern-1811\/"},"wordCount":438,"image":{"@id":"https:\/\/www.elternforen.com\/Blog\/funktionelle-fahrradanhaenger-fuer-aktive-eltern-1811\/#primaryimage"},"thumbnailUrl":"https:\/\/www.elternforen.com\/Blog\/wp-content\/uploads\/2014\/03\/fahrradanhaenger-unsplash-scaled.jpg","articleSection":["Freizeit und Hobby"],"inLanguage":"de"},{"@type":"WebPage","@id":"https:\/\/www.elternforen.com\/Blog\/funktionelle-fahrradanhaenger-fuer-aktive-eltern-1811\/","url":"https:\/\/www.elternforen.com\/Blog\/funktionelle-fahrradanhaenger-fuer-aktive-eltern-1811\/","name":"Funktionelle Fahrradanh\u00e4nger f\u00fcr aktive Eltern - elternforen.com - Ratgeber-Magazin","isPartOf":{"@id":"https:\/\/www.elternforen.com\/Blog\/#website"},"primaryImageOfPage":{"@id":"https:\/\/www.elternforen.com\/Blog\/funktionelle-fahrradanhaenger-fuer-aktive-eltern-1811\/#primaryimage"},"image":{"@id":"https:\/\/www.elternforen.com\/Blog\/funktionelle-fahrradanhaenger-fuer-aktive-eltern-1811\/#primaryimage"},"thumbnailUrl":"https:\/\/www.elternforen.com\/Blog\/wp-content\/uploads\/2014\/03\/fahrradanhaenger-unsplash-scaled.jpg","datePublished":"2014-03-18T13:34:09+00:00","dateModified":"2024-05-23T10:22:58+00:00","author":{"@id":"https:\/\/www.elternforen.com\/Blog\/#\/schema\/person\/ccc006bc75f22e969baf5a216e09bbaa"},"breadcrumb":{"@id":"https:\/\/www.elternforen.com\/Blog\/funktionelle-fahrradanhaenger-fuer-aktive-eltern-1811\/#breadcrumb"},"inLanguage":"de","potentialAction":[{"@type":"ReadAction","target":["https:\/\/www.elternforen.com\/Blog\/funktionelle-fahrradanhaenger-fuer-aktive-eltern-1811\/"]}]},{"@type":"ImageObject","inLanguage":"de","@id":"https:\/\/www.elternforen.com\/Blog\/funktionelle-fahrradanhaenger-fuer-aktive-eltern-1811\/#primaryimage","url":"https:\/\/www.elternforen.com\/Blog\/wp-content\/uploads\/2014\/03\/fahrradanhaenger-unsplash-scaled.jpg","contentUrl":"https:\/\/www.elternforen.com\/Blog\/wp-content\/uploads\/2014\/03\/fahrradanhaenger-unsplash-scaled.jpg","width":2560,"height":1440,"caption":"Fahrradanh\u00e4nger, Bild: unsplash"},{"@type":"BreadcrumbList","@id":"https:\/\/www.elternforen.com\/Blog\/funktionelle-fahrradanhaenger-fuer-aktive-eltern-1811\/#breadcrumb","itemListElement":[{"@type":"ListItem","position":1,"name":"Home","item":"https:\/\/www.elternforen.com\/Blog\/"},{"@type":"ListItem","position":2,"name":"Funktionelle Fahrradanh\u00e4nger f\u00fcr aktive Eltern"}]},{"@type":"WebSite","@id":"https:\/\/www.elternforen.com\/Blog\/#website","url":"https:\/\/www.elternforen.com\/Blog\/","name":"elternforen.com - Ratgeber-Magazin","description":"Der Blog \u00fcber Familie, Schwangerschaft, Babys und Kinder","potentialAction":[{"@type":"SearchAction","target":{"@type":"EntryPoint","urlTemplate":"https:\/\/www.elternforen.com\/Blog\/?s={search_term_string}"},"query-input":{"@type":"PropertyValueSpecification","valueRequired":true,"valueName":"search_term_string"}}],"inLanguage":"de"},{"@type":"Person","@id":"https:\/\/www.elternforen.com\/Blog\/#\/schema\/person\/ccc006bc75f22e969baf5a216e09bbaa","name":"Christian Lahl","url":"https:\/\/www.elternforen.com\/Blog\/author\/christian-lahl\/"}]}},"jetpack_featured_media_url":"https:\/\/www.elternforen.com\/Blog\/wp-content\/uploads\/2014\/03\/fahrradanhaenger-unsplash-scaled.jpg","jetpack_sharing_enabled":true,"_links":{"self":[{"href":"https:\/\/www.elternforen.com\/Blog\/wp-json\/wp\/v2\/posts\/1811","targetHints":{"allow":["GET"]}}],"collection":[{"href":"https:\/\/www.elternforen.com\/Blog\/wp-json\/wp\/v2\/posts"}],"about":[{"href":"https:\/\/www.elternforen.com\/Blog\/wp-json\/wp\/v2\/types\/post"}],"author":[{"embeddable":true,"href":"https:\/\/www.elternforen.com\/Blog\/wp-json\/wp\/v2\/users\/72"}],"replies":[{"embeddable":true,"href":"https:\/\/www.elternforen.com\/Blog\/wp-json\/wp\/v2\/comments?post=1811"}],"version-history":[{"count":3,"href":"https:\/\/www.elternforen.com\/Blog\/wp-json\/wp\/v2\/posts\/1811\/revisions"}],"predecessor-version":[{"id":10375,"href":"https:\/\/www.elternforen.com\/Blog\/wp-json\/wp\/v2\/posts\/1811\/revisions\/10375"}],"wp:featuredmedia":[{"embeddable":true,"href":"https:\/\/www.elternforen.com\/Blog\/wp-json\/wp\/v2\/media\/10370"}],"wp:attachment":[{"href":"https:\/\/www.elternforen.com\/Blog\/wp-json\/wp\/v2\/media?parent=1811"}],"wp:term":[{"taxonomy":"category","embeddable":true,"href":"https:\/\/www.elternforen.com\/Blog\/wp-json\/wp\/v2\/categories?post=1811"},{"taxonomy":"post_tag","embeddable":true,"href":"https:\/\/www.elternforen.com\/Blog\/wp-json\/wp\/v2\/tags?post=1811"}],"curies":[{"name":"wp","href":"https:\/\/api.w.org\/{rel}","templated":true}]}}