{"id":1949,"date":"2014-05-15T11:40:37","date_gmt":"2014-05-15T09:40:37","guid":{"rendered":"http:\/\/www.elternforen.com\/Blog\/?p=1949"},"modified":"2024-05-23T14:45:51","modified_gmt":"2024-05-23T12:45:51","slug":"individuelle-kindermoebel-1949","status":"publish","type":"post","link":"https:\/\/www.elternforen.com\/Blog\/individuelle-kindermoebel-1949\/","title":{"rendered":"Individuelle Kinderm\u00f6bel"},"content":{"rendered":"ANZEIGE - <p>Das Einrichten des Kinderzimmers geh\u00f6rt mit zu den sch\u00f6nsten Aufgaben f\u00fcr (werdende) Eltern. Wichtiger Bestandteil sind dabei nat\u00fcrlich die Kinderm\u00f6bel. Sie m\u00fcssen nicht nur optisch ansprechend sein, sondern sich auch im Alltag als praktisch erweisen.<\/p>\n<p><strong>Passgenaue L\u00f6sungen f\u00fcr schwierige R\u00e4ume<\/strong><\/p>\n<p>Ein Baby- oder Kinderbett, ein Kleiderschrank und eine Wickelkommode geh\u00f6ren zur Grundausstattung eines jeden Kinderzimmers. Doch nicht immer ist der Grundriss des Zimmers ideal und so kann es vorkommen, das M\u00f6bel aus dem SB-Markt oder der g\u00e4ngigen M\u00f6belh\u00e4user nicht optimal integrierbar sind. Die L\u00f6sung: <a href=\"https:\/\/www.meine-moebelmanufaktur.de\/kindermoebel\/\">Kinderm\u00f6bel nach Ma\u00df<\/a>. Egal ob Dachschr\u00e4gen zu ber\u00fccksichtigen sind\u201c oder die Stellfl\u00e4che f\u00fcr einen herk\u00f6mmlichen Kleiderschrank nicht tief genug ist \u2013 mit individuellen M\u00f6beln ist es m\u00f6glich, aus jedem Raum ein traumhaftes Kinderzimmer zu gestalten.<\/p>\n<p><strong>Hochwertige und durchdachte M\u00f6bel<\/strong><\/p>\n<p>F\u00fcr individuell angepasste Kinderm\u00f6bel spricht auch die Tatsache, dass die herk\u00f6mmlichen M\u00f6bel f\u00fcr die Kleinen meist nicht besonders alltagstauglich sind. Was n\u00fctzt die sch\u00f6nste Kommode, wenn f\u00fcr ein 2-j\u00e4hriges Kind die Schubk\u00e4sten zu hoch angebracht sind? Oder eine Wickelkommode, welche sich nicht umbauen l\u00e4sst? <a href=\"https:\/\/www.meine-moebelmanufaktur.de\">Meine M\u00f6belmanufaktur<\/a> fertigt mitten im Herzen von Baden-W\u00fcrttemberg Qualit\u00e4tsm\u00f6bel Made in Germany\u201c &#8211; ganz individuell auf die r\u00e4umlichen Gegebenheiten und die pers\u00f6nlichen W\u00fcnsche abgestimmt. Eltern sch\u00e4tzen diese Tatsache, denn Kinderzimmerm\u00f6bel sollen den Nachwuchs im Idealfall \u00fcber viele Jahre hinweg begleiten. Das wird nur mit durchdachten L\u00f6sungen erreicht. Mit M\u00f6belst\u00fccken, welche sich mit wenigen Handgriffen umbauen lassen, die <a href=\"http:\/\/www.elternforen.com\/Fachinformationen\/Babyzimmer-Kinderzimmer.htm\">aus einem Babyzimmer ein Kinderzimmer<\/a> machen und ganz nebenbei noch zu <a href=\"http:\/\/www.familienbande24.de\/unterhaltung\/spiele\/draussen-drinnen\/drinnen\/kreative-spiele.html\">kreativen Spielideen<\/a> einladen.<\/p>\n<p><strong>Sicherheit: aber sicher!<\/strong><\/p>\n<p>Die \u00fcber 30 Mitarbeiter der M\u00f6belmanufaktur in K\u00f6ngen wissen, worauf es bei Kinderm\u00f6beln ankommt. Besonders an scharfen Kanten, an Griffen oder spitzen Ecken verletzen sich Kinder immer wieder. Daher wird bei der Produktion dieser M\u00f6belst\u00fccke gern auf die TIP-ON-Technik zur\u00fcckgegriffen, welche es erlaubt, T\u00fcren und Schubk\u00e4sten auch ohne Griffe zu \u00f6ffnen. Zudem sorgt eine abgerundete ABS-Sicherheitskante daf\u00fcr, das Verletzungsrisiko deutlich zu minimieren.<\/p>\n<p>Individuelle M\u00f6bel vom Fachmann \u2013 f\u00fcr ein sch\u00f6nes Kinderzimmer!<\/p>\n<p>Foto: (c)\u201c<span style=\"color: #4b4b4b;\">meine m\u00f6belmanufaktur &#8211; Fotograf: \u201cTom B\u00e4ssler<\/span><\/p>\n","protected":false},"excerpt":{"rendered":"<p>ANZEIGE &#8211; Das Einrichten des Kinderzimmers geh\u00f6rt mit zu den sch\u00f6nsten Aufgaben f\u00fcr (werdende) Eltern. Wichtiger Bestandteil sind dabei nat\u00fcrlich die Kinderm\u00f6bel. Sie m\u00fcssen nicht nur optisch ansprechend sein, sondern sich auch im Alltag als praktisch erweisen. Passgenaue L\u00f6sungen f\u00fcr schwierige R\u00e4ume Ein Baby- oder Kinderbett, ein Kleiderschrank und eine Wickelkommode geh\u00f6ren zur Grundausstattung eines [&hellip;]<\/p>\n","protected":false},"author":72,"featured_media":10436,"comment_status":"closed","ping_status":"closed","sticky":false,"template":"","format":"standard","meta":{"_acf_changed":false,"ep_exclude_from_search":false,"_jetpack_memberships_contains_paid_content":false,"footnotes":""},"categories":[13],"tags":[],"class_list":["post-1949","post","type-post","status-publish","format-standard","has-post-thumbnail","hentry","category-freizeit-und-hobby"],"acf":[],"yoast_head":"<!-- This site is optimized with the Yoast SEO plugin v27.5 - https:\/\/yoast.com\/product\/yoast-seo-wordpress\/ -->\n<title>Individuelle Kinderm\u00f6bel - elternforen.com - Ratgeber-Magazin<\/title>\n<meta name=\"robots\" content=\"index, follow, max-snippet:-1, max-image-preview:large, max-video-preview:-1\" \/>\n<link rel=\"canonical\" href=\"https:\/\/www.elternforen.com\/Blog\/individuelle-kindermoebel-1949\/\" \/>\n<meta property=\"og:locale\" content=\"de_DE\" \/>\n<meta property=\"og:type\" content=\"article\" \/>\n<meta property=\"og:title\" content=\"Individuelle Kinderm\u00f6bel - elternforen.com - Ratgeber-Magazin\" \/>\n<meta property=\"og:description\" content=\"ANZEIGE - Das Einrichten des Kinderzimmers geh\u00f6rt mit zu den sch\u00f6nsten Aufgaben f\u00fcr (werdende) Eltern. Wichtiger Bestandteil sind dabei nat\u00fcrlich die Kinderm\u00f6bel. Sie m\u00fcssen nicht nur optisch ansprechend sein, sondern sich auch im Alltag als praktisch erweisen. Passgenaue L\u00f6sungen f\u00fcr schwierige R\u00e4ume Ein Baby- oder Kinderbett, ein Kleiderschrank und eine Wickelkommode geh\u00f6ren zur Grundausstattung eines [&hellip;]\" \/>\n<meta property=\"og:url\" content=\"https:\/\/www.elternforen.com\/Blog\/individuelle-kindermoebel-1949\/\" \/>\n<meta property=\"og:site_name\" content=\"elternforen.com - Ratgeber-Magazin\" \/>\n<meta property=\"article:published_time\" content=\"2014-05-15T09:40:37+00:00\" \/>\n<meta property=\"article:modified_time\" content=\"2024-05-23T12:45:51+00:00\" \/>\n<meta property=\"og:image\" content=\"https:\/\/www.elternforen.com\/Blog\/wp-content\/uploads\/2014\/05\/kindermoebel-unsplash-scaled.jpg\" \/>\n\t<meta property=\"og:image:width\" content=\"1920\" \/>\n\t<meta property=\"og:image:height\" content=\"2560\" \/>\n\t<meta property=\"og:image:type\" content=\"image\/jpeg\" \/>\n<meta name=\"author\" content=\"Christian Lahl\" \/>\n<meta name=\"twitter:card\" content=\"summary_large_image\" \/>\n<meta name=\"twitter:label1\" content=\"Verfasst von\" \/>\n\t<meta name=\"twitter:data1\" content=\"Christian Lahl\" \/>\n\t<meta name=\"twitter:label2\" content=\"Gesch\u00e4tzte Lesezeit\" \/>\n\t<meta name=\"twitter:data2\" content=\"2\u00a0Minuten\" \/>\n<script type=\"application\/ld+json\" class=\"yoast-schema-graph\">{\"@context\":\"https:\\\/\\\/schema.org\",\"@graph\":[{\"@type\":\"Article\",\"@id\":\"https:\\\/\\\/www.elternforen.com\\\/Blog\\\/individuelle-kindermoebel-1949\\\/#article\",\"isPartOf\":{\"@id\":\"https:\\\/\\\/www.elternforen.com\\\/Blog\\\/individuelle-kindermoebel-1949\\\/\"},\"author\":{\"name\":\"Christian Lahl\",\"@id\":\"https:\\\/\\\/www.elternforen.com\\\/Blog\\\/#\\\/schema\\\/person\\\/ccc006bc75f22e969baf5a216e09bbaa\"},\"headline\":\"Individuelle Kinderm\u00f6bel\",\"datePublished\":\"2014-05-15T09:40:37+00:00\",\"dateModified\":\"2024-05-23T12:45:51+00:00\",\"mainEntityOfPage\":{\"@id\":\"https:\\\/\\\/www.elternforen.com\\\/Blog\\\/individuelle-kindermoebel-1949\\\/\"},\"wordCount\":381,\"image\":{\"@id\":\"https:\\\/\\\/www.elternforen.com\\\/Blog\\\/individuelle-kindermoebel-1949\\\/#primaryimage\"},\"thumbnailUrl\":\"https:\\\/\\\/www.elternforen.com\\\/Blog\\\/wp-content\\\/uploads\\\/2014\\\/05\\\/kindermoebel-unsplash-scaled.jpg\",\"articleSection\":[\"Freizeit und Hobby\"],\"inLanguage\":\"de\"},{\"@type\":\"WebPage\",\"@id\":\"https:\\\/\\\/www.elternforen.com\\\/Blog\\\/individuelle-kindermoebel-1949\\\/\",\"url\":\"https:\\\/\\\/www.elternforen.com\\\/Blog\\\/individuelle-kindermoebel-1949\\\/\",\"name\":\"Individuelle Kinderm\u00f6bel - elternforen.com - Ratgeber-Magazin\",\"isPartOf\":{\"@id\":\"https:\\\/\\\/www.elternforen.com\\\/Blog\\\/#website\"},\"primaryImageOfPage\":{\"@id\":\"https:\\\/\\\/www.elternforen.com\\\/Blog\\\/individuelle-kindermoebel-1949\\\/#primaryimage\"},\"image\":{\"@id\":\"https:\\\/\\\/www.elternforen.com\\\/Blog\\\/individuelle-kindermoebel-1949\\\/#primaryimage\"},\"thumbnailUrl\":\"https:\\\/\\\/www.elternforen.com\\\/Blog\\\/wp-content\\\/uploads\\\/2014\\\/05\\\/kindermoebel-unsplash-scaled.jpg\",\"datePublished\":\"2014-05-15T09:40:37+00:00\",\"dateModified\":\"2024-05-23T12:45:51+00:00\",\"author\":{\"@id\":\"https:\\\/\\\/www.elternforen.com\\\/Blog\\\/#\\\/schema\\\/person\\\/ccc006bc75f22e969baf5a216e09bbaa\"},\"breadcrumb\":{\"@id\":\"https:\\\/\\\/www.elternforen.com\\\/Blog\\\/individuelle-kindermoebel-1949\\\/#breadcrumb\"},\"inLanguage\":\"de\",\"potentialAction\":[{\"@type\":\"ReadAction\",\"target\":[\"https:\\\/\\\/www.elternforen.com\\\/Blog\\\/individuelle-kindermoebel-1949\\\/\"]}]},{\"@type\":\"ImageObject\",\"inLanguage\":\"de\",\"@id\":\"https:\\\/\\\/www.elternforen.com\\\/Blog\\\/individuelle-kindermoebel-1949\\\/#primaryimage\",\"url\":\"https:\\\/\\\/www.elternforen.com\\\/Blog\\\/wp-content\\\/uploads\\\/2014\\\/05\\\/kindermoebel-unsplash-scaled.jpg\",\"contentUrl\":\"https:\\\/\\\/www.elternforen.com\\\/Blog\\\/wp-content\\\/uploads\\\/2014\\\/05\\\/kindermoebel-unsplash-scaled.jpg\",\"width\":1920,\"height\":2560,\"caption\":\"Kinderm\u00f6bel, Bild: unsplash\"},{\"@type\":\"BreadcrumbList\",\"@id\":\"https:\\\/\\\/www.elternforen.com\\\/Blog\\\/individuelle-kindermoebel-1949\\\/#breadcrumb\",\"itemListElement\":[{\"@type\":\"ListItem\",\"position\":1,\"name\":\"Home\",\"item\":\"https:\\\/\\\/www.elternforen.com\\\/Blog\\\/\"},{\"@type\":\"ListItem\",\"position\":2,\"name\":\"Individuelle Kinderm\u00f6bel\"}]},{\"@type\":\"WebSite\",\"@id\":\"https:\\\/\\\/www.elternforen.com\\\/Blog\\\/#website\",\"url\":\"https:\\\/\\\/www.elternforen.com\\\/Blog\\\/\",\"name\":\"elternforen.com - Ratgeber-Magazin\",\"description\":\"Der Blog \u00fcber Familie, Schwangerschaft, Babys und Kinder\",\"potentialAction\":[{\"@type\":\"SearchAction\",\"target\":{\"@type\":\"EntryPoint\",\"urlTemplate\":\"https:\\\/\\\/www.elternforen.com\\\/Blog\\\/?s={search_term_string}\"},\"query-input\":{\"@type\":\"PropertyValueSpecification\",\"valueRequired\":true,\"valueName\":\"search_term_string\"}}],\"inLanguage\":\"de\"},{\"@type\":\"Person\",\"@id\":\"https:\\\/\\\/www.elternforen.com\\\/Blog\\\/#\\\/schema\\\/person\\\/ccc006bc75f22e969baf5a216e09bbaa\",\"name\":\"Christian Lahl\",\"url\":\"https:\\\/\\\/www.elternforen.com\\\/Blog\\\/author\\\/christian-lahl\\\/\"}]}<\/script>\n<!-- \/ Yoast SEO plugin. -->","yoast_head_json":{"title":"Individuelle Kinderm\u00f6bel - elternforen.com - Ratgeber-Magazin","robots":{"index":"index","follow":"follow","max-snippet":"max-snippet:-1","max-image-preview":"max-image-preview:large","max-video-preview":"max-video-preview:-1"},"canonical":"https:\/\/www.elternforen.com\/Blog\/individuelle-kindermoebel-1949\/","og_locale":"de_DE","og_type":"article","og_title":"Individuelle Kinderm\u00f6bel - elternforen.com - Ratgeber-Magazin","og_description":"ANZEIGE - Das Einrichten des Kinderzimmers geh\u00f6rt mit zu den sch\u00f6nsten Aufgaben f\u00fcr (werdende) Eltern. Wichtiger Bestandteil sind dabei nat\u00fcrlich die Kinderm\u00f6bel. Sie m\u00fcssen nicht nur optisch ansprechend sein, sondern sich auch im Alltag als praktisch erweisen. Passgenaue L\u00f6sungen f\u00fcr schwierige R\u00e4ume Ein Baby- oder Kinderbett, ein Kleiderschrank und eine Wickelkommode geh\u00f6ren zur Grundausstattung eines [&hellip;]","og_url":"https:\/\/www.elternforen.com\/Blog\/individuelle-kindermoebel-1949\/","og_site_name":"elternforen.com - Ratgeber-Magazin","article_published_time":"2014-05-15T09:40:37+00:00","article_modified_time":"2024-05-23T12:45:51+00:00","og_image":[{"width":1920,"height":2560,"url":"https:\/\/www.elternforen.com\/Blog\/wp-content\/uploads\/2014\/05\/kindermoebel-unsplash-scaled.jpg","type":"image\/jpeg"}],"author":"Christian Lahl","twitter_card":"summary_large_image","twitter_misc":{"Verfasst von":"Christian Lahl","Gesch\u00e4tzte Lesezeit":"2\u00a0Minuten"},"schema":{"@context":"https:\/\/schema.org","@graph":[{"@type":"Article","@id":"https:\/\/www.elternforen.com\/Blog\/individuelle-kindermoebel-1949\/#article","isPartOf":{"@id":"https:\/\/www.elternforen.com\/Blog\/individuelle-kindermoebel-1949\/"},"author":{"name":"Christian Lahl","@id":"https:\/\/www.elternforen.com\/Blog\/#\/schema\/person\/ccc006bc75f22e969baf5a216e09bbaa"},"headline":"Individuelle Kinderm\u00f6bel","datePublished":"2014-05-15T09:40:37+00:00","dateModified":"2024-05-23T12:45:51+00:00","mainEntityOfPage":{"@id":"https:\/\/www.elternforen.com\/Blog\/individuelle-kindermoebel-1949\/"},"wordCount":381,"image":{"@id":"https:\/\/www.elternforen.com\/Blog\/individuelle-kindermoebel-1949\/#primaryimage"},"thumbnailUrl":"https:\/\/www.elternforen.com\/Blog\/wp-content\/uploads\/2014\/05\/kindermoebel-unsplash-scaled.jpg","articleSection":["Freizeit und Hobby"],"inLanguage":"de"},{"@type":"WebPage","@id":"https:\/\/www.elternforen.com\/Blog\/individuelle-kindermoebel-1949\/","url":"https:\/\/www.elternforen.com\/Blog\/individuelle-kindermoebel-1949\/","name":"Individuelle Kinderm\u00f6bel - elternforen.com - Ratgeber-Magazin","isPartOf":{"@id":"https:\/\/www.elternforen.com\/Blog\/#website"},"primaryImageOfPage":{"@id":"https:\/\/www.elternforen.com\/Blog\/individuelle-kindermoebel-1949\/#primaryimage"},"image":{"@id":"https:\/\/www.elternforen.com\/Blog\/individuelle-kindermoebel-1949\/#primaryimage"},"thumbnailUrl":"https:\/\/www.elternforen.com\/Blog\/wp-content\/uploads\/2014\/05\/kindermoebel-unsplash-scaled.jpg","datePublished":"2014-05-15T09:40:37+00:00","dateModified":"2024-05-23T12:45:51+00:00","author":{"@id":"https:\/\/www.elternforen.com\/Blog\/#\/schema\/person\/ccc006bc75f22e969baf5a216e09bbaa"},"breadcrumb":{"@id":"https:\/\/www.elternforen.com\/Blog\/individuelle-kindermoebel-1949\/#breadcrumb"},"inLanguage":"de","potentialAction":[{"@type":"ReadAction","target":["https:\/\/www.elternforen.com\/Blog\/individuelle-kindermoebel-1949\/"]}]},{"@type":"ImageObject","inLanguage":"de","@id":"https:\/\/www.elternforen.com\/Blog\/individuelle-kindermoebel-1949\/#primaryimage","url":"https:\/\/www.elternforen.com\/Blog\/wp-content\/uploads\/2014\/05\/kindermoebel-unsplash-scaled.jpg","contentUrl":"https:\/\/www.elternforen.com\/Blog\/wp-content\/uploads\/2014\/05\/kindermoebel-unsplash-scaled.jpg","width":1920,"height":2560,"caption":"Kinderm\u00f6bel, Bild: unsplash"},{"@type":"BreadcrumbList","@id":"https:\/\/www.elternforen.com\/Blog\/individuelle-kindermoebel-1949\/#breadcrumb","itemListElement":[{"@type":"ListItem","position":1,"name":"Home","item":"https:\/\/www.elternforen.com\/Blog\/"},{"@type":"ListItem","position":2,"name":"Individuelle Kinderm\u00f6bel"}]},{"@type":"WebSite","@id":"https:\/\/www.elternforen.com\/Blog\/#website","url":"https:\/\/www.elternforen.com\/Blog\/","name":"elternforen.com - Ratgeber-Magazin","description":"Der Blog \u00fcber Familie, Schwangerschaft, Babys und Kinder","potentialAction":[{"@type":"SearchAction","target":{"@type":"EntryPoint","urlTemplate":"https:\/\/www.elternforen.com\/Blog\/?s={search_term_string}"},"query-input":{"@type":"PropertyValueSpecification","valueRequired":true,"valueName":"search_term_string"}}],"inLanguage":"de"},{"@type":"Person","@id":"https:\/\/www.elternforen.com\/Blog\/#\/schema\/person\/ccc006bc75f22e969baf5a216e09bbaa","name":"Christian Lahl","url":"https:\/\/www.elternforen.com\/Blog\/author\/christian-lahl\/"}]}},"jetpack_featured_media_url":"https:\/\/www.elternforen.com\/Blog\/wp-content\/uploads\/2014\/05\/kindermoebel-unsplash-scaled.jpg","jetpack_sharing_enabled":true,"_links":{"self":[{"href":"https:\/\/www.elternforen.com\/Blog\/wp-json\/wp\/v2\/posts\/1949","targetHints":{"allow":["GET"]}}],"collection":[{"href":"https:\/\/www.elternforen.com\/Blog\/wp-json\/wp\/v2\/posts"}],"about":[{"href":"https:\/\/www.elternforen.com\/Blog\/wp-json\/wp\/v2\/types\/post"}],"author":[{"embeddable":true,"href":"https:\/\/www.elternforen.com\/Blog\/wp-json\/wp\/v2\/users\/72"}],"replies":[{"embeddable":true,"href":"https:\/\/www.elternforen.com\/Blog\/wp-json\/wp\/v2\/comments?post=1949"}],"version-history":[{"count":7,"href":"https:\/\/www.elternforen.com\/Blog\/wp-json\/wp\/v2\/posts\/1949\/revisions"}],"predecessor-version":[{"id":10444,"href":"https:\/\/www.elternforen.com\/Blog\/wp-json\/wp\/v2\/posts\/1949\/revisions\/10444"}],"wp:featuredmedia":[{"embeddable":true,"href":"https:\/\/www.elternforen.com\/Blog\/wp-json\/wp\/v2\/media\/10436"}],"wp:attachment":[{"href":"https:\/\/www.elternforen.com\/Blog\/wp-json\/wp\/v2\/media?parent=1949"}],"wp:term":[{"taxonomy":"category","embeddable":true,"href":"https:\/\/www.elternforen.com\/Blog\/wp-json\/wp\/v2\/categories?post=1949"},{"taxonomy":"post_tag","embeddable":true,"href":"https:\/\/www.elternforen.com\/Blog\/wp-json\/wp\/v2\/tags?post=1949"}],"curies":[{"name":"wp","href":"https:\/\/api.w.org\/{rel}","templated":true}]}}