{"id":2049,"date":"2014-07-04T12:44:43","date_gmt":"2014-07-04T10:44:43","guid":{"rendered":"http:\/\/www.elternforen.com\/Blog\/?p=2049"},"modified":"2024-05-23T15:32:13","modified_gmt":"2024-05-23T13:32:13","slug":"schoene-erinnerungen-im-fotokalender-festhalten-2049","status":"publish","type":"post","link":"https:\/\/www.elternforen.com\/Blog\/schoene-erinnerungen-im-fotokalender-festhalten-2049\/","title":{"rendered":"Sch\u00f6ne Erinnerungen im Fotokalender festhalten"},"content":{"rendered":"ANZEIGE - <p>Der Nachwuchs bei den ersten Schwimmversuchen, der Urlaub in Schweden oder die eigene Hochzeit \u2013 vieles wird auf Fotos festgehalten. Doch wie schade, wenn die eine oder andere sch\u00f6ne Erinnerung\u201c einfach nur auf der Festplatte liegt oder im Schrank verschwindet. Erstellen Sie doch mal einen ganz individuellen Fotokalender und erfreuen Sie sich so t\u00e4glich an den kleinen und gro\u00dfen Schnappsch\u00fcssen!<\/p>\n<p><strong>Bilder sprechen f\u00fcr sich<\/strong><\/p>\n<p>Mitten im Alltag braucht wohl jeder von uns hin und wieder eine kleine Atempause. Da tut es gut, einfach mal in vergangene Zeiten abzutauchen und sich an Momente zu erinnern, die eine ganz besondere Bedeutung haben. Das m\u00fcssen nicht immer die gro\u00dfen Ereignisse sein, sondern vielfach geht es dabei um die kleinen Dinge, die uns bewegen und welche wir auf Fotos festgehalten haben. Ein Fotokalender auf dem Schreibtisch oder ein Wandkalender im Flur kann dann ein wertvoller Blickfang sein, der uns ein L\u00e4cheln aufs Gesicht zaubert oder uns einfach nur tr\u00e4umen l\u00e4sst. Warum also nicht einmal einen ganz pers\u00f6nlichen Kalender erstellen? Dies ist gar nicht so schwierig und auch f\u00fcr Laien leicht zu realisieren!<\/p>\n<p><strong>Fotokalender ganz einfach selbst erstellen<\/strong><\/p>\n<p>Ganz bequem l\u00e4sst sich ein Fotokalender von zuhause aus mit Hilfe einer passenden Internetplattform gestalten. Einfach und selbsterkl\u00e4rend wird hier der Nutzer Schritt f\u00fcr Schritt bei der Erstellung des eigenen Kalenders begleitet. Steht sowohl der Kalendertyp (Wochen-, Monats-, Jahreskalender, Wandkalender, Tischkalender etc.), das Format als auch die Anzahl der Seiten fest, so geht es an die wohl schwierigste Aufgabe: die Auswahl der Fotos. Besonders stimmig wirkt der Kalender, wenn diese zur jeweiligen Jahreszeit passen. Nachdem der Druckauftrag abgeschickt wurde, hei\u00dft es nur noch ein wenig Geduld zu haben. Schon bald wird der fertige Fotokalender in exzellenter Druckqualit\u00e4t und hochwertiger Verarbeitung direkt zu Ihnen ins Haus kommen.<\/p>\n<p>Ein Fotokalender ist immer eine sch\u00f6ne Idee \u2013 egal ob f\u00fcr die eigenen vier W\u00e4nde, f\u00fcr den Arbeitsplatz oder als nettes Mitbringsel f\u00fcr Freunde oder Verwandte.<\/p>\n","protected":false},"excerpt":{"rendered":"<p>ANZEIGE &#8211; Der Nachwuchs bei den ersten Schwimmversuchen, der Urlaub in Schweden oder die eigene Hochzeit \u2013 vieles wird auf Fotos festgehalten. Doch wie schade, wenn die eine oder andere sch\u00f6ne Erinnerung\u201c einfach nur auf der Festplatte liegt oder im Schrank verschwindet. Erstellen Sie doch mal einen ganz individuellen Fotokalender und erfreuen Sie sich so [&hellip;]<\/p>\n","protected":false},"author":72,"featured_media":10484,"comment_status":"closed","ping_status":"closed","sticky":false,"template":"","format":"standard","meta":{"_acf_changed":false,"ep_exclude_from_search":false,"_jetpack_memberships_contains_paid_content":false,"footnotes":""},"categories":[13],"tags":[],"class_list":["post-2049","post","type-post","status-publish","format-standard","has-post-thumbnail","hentry","category-freizeit-und-hobby"],"acf":[],"yoast_head":"<!-- This site is optimized with the Yoast SEO plugin v27.5 - https:\/\/yoast.com\/product\/yoast-seo-wordpress\/ -->\n<title>Sch\u00f6ne Erinnerungen im Fotokalender festhalten - elternforen.com - Ratgeber-Magazin<\/title>\n<meta name=\"robots\" content=\"index, follow, max-snippet:-1, max-image-preview:large, max-video-preview:-1\" \/>\n<link rel=\"canonical\" href=\"https:\/\/www.elternforen.com\/Blog\/schoene-erinnerungen-im-fotokalender-festhalten-2049\/\" \/>\n<meta property=\"og:locale\" content=\"de_DE\" \/>\n<meta property=\"og:type\" content=\"article\" \/>\n<meta property=\"og:title\" content=\"Sch\u00f6ne Erinnerungen im Fotokalender festhalten - elternforen.com - Ratgeber-Magazin\" \/>\n<meta property=\"og:description\" content=\"ANZEIGE - Der Nachwuchs bei den ersten Schwimmversuchen, der Urlaub in Schweden oder die eigene Hochzeit \u2013 vieles wird auf Fotos festgehalten. Doch wie schade, wenn die eine oder andere sch\u00f6ne Erinnerung\u201c einfach nur auf der Festplatte liegt oder im Schrank verschwindet. Erstellen Sie doch mal einen ganz individuellen Fotokalender und erfreuen Sie sich so [&hellip;]\" \/>\n<meta property=\"og:url\" content=\"https:\/\/www.elternforen.com\/Blog\/schoene-erinnerungen-im-fotokalender-festhalten-2049\/\" \/>\n<meta property=\"og:site_name\" content=\"elternforen.com - Ratgeber-Magazin\" \/>\n<meta property=\"article:published_time\" content=\"2014-07-04T10:44:43+00:00\" \/>\n<meta property=\"article:modified_time\" content=\"2024-05-23T13:32:13+00:00\" \/>\n<meta property=\"og:image\" content=\"https:\/\/www.elternforen.com\/Blog\/wp-content\/uploads\/2014\/07\/fotos-unsplash-scaled.jpg\" \/>\n\t<meta property=\"og:image:width\" content=\"2560\" \/>\n\t<meta property=\"og:image:height\" content=\"1618\" \/>\n\t<meta property=\"og:image:type\" content=\"image\/jpeg\" \/>\n<meta name=\"author\" content=\"Christian Lahl\" \/>\n<meta name=\"twitter:card\" content=\"summary_large_image\" \/>\n<meta name=\"twitter:label1\" content=\"Verfasst von\" \/>\n\t<meta name=\"twitter:data1\" content=\"Christian Lahl\" \/>\n\t<meta name=\"twitter:label2\" content=\"Gesch\u00e4tzte Lesezeit\" \/>\n\t<meta name=\"twitter:data2\" content=\"2\u00a0Minuten\" \/>\n<script type=\"application\/ld+json\" class=\"yoast-schema-graph\">{\"@context\":\"https:\\\/\\\/schema.org\",\"@graph\":[{\"@type\":\"Article\",\"@id\":\"https:\\\/\\\/www.elternforen.com\\\/Blog\\\/schoene-erinnerungen-im-fotokalender-festhalten-2049\\\/#article\",\"isPartOf\":{\"@id\":\"https:\\\/\\\/www.elternforen.com\\\/Blog\\\/schoene-erinnerungen-im-fotokalender-festhalten-2049\\\/\"},\"author\":{\"name\":\"Christian Lahl\",\"@id\":\"https:\\\/\\\/www.elternforen.com\\\/Blog\\\/#\\\/schema\\\/person\\\/ccc006bc75f22e969baf5a216e09bbaa\"},\"headline\":\"Sch\u00f6ne Erinnerungen im Fotokalender festhalten\",\"datePublished\":\"2014-07-04T10:44:43+00:00\",\"dateModified\":\"2024-05-23T13:32:13+00:00\",\"mainEntityOfPage\":{\"@id\":\"https:\\\/\\\/www.elternforen.com\\\/Blog\\\/schoene-erinnerungen-im-fotokalender-festhalten-2049\\\/\"},\"wordCount\":341,\"image\":{\"@id\":\"https:\\\/\\\/www.elternforen.com\\\/Blog\\\/schoene-erinnerungen-im-fotokalender-festhalten-2049\\\/#primaryimage\"},\"thumbnailUrl\":\"https:\\\/\\\/www.elternforen.com\\\/Blog\\\/wp-content\\\/uploads\\\/2014\\\/07\\\/fotos-unsplash-scaled.jpg\",\"articleSection\":[\"Freizeit und Hobby\"],\"inLanguage\":\"de\"},{\"@type\":\"WebPage\",\"@id\":\"https:\\\/\\\/www.elternforen.com\\\/Blog\\\/schoene-erinnerungen-im-fotokalender-festhalten-2049\\\/\",\"url\":\"https:\\\/\\\/www.elternforen.com\\\/Blog\\\/schoene-erinnerungen-im-fotokalender-festhalten-2049\\\/\",\"name\":\"Sch\u00f6ne Erinnerungen im Fotokalender festhalten - elternforen.com - Ratgeber-Magazin\",\"isPartOf\":{\"@id\":\"https:\\\/\\\/www.elternforen.com\\\/Blog\\\/#website\"},\"primaryImageOfPage\":{\"@id\":\"https:\\\/\\\/www.elternforen.com\\\/Blog\\\/schoene-erinnerungen-im-fotokalender-festhalten-2049\\\/#primaryimage\"},\"image\":{\"@id\":\"https:\\\/\\\/www.elternforen.com\\\/Blog\\\/schoene-erinnerungen-im-fotokalender-festhalten-2049\\\/#primaryimage\"},\"thumbnailUrl\":\"https:\\\/\\\/www.elternforen.com\\\/Blog\\\/wp-content\\\/uploads\\\/2014\\\/07\\\/fotos-unsplash-scaled.jpg\",\"datePublished\":\"2014-07-04T10:44:43+00:00\",\"dateModified\":\"2024-05-23T13:32:13+00:00\",\"author\":{\"@id\":\"https:\\\/\\\/www.elternforen.com\\\/Blog\\\/#\\\/schema\\\/person\\\/ccc006bc75f22e969baf5a216e09bbaa\"},\"breadcrumb\":{\"@id\":\"https:\\\/\\\/www.elternforen.com\\\/Blog\\\/schoene-erinnerungen-im-fotokalender-festhalten-2049\\\/#breadcrumb\"},\"inLanguage\":\"de\",\"potentialAction\":[{\"@type\":\"ReadAction\",\"target\":[\"https:\\\/\\\/www.elternforen.com\\\/Blog\\\/schoene-erinnerungen-im-fotokalender-festhalten-2049\\\/\"]}]},{\"@type\":\"ImageObject\",\"inLanguage\":\"de\",\"@id\":\"https:\\\/\\\/www.elternforen.com\\\/Blog\\\/schoene-erinnerungen-im-fotokalender-festhalten-2049\\\/#primaryimage\",\"url\":\"https:\\\/\\\/www.elternforen.com\\\/Blog\\\/wp-content\\\/uploads\\\/2014\\\/07\\\/fotos-unsplash-scaled.jpg\",\"contentUrl\":\"https:\\\/\\\/www.elternforen.com\\\/Blog\\\/wp-content\\\/uploads\\\/2014\\\/07\\\/fotos-unsplash-scaled.jpg\",\"width\":2560,\"height\":1618,\"caption\":\"Fotos, Bild: unsplash\"},{\"@type\":\"BreadcrumbList\",\"@id\":\"https:\\\/\\\/www.elternforen.com\\\/Blog\\\/schoene-erinnerungen-im-fotokalender-festhalten-2049\\\/#breadcrumb\",\"itemListElement\":[{\"@type\":\"ListItem\",\"position\":1,\"name\":\"Home\",\"item\":\"https:\\\/\\\/www.elternforen.com\\\/Blog\\\/\"},{\"@type\":\"ListItem\",\"position\":2,\"name\":\"Sch\u00f6ne Erinnerungen im Fotokalender festhalten\"}]},{\"@type\":\"WebSite\",\"@id\":\"https:\\\/\\\/www.elternforen.com\\\/Blog\\\/#website\",\"url\":\"https:\\\/\\\/www.elternforen.com\\\/Blog\\\/\",\"name\":\"elternforen.com - Ratgeber-Magazin\",\"description\":\"Der Blog \u00fcber Familie, Schwangerschaft, Babys und Kinder\",\"potentialAction\":[{\"@type\":\"SearchAction\",\"target\":{\"@type\":\"EntryPoint\",\"urlTemplate\":\"https:\\\/\\\/www.elternforen.com\\\/Blog\\\/?s={search_term_string}\"},\"query-input\":{\"@type\":\"PropertyValueSpecification\",\"valueRequired\":true,\"valueName\":\"search_term_string\"}}],\"inLanguage\":\"de\"},{\"@type\":\"Person\",\"@id\":\"https:\\\/\\\/www.elternforen.com\\\/Blog\\\/#\\\/schema\\\/person\\\/ccc006bc75f22e969baf5a216e09bbaa\",\"name\":\"Christian Lahl\",\"url\":\"https:\\\/\\\/www.elternforen.com\\\/Blog\\\/author\\\/christian-lahl\\\/\"}]}<\/script>\n<!-- \/ Yoast SEO plugin. -->","yoast_head_json":{"title":"Sch\u00f6ne Erinnerungen im Fotokalender festhalten - elternforen.com - Ratgeber-Magazin","robots":{"index":"index","follow":"follow","max-snippet":"max-snippet:-1","max-image-preview":"max-image-preview:large","max-video-preview":"max-video-preview:-1"},"canonical":"https:\/\/www.elternforen.com\/Blog\/schoene-erinnerungen-im-fotokalender-festhalten-2049\/","og_locale":"de_DE","og_type":"article","og_title":"Sch\u00f6ne Erinnerungen im Fotokalender festhalten - elternforen.com - Ratgeber-Magazin","og_description":"ANZEIGE - Der Nachwuchs bei den ersten Schwimmversuchen, der Urlaub in Schweden oder die eigene Hochzeit \u2013 vieles wird auf Fotos festgehalten. Doch wie schade, wenn die eine oder andere sch\u00f6ne Erinnerung\u201c einfach nur auf der Festplatte liegt oder im Schrank verschwindet. Erstellen Sie doch mal einen ganz individuellen Fotokalender und erfreuen Sie sich so [&hellip;]","og_url":"https:\/\/www.elternforen.com\/Blog\/schoene-erinnerungen-im-fotokalender-festhalten-2049\/","og_site_name":"elternforen.com - Ratgeber-Magazin","article_published_time":"2014-07-04T10:44:43+00:00","article_modified_time":"2024-05-23T13:32:13+00:00","og_image":[{"width":2560,"height":1618,"url":"https:\/\/www.elternforen.com\/Blog\/wp-content\/uploads\/2014\/07\/fotos-unsplash-scaled.jpg","type":"image\/jpeg"}],"author":"Christian Lahl","twitter_card":"summary_large_image","twitter_misc":{"Verfasst von":"Christian Lahl","Gesch\u00e4tzte Lesezeit":"2\u00a0Minuten"},"schema":{"@context":"https:\/\/schema.org","@graph":[{"@type":"Article","@id":"https:\/\/www.elternforen.com\/Blog\/schoene-erinnerungen-im-fotokalender-festhalten-2049\/#article","isPartOf":{"@id":"https:\/\/www.elternforen.com\/Blog\/schoene-erinnerungen-im-fotokalender-festhalten-2049\/"},"author":{"name":"Christian Lahl","@id":"https:\/\/www.elternforen.com\/Blog\/#\/schema\/person\/ccc006bc75f22e969baf5a216e09bbaa"},"headline":"Sch\u00f6ne Erinnerungen im Fotokalender festhalten","datePublished":"2014-07-04T10:44:43+00:00","dateModified":"2024-05-23T13:32:13+00:00","mainEntityOfPage":{"@id":"https:\/\/www.elternforen.com\/Blog\/schoene-erinnerungen-im-fotokalender-festhalten-2049\/"},"wordCount":341,"image":{"@id":"https:\/\/www.elternforen.com\/Blog\/schoene-erinnerungen-im-fotokalender-festhalten-2049\/#primaryimage"},"thumbnailUrl":"https:\/\/www.elternforen.com\/Blog\/wp-content\/uploads\/2014\/07\/fotos-unsplash-scaled.jpg","articleSection":["Freizeit und Hobby"],"inLanguage":"de"},{"@type":"WebPage","@id":"https:\/\/www.elternforen.com\/Blog\/schoene-erinnerungen-im-fotokalender-festhalten-2049\/","url":"https:\/\/www.elternforen.com\/Blog\/schoene-erinnerungen-im-fotokalender-festhalten-2049\/","name":"Sch\u00f6ne Erinnerungen im Fotokalender festhalten - elternforen.com - Ratgeber-Magazin","isPartOf":{"@id":"https:\/\/www.elternforen.com\/Blog\/#website"},"primaryImageOfPage":{"@id":"https:\/\/www.elternforen.com\/Blog\/schoene-erinnerungen-im-fotokalender-festhalten-2049\/#primaryimage"},"image":{"@id":"https:\/\/www.elternforen.com\/Blog\/schoene-erinnerungen-im-fotokalender-festhalten-2049\/#primaryimage"},"thumbnailUrl":"https:\/\/www.elternforen.com\/Blog\/wp-content\/uploads\/2014\/07\/fotos-unsplash-scaled.jpg","datePublished":"2014-07-04T10:44:43+00:00","dateModified":"2024-05-23T13:32:13+00:00","author":{"@id":"https:\/\/www.elternforen.com\/Blog\/#\/schema\/person\/ccc006bc75f22e969baf5a216e09bbaa"},"breadcrumb":{"@id":"https:\/\/www.elternforen.com\/Blog\/schoene-erinnerungen-im-fotokalender-festhalten-2049\/#breadcrumb"},"inLanguage":"de","potentialAction":[{"@type":"ReadAction","target":["https:\/\/www.elternforen.com\/Blog\/schoene-erinnerungen-im-fotokalender-festhalten-2049\/"]}]},{"@type":"ImageObject","inLanguage":"de","@id":"https:\/\/www.elternforen.com\/Blog\/schoene-erinnerungen-im-fotokalender-festhalten-2049\/#primaryimage","url":"https:\/\/www.elternforen.com\/Blog\/wp-content\/uploads\/2014\/07\/fotos-unsplash-scaled.jpg","contentUrl":"https:\/\/www.elternforen.com\/Blog\/wp-content\/uploads\/2014\/07\/fotos-unsplash-scaled.jpg","width":2560,"height":1618,"caption":"Fotos, Bild: unsplash"},{"@type":"BreadcrumbList","@id":"https:\/\/www.elternforen.com\/Blog\/schoene-erinnerungen-im-fotokalender-festhalten-2049\/#breadcrumb","itemListElement":[{"@type":"ListItem","position":1,"name":"Home","item":"https:\/\/www.elternforen.com\/Blog\/"},{"@type":"ListItem","position":2,"name":"Sch\u00f6ne Erinnerungen im Fotokalender festhalten"}]},{"@type":"WebSite","@id":"https:\/\/www.elternforen.com\/Blog\/#website","url":"https:\/\/www.elternforen.com\/Blog\/","name":"elternforen.com - Ratgeber-Magazin","description":"Der Blog \u00fcber Familie, Schwangerschaft, Babys und Kinder","potentialAction":[{"@type":"SearchAction","target":{"@type":"EntryPoint","urlTemplate":"https:\/\/www.elternforen.com\/Blog\/?s={search_term_string}"},"query-input":{"@type":"PropertyValueSpecification","valueRequired":true,"valueName":"search_term_string"}}],"inLanguage":"de"},{"@type":"Person","@id":"https:\/\/www.elternforen.com\/Blog\/#\/schema\/person\/ccc006bc75f22e969baf5a216e09bbaa","name":"Christian Lahl","url":"https:\/\/www.elternforen.com\/Blog\/author\/christian-lahl\/"}]}},"jetpack_featured_media_url":"https:\/\/www.elternforen.com\/Blog\/wp-content\/uploads\/2014\/07\/fotos-unsplash-scaled.jpg","jetpack_sharing_enabled":true,"_links":{"self":[{"href":"https:\/\/www.elternforen.com\/Blog\/wp-json\/wp\/v2\/posts\/2049","targetHints":{"allow":["GET"]}}],"collection":[{"href":"https:\/\/www.elternforen.com\/Blog\/wp-json\/wp\/v2\/posts"}],"about":[{"href":"https:\/\/www.elternforen.com\/Blog\/wp-json\/wp\/v2\/types\/post"}],"author":[{"embeddable":true,"href":"https:\/\/www.elternforen.com\/Blog\/wp-json\/wp\/v2\/users\/72"}],"replies":[{"embeddable":true,"href":"https:\/\/www.elternforen.com\/Blog\/wp-json\/wp\/v2\/comments?post=2049"}],"version-history":[{"count":4,"href":"https:\/\/www.elternforen.com\/Blog\/wp-json\/wp\/v2\/posts\/2049\/revisions"}],"predecessor-version":[{"id":10500,"href":"https:\/\/www.elternforen.com\/Blog\/wp-json\/wp\/v2\/posts\/2049\/revisions\/10500"}],"wp:featuredmedia":[{"embeddable":true,"href":"https:\/\/www.elternforen.com\/Blog\/wp-json\/wp\/v2\/media\/10484"}],"wp:attachment":[{"href":"https:\/\/www.elternforen.com\/Blog\/wp-json\/wp\/v2\/media?parent=2049"}],"wp:term":[{"taxonomy":"category","embeddable":true,"href":"https:\/\/www.elternforen.com\/Blog\/wp-json\/wp\/v2\/categories?post=2049"},{"taxonomy":"post_tag","embeddable":true,"href":"https:\/\/www.elternforen.com\/Blog\/wp-json\/wp\/v2\/tags?post=2049"}],"curies":[{"name":"wp","href":"https:\/\/api.w.org\/{rel}","templated":true}]}}