{"id":2328,"date":"2014-10-13T20:54:44","date_gmt":"2014-10-13T18:54:44","guid":{"rendered":"http:\/\/www.elternforen.com\/Blog\/?p=2328"},"modified":"2024-05-24T08:49:26","modified_gmt":"2024-05-24T06:49:26","slug":"mein-kind-ist-krank-und-mag-nichts-essen-was-nun-2328","status":"publish","type":"post","link":"https:\/\/www.elternforen.com\/Blog\/mein-kind-ist-krank-und-mag-nichts-essen-was-nun-2328\/","title":{"rendered":"Mein Kind ist krank und mag nichts essen \u2013 was nun?"},"content":{"rendered":"ANZEIGE - <p>Erkrankt ein Kind, so leiden die Eltern immer gemeinsam mit ihrem Nachwuchs. Mit viel Liebe und F\u00fcrsorge unterst\u00fctzen sie das Kleine bei der Genesung. Dauert die Krankheit jedoch l\u00e4nger an oder ist chronisch, so beobachten Eltern mit Besorgnis die Appetitlosigkeit ihrer Kinder. Nicht selten kommt es bei einer Erkrankung zum Gewichtsverlust beim kleinen Patienten. Ab wann m\u00fcssen Eltern handeln?<\/p>\n<p><strong>\u201eMeine Suppe esse ich nicht, nein, nein, nein!\u201c<\/strong><\/p>\n<p>Verzweifelt versuchen viele Eltern ihrem kranken Kind gesunde Kost anzubieten, wissen sie doch um die Bedeutung der Ern\u00e4hrung bei Krankheit. Die Auswahl der Speisen ist gro\u00df, und dennoch m\u00f6gen die Kleinen nur ungern essen. Doch auch w\u00e4hrend der Genesungszeit ist eine gesunde Ern\u00e4hrung Voraussetzung f\u00fcr das Wachstum und die Entwicklung des Kindes. Sein K\u00f6rper kann darauf nur kurzzeitig verzichten, denn ihre Energie- und Proteinvorr\u00e4te sind vergleichsweise gering. Die Folge: das Kind f\u00fchlt sich schlapp und ohne Antrieb, quengelt und ist weinerlich. Es braucht langfristig Energie, um wieder zu Kr\u00e4ften zu kommen.<\/p>\n<p><strong>Bei leichten Erkrankungen keine Sorge<\/strong><\/p>\n<p>Auch Erwachsene haben bei einem Schnupfen oder grippalem Infekt nur wenig Appetit und k\u00f6nnen daher die Befindlichkeiten ihrer Kinder gut nachvollziehen. In diesen leichten F\u00e4llen reicht es oft aus, auf eine gesunde und leicht verdauliche Kost sowie ausreichend Fl\u00fcssigkeit zur\u00fcckzugreifen. Bei einer akuten oder <a href=\"https:\/\/www.dccv.de\/\">chronischen Erkrankung<\/a> jedoch, k\u00f6nnen die fehlenden N\u00e4hrstoffe ein ernstzunehmendes Risiko darstellen. Nicht nur dass eine Gedeihst\u00f6rung droht, das Risiko von weiteren Erkrankungen durch die geschw\u00e4chte Immunabwehr steigt an. In solchen F\u00e4llen kann eine spezielle Trinknahrung f\u00fcr Kinder ein wichtiger Bestandteil der Genesung des Kindes darstellen. Interessante Hintergrundinformationen finden Sie zum Beispiel auf <a href=\"http:\/\/www.nutrini.de\/\">nutrini.de<\/a>.<\/p>\n<p><strong>Mit viel Geduld und Einf\u00fchlungsverm\u00f6gen das Kind bei der Ern\u00e4hrung unterst\u00fctzen<\/strong><\/p>\n<p>Eine <a href=\"http:\/\/www.elternforen.com\/threads\/gesunde-ernaehrung-5amtag.36682\/\">ausgewogene Ern\u00e4hrung<\/a> w\u00e4hrend der Erkrankung eines Kindes ist f\u00fcr Eltern nicht selten eine Gratwanderung. Ausgewogen soll die Kost sein, gesund und n\u00e4hrstoffreich zugleich. Zu schnell verfallen Eltern in den Irrglauben: Egal welches Nahrungsmittel, Hauptsache mein Kind isst wenigstens irgendetwas. Doch diese oft zu fettreiche und einseitige Ern\u00e4hrung kann langfristig das Wachstum und das Gedeihen des Kindes st\u00f6ren. Im Zweifelsfall raten Experten immer, den Rat eines Arztes hinzuzuziehen. Er kann gemeinsam mit den Eltern eine Strategie entwickeln, Ern\u00e4hrungstipps geben und im Zweifelsfall auch eine Trinknahrung f\u00fcr Kinder verschreiben. Damit wird einer Mangelern\u00e4hrung vorgebeugt und parallel die Abwehrkr\u00e4fte des Kindes gest\u00e4rkt \u2013 beste Voraussetzungen f\u00fcr eine Genesung des kleinen Patienten. Trinknahrungen werden in verschiedenen Geschmacksrichtungen angeboten, die den Vorlieben der Kinder entsprechen. Damit verk\u00fcrzt sich die oft schwierige Zeit des F\u00fctterns des Nachwuchses und freie Kapazit\u00e4ten f\u00fcr pers\u00f6nliche Zuwendungen entstehen.<\/p>\n<p><strong>Fazit:<\/strong> Die Ern\u00e4hrung von erkrankten Kindern gestaltet sich oft kompliziert. Um einer Unterversorgung bei akuten oder chronischen Erkrankungen vorzubeugen, kann die Gabe von Trinknahrung f\u00fcr Kinder unkompliziert und erfolgsversprechend eingesetzt werden.<\/p>\n","protected":false},"excerpt":{"rendered":"<p>ANZEIGE &#8211; Erkrankt ein Kind, so leiden die Eltern immer gemeinsam mit ihrem Nachwuchs. Mit viel Liebe und F\u00fcrsorge unterst\u00fctzen sie das Kleine bei der Genesung. Dauert die Krankheit jedoch l\u00e4nger an oder ist chronisch, so beobachten Eltern mit Besorgnis die Appetitlosigkeit ihrer Kinder. Nicht selten kommt es bei einer Erkrankung zum Gewichtsverlust beim kleinen [&hellip;]<\/p>\n","protected":false},"author":72,"featured_media":10544,"comment_status":"closed","ping_status":"closed","sticky":false,"template":"","format":"standard","meta":{"_acf_changed":false,"ep_exclude_from_search":false,"_jetpack_memberships_contains_paid_content":false,"footnotes":""},"categories":[340],"tags":[],"class_list":["post-2328","post","type-post","status-publish","format-standard","has-post-thumbnail","hentry","category-ernaehrung"],"acf":[],"yoast_head":"<!-- This site is optimized with the Yoast SEO plugin v27.5 - https:\/\/yoast.com\/product\/yoast-seo-wordpress\/ -->\n<title>Mein Kind ist krank und mag nichts essen \u2013 was nun? - elternforen.com - Ratgeber-Magazin<\/title>\n<meta name=\"robots\" content=\"index, follow, max-snippet:-1, max-image-preview:large, max-video-preview:-1\" \/>\n<link rel=\"canonical\" href=\"https:\/\/www.elternforen.com\/Blog\/mein-kind-ist-krank-und-mag-nichts-essen-was-nun-2328\/\" \/>\n<meta property=\"og:locale\" content=\"de_DE\" \/>\n<meta property=\"og:type\" content=\"article\" \/>\n<meta property=\"og:title\" content=\"Mein Kind ist krank und mag nichts essen \u2013 was nun? - elternforen.com - Ratgeber-Magazin\" \/>\n<meta property=\"og:description\" content=\"ANZEIGE - Erkrankt ein Kind, so leiden die Eltern immer gemeinsam mit ihrem Nachwuchs. Mit viel Liebe und F\u00fcrsorge unterst\u00fctzen sie das Kleine bei der Genesung. Dauert die Krankheit jedoch l\u00e4nger an oder ist chronisch, so beobachten Eltern mit Besorgnis die Appetitlosigkeit ihrer Kinder. Nicht selten kommt es bei einer Erkrankung zum Gewichtsverlust beim kleinen [&hellip;]\" \/>\n<meta property=\"og:url\" content=\"https:\/\/www.elternforen.com\/Blog\/mein-kind-ist-krank-und-mag-nichts-essen-was-nun-2328\/\" \/>\n<meta property=\"og:site_name\" content=\"elternforen.com - Ratgeber-Magazin\" \/>\n<meta property=\"article:published_time\" content=\"2014-10-13T18:54:44+00:00\" \/>\n<meta property=\"article:modified_time\" content=\"2024-05-24T06:49:26+00:00\" \/>\n<meta property=\"og:image\" content=\"https:\/\/www.elternforen.com\/Blog\/wp-content\/uploads\/2014\/10\/krankes-kind-unsplash-scaled.jpg\" \/>\n\t<meta property=\"og:image:width\" content=\"2560\" \/>\n\t<meta property=\"og:image:height\" content=\"1707\" \/>\n\t<meta property=\"og:image:type\" content=\"image\/jpeg\" \/>\n<meta name=\"author\" content=\"Christian Lahl\" \/>\n<meta name=\"twitter:card\" content=\"summary_large_image\" \/>\n<meta name=\"twitter:label1\" content=\"Verfasst von\" \/>\n\t<meta name=\"twitter:data1\" content=\"Christian Lahl\" \/>\n\t<meta name=\"twitter:label2\" content=\"Gesch\u00e4tzte Lesezeit\" \/>\n\t<meta name=\"twitter:data2\" content=\"3\u00a0Minuten\" \/>\n<script type=\"application\/ld+json\" class=\"yoast-schema-graph\">{\"@context\":\"https:\\\/\\\/schema.org\",\"@graph\":[{\"@type\":\"Article\",\"@id\":\"https:\\\/\\\/www.elternforen.com\\\/Blog\\\/mein-kind-ist-krank-und-mag-nichts-essen-was-nun-2328\\\/#article\",\"isPartOf\":{\"@id\":\"https:\\\/\\\/www.elternforen.com\\\/Blog\\\/mein-kind-ist-krank-und-mag-nichts-essen-was-nun-2328\\\/\"},\"author\":{\"name\":\"Christian Lahl\",\"@id\":\"https:\\\/\\\/www.elternforen.com\\\/Blog\\\/#\\\/schema\\\/person\\\/ccc006bc75f22e969baf5a216e09bbaa\"},\"headline\":\"Mein Kind ist krank und mag nichts essen \u2013 was nun?\",\"datePublished\":\"2014-10-13T18:54:44+00:00\",\"dateModified\":\"2024-05-24T06:49:26+00:00\",\"mainEntityOfPage\":{\"@id\":\"https:\\\/\\\/www.elternforen.com\\\/Blog\\\/mein-kind-ist-krank-und-mag-nichts-essen-was-nun-2328\\\/\"},\"wordCount\":497,\"image\":{\"@id\":\"https:\\\/\\\/www.elternforen.com\\\/Blog\\\/mein-kind-ist-krank-und-mag-nichts-essen-was-nun-2328\\\/#primaryimage\"},\"thumbnailUrl\":\"https:\\\/\\\/www.elternforen.com\\\/Blog\\\/wp-content\\\/uploads\\\/2014\\\/10\\\/krankes-kind-unsplash-scaled.jpg\",\"articleSection\":[\"Ern\u00e4hrung\"],\"inLanguage\":\"de\"},{\"@type\":\"WebPage\",\"@id\":\"https:\\\/\\\/www.elternforen.com\\\/Blog\\\/mein-kind-ist-krank-und-mag-nichts-essen-was-nun-2328\\\/\",\"url\":\"https:\\\/\\\/www.elternforen.com\\\/Blog\\\/mein-kind-ist-krank-und-mag-nichts-essen-was-nun-2328\\\/\",\"name\":\"Mein Kind ist krank und mag nichts essen \u2013 was nun? - elternforen.com - Ratgeber-Magazin\",\"isPartOf\":{\"@id\":\"https:\\\/\\\/www.elternforen.com\\\/Blog\\\/#website\"},\"primaryImageOfPage\":{\"@id\":\"https:\\\/\\\/www.elternforen.com\\\/Blog\\\/mein-kind-ist-krank-und-mag-nichts-essen-was-nun-2328\\\/#primaryimage\"},\"image\":{\"@id\":\"https:\\\/\\\/www.elternforen.com\\\/Blog\\\/mein-kind-ist-krank-und-mag-nichts-essen-was-nun-2328\\\/#primaryimage\"},\"thumbnailUrl\":\"https:\\\/\\\/www.elternforen.com\\\/Blog\\\/wp-content\\\/uploads\\\/2014\\\/10\\\/krankes-kind-unsplash-scaled.jpg\",\"datePublished\":\"2014-10-13T18:54:44+00:00\",\"dateModified\":\"2024-05-24T06:49:26+00:00\",\"author\":{\"@id\":\"https:\\\/\\\/www.elternforen.com\\\/Blog\\\/#\\\/schema\\\/person\\\/ccc006bc75f22e969baf5a216e09bbaa\"},\"breadcrumb\":{\"@id\":\"https:\\\/\\\/www.elternforen.com\\\/Blog\\\/mein-kind-ist-krank-und-mag-nichts-essen-was-nun-2328\\\/#breadcrumb\"},\"inLanguage\":\"de\",\"potentialAction\":[{\"@type\":\"ReadAction\",\"target\":[\"https:\\\/\\\/www.elternforen.com\\\/Blog\\\/mein-kind-ist-krank-und-mag-nichts-essen-was-nun-2328\\\/\"]}]},{\"@type\":\"ImageObject\",\"inLanguage\":\"de\",\"@id\":\"https:\\\/\\\/www.elternforen.com\\\/Blog\\\/mein-kind-ist-krank-und-mag-nichts-essen-was-nun-2328\\\/#primaryimage\",\"url\":\"https:\\\/\\\/www.elternforen.com\\\/Blog\\\/wp-content\\\/uploads\\\/2014\\\/10\\\/krankes-kind-unsplash-scaled.jpg\",\"contentUrl\":\"https:\\\/\\\/www.elternforen.com\\\/Blog\\\/wp-content\\\/uploads\\\/2014\\\/10\\\/krankes-kind-unsplash-scaled.jpg\",\"width\":2560,\"height\":1707,\"caption\":\"Krankes Kind, Bild: unsplash\"},{\"@type\":\"BreadcrumbList\",\"@id\":\"https:\\\/\\\/www.elternforen.com\\\/Blog\\\/mein-kind-ist-krank-und-mag-nichts-essen-was-nun-2328\\\/#breadcrumb\",\"itemListElement\":[{\"@type\":\"ListItem\",\"position\":1,\"name\":\"Home\",\"item\":\"https:\\\/\\\/www.elternforen.com\\\/Blog\\\/\"},{\"@type\":\"ListItem\",\"position\":2,\"name\":\"Mein Kind ist krank und mag nichts essen \u2013 was nun?\"}]},{\"@type\":\"WebSite\",\"@id\":\"https:\\\/\\\/www.elternforen.com\\\/Blog\\\/#website\",\"url\":\"https:\\\/\\\/www.elternforen.com\\\/Blog\\\/\",\"name\":\"elternforen.com - Ratgeber-Magazin\",\"description\":\"Der Blog \u00fcber Familie, Schwangerschaft, Babys und Kinder\",\"potentialAction\":[{\"@type\":\"SearchAction\",\"target\":{\"@type\":\"EntryPoint\",\"urlTemplate\":\"https:\\\/\\\/www.elternforen.com\\\/Blog\\\/?s={search_term_string}\"},\"query-input\":{\"@type\":\"PropertyValueSpecification\",\"valueRequired\":true,\"valueName\":\"search_term_string\"}}],\"inLanguage\":\"de\"},{\"@type\":\"Person\",\"@id\":\"https:\\\/\\\/www.elternforen.com\\\/Blog\\\/#\\\/schema\\\/person\\\/ccc006bc75f22e969baf5a216e09bbaa\",\"name\":\"Christian Lahl\",\"url\":\"https:\\\/\\\/www.elternforen.com\\\/Blog\\\/author\\\/christian-lahl\\\/\"}]}<\/script>\n<!-- \/ Yoast SEO plugin. -->","yoast_head_json":{"title":"Mein Kind ist krank und mag nichts essen \u2013 was nun? - elternforen.com - Ratgeber-Magazin","robots":{"index":"index","follow":"follow","max-snippet":"max-snippet:-1","max-image-preview":"max-image-preview:large","max-video-preview":"max-video-preview:-1"},"canonical":"https:\/\/www.elternforen.com\/Blog\/mein-kind-ist-krank-und-mag-nichts-essen-was-nun-2328\/","og_locale":"de_DE","og_type":"article","og_title":"Mein Kind ist krank und mag nichts essen \u2013 was nun? - elternforen.com - Ratgeber-Magazin","og_description":"ANZEIGE - Erkrankt ein Kind, so leiden die Eltern immer gemeinsam mit ihrem Nachwuchs. Mit viel Liebe und F\u00fcrsorge unterst\u00fctzen sie das Kleine bei der Genesung. Dauert die Krankheit jedoch l\u00e4nger an oder ist chronisch, so beobachten Eltern mit Besorgnis die Appetitlosigkeit ihrer Kinder. Nicht selten kommt es bei einer Erkrankung zum Gewichtsverlust beim kleinen [&hellip;]","og_url":"https:\/\/www.elternforen.com\/Blog\/mein-kind-ist-krank-und-mag-nichts-essen-was-nun-2328\/","og_site_name":"elternforen.com - Ratgeber-Magazin","article_published_time":"2014-10-13T18:54:44+00:00","article_modified_time":"2024-05-24T06:49:26+00:00","og_image":[{"width":2560,"height":1707,"url":"https:\/\/www.elternforen.com\/Blog\/wp-content\/uploads\/2014\/10\/krankes-kind-unsplash-scaled.jpg","type":"image\/jpeg"}],"author":"Christian Lahl","twitter_card":"summary_large_image","twitter_misc":{"Verfasst von":"Christian Lahl","Gesch\u00e4tzte Lesezeit":"3\u00a0Minuten"},"schema":{"@context":"https:\/\/schema.org","@graph":[{"@type":"Article","@id":"https:\/\/www.elternforen.com\/Blog\/mein-kind-ist-krank-und-mag-nichts-essen-was-nun-2328\/#article","isPartOf":{"@id":"https:\/\/www.elternforen.com\/Blog\/mein-kind-ist-krank-und-mag-nichts-essen-was-nun-2328\/"},"author":{"name":"Christian Lahl","@id":"https:\/\/www.elternforen.com\/Blog\/#\/schema\/person\/ccc006bc75f22e969baf5a216e09bbaa"},"headline":"Mein Kind ist krank und mag nichts essen \u2013 was nun?","datePublished":"2014-10-13T18:54:44+00:00","dateModified":"2024-05-24T06:49:26+00:00","mainEntityOfPage":{"@id":"https:\/\/www.elternforen.com\/Blog\/mein-kind-ist-krank-und-mag-nichts-essen-was-nun-2328\/"},"wordCount":497,"image":{"@id":"https:\/\/www.elternforen.com\/Blog\/mein-kind-ist-krank-und-mag-nichts-essen-was-nun-2328\/#primaryimage"},"thumbnailUrl":"https:\/\/www.elternforen.com\/Blog\/wp-content\/uploads\/2014\/10\/krankes-kind-unsplash-scaled.jpg","articleSection":["Ern\u00e4hrung"],"inLanguage":"de"},{"@type":"WebPage","@id":"https:\/\/www.elternforen.com\/Blog\/mein-kind-ist-krank-und-mag-nichts-essen-was-nun-2328\/","url":"https:\/\/www.elternforen.com\/Blog\/mein-kind-ist-krank-und-mag-nichts-essen-was-nun-2328\/","name":"Mein Kind ist krank und mag nichts essen \u2013 was nun? - elternforen.com - Ratgeber-Magazin","isPartOf":{"@id":"https:\/\/www.elternforen.com\/Blog\/#website"},"primaryImageOfPage":{"@id":"https:\/\/www.elternforen.com\/Blog\/mein-kind-ist-krank-und-mag-nichts-essen-was-nun-2328\/#primaryimage"},"image":{"@id":"https:\/\/www.elternforen.com\/Blog\/mein-kind-ist-krank-und-mag-nichts-essen-was-nun-2328\/#primaryimage"},"thumbnailUrl":"https:\/\/www.elternforen.com\/Blog\/wp-content\/uploads\/2014\/10\/krankes-kind-unsplash-scaled.jpg","datePublished":"2014-10-13T18:54:44+00:00","dateModified":"2024-05-24T06:49:26+00:00","author":{"@id":"https:\/\/www.elternforen.com\/Blog\/#\/schema\/person\/ccc006bc75f22e969baf5a216e09bbaa"},"breadcrumb":{"@id":"https:\/\/www.elternforen.com\/Blog\/mein-kind-ist-krank-und-mag-nichts-essen-was-nun-2328\/#breadcrumb"},"inLanguage":"de","potentialAction":[{"@type":"ReadAction","target":["https:\/\/www.elternforen.com\/Blog\/mein-kind-ist-krank-und-mag-nichts-essen-was-nun-2328\/"]}]},{"@type":"ImageObject","inLanguage":"de","@id":"https:\/\/www.elternforen.com\/Blog\/mein-kind-ist-krank-und-mag-nichts-essen-was-nun-2328\/#primaryimage","url":"https:\/\/www.elternforen.com\/Blog\/wp-content\/uploads\/2014\/10\/krankes-kind-unsplash-scaled.jpg","contentUrl":"https:\/\/www.elternforen.com\/Blog\/wp-content\/uploads\/2014\/10\/krankes-kind-unsplash-scaled.jpg","width":2560,"height":1707,"caption":"Krankes Kind, Bild: unsplash"},{"@type":"BreadcrumbList","@id":"https:\/\/www.elternforen.com\/Blog\/mein-kind-ist-krank-und-mag-nichts-essen-was-nun-2328\/#breadcrumb","itemListElement":[{"@type":"ListItem","position":1,"name":"Home","item":"https:\/\/www.elternforen.com\/Blog\/"},{"@type":"ListItem","position":2,"name":"Mein Kind ist krank und mag nichts essen \u2013 was nun?"}]},{"@type":"WebSite","@id":"https:\/\/www.elternforen.com\/Blog\/#website","url":"https:\/\/www.elternforen.com\/Blog\/","name":"elternforen.com - Ratgeber-Magazin","description":"Der Blog \u00fcber Familie, Schwangerschaft, Babys und Kinder","potentialAction":[{"@type":"SearchAction","target":{"@type":"EntryPoint","urlTemplate":"https:\/\/www.elternforen.com\/Blog\/?s={search_term_string}"},"query-input":{"@type":"PropertyValueSpecification","valueRequired":true,"valueName":"search_term_string"}}],"inLanguage":"de"},{"@type":"Person","@id":"https:\/\/www.elternforen.com\/Blog\/#\/schema\/person\/ccc006bc75f22e969baf5a216e09bbaa","name":"Christian Lahl","url":"https:\/\/www.elternforen.com\/Blog\/author\/christian-lahl\/"}]}},"jetpack_featured_media_url":"https:\/\/www.elternforen.com\/Blog\/wp-content\/uploads\/2014\/10\/krankes-kind-unsplash-scaled.jpg","jetpack_sharing_enabled":true,"_links":{"self":[{"href":"https:\/\/www.elternforen.com\/Blog\/wp-json\/wp\/v2\/posts\/2328","targetHints":{"allow":["GET"]}}],"collection":[{"href":"https:\/\/www.elternforen.com\/Blog\/wp-json\/wp\/v2\/posts"}],"about":[{"href":"https:\/\/www.elternforen.com\/Blog\/wp-json\/wp\/v2\/types\/post"}],"author":[{"embeddable":true,"href":"https:\/\/www.elternforen.com\/Blog\/wp-json\/wp\/v2\/users\/72"}],"replies":[{"embeddable":true,"href":"https:\/\/www.elternforen.com\/Blog\/wp-json\/wp\/v2\/comments?post=2328"}],"version-history":[{"count":2,"href":"https:\/\/www.elternforen.com\/Blog\/wp-json\/wp\/v2\/posts\/2328\/revisions"}],"predecessor-version":[{"id":10553,"href":"https:\/\/www.elternforen.com\/Blog\/wp-json\/wp\/v2\/posts\/2328\/revisions\/10553"}],"wp:featuredmedia":[{"embeddable":true,"href":"https:\/\/www.elternforen.com\/Blog\/wp-json\/wp\/v2\/media\/10544"}],"wp:attachment":[{"href":"https:\/\/www.elternforen.com\/Blog\/wp-json\/wp\/v2\/media?parent=2328"}],"wp:term":[{"taxonomy":"category","embeddable":true,"href":"https:\/\/www.elternforen.com\/Blog\/wp-json\/wp\/v2\/categories?post=2328"},{"taxonomy":"post_tag","embeddable":true,"href":"https:\/\/www.elternforen.com\/Blog\/wp-json\/wp\/v2\/tags?post=2328"}],"curies":[{"name":"wp","href":"https:\/\/api.w.org\/{rel}","templated":true}]}}