{"id":2464,"date":"2015-03-03T22:19:08","date_gmt":"2015-03-03T21:19:08","guid":{"rendered":"http:\/\/www.elternforen.com\/Blog\/?p=2464"},"modified":"2024-05-24T09:56:25","modified_gmt":"2024-05-24T07:56:25","slug":"robuste-bekleidung-fuer-den-waldkindergarten-2464","status":"publish","type":"post","link":"https:\/\/www.elternforen.com\/Blog\/robuste-bekleidung-fuer-den-waldkindergarten-2464\/","title":{"rendered":"Robuste Bekleidung f\u00fcr den Waldkindergarten"},"content":{"rendered":"ANZEIGE - <p>Raus in die Natur, den Wald anfassen und entdecken \u2013 Waldkinderg\u00e4rten sind so gefragt wie nie. An kaum einem anderen Lernort erfahren die Kinder so viel Wissenswertes \u00fcber die Natur. Bei Wind und Wetter, an nahezu jedem Tag erleben sie wundervolle Abenteuer mitten im Forst. Voraussetzung f\u00fcr einen gelungenen Waldtag, ist eine robuste und funktionelle Kleidung. Hier finden interessierte Eltern Tipps, wie sie ihr Kind am sinnvollsten ausstatten.<\/p>\n<p>Bei Wind und Wetter, Hitze und Schnee nach drau\u00dfen<\/p>\n<p>Allgemein bekannt ist, dass die Waldkinder auch bei str\u00f6mendem Regen oder kalten Temperaturen Stunden im Freien verbringen. Es wird gebuddelt, ges\u00e4gt, experimentiert und gelernt \u2013 der Kindergartentag ist vielseitig strukturiert. Dementsprechend brauchen die jungen Waldarbeiter hochwertige und wettergerechte Kleidung. Ganzj\u00e4hrig gilt: Lange Hosen sind Pflicht, Sandalen fehl am Platz. Festes Schuhwerk verhindert indes Unf\u00e4lle. Die Kleidung wird bei einem Waldkind sehr stark beansprucht. Die Kleinen knien auf Baumst\u00e4mmen und dem Boden, dementsprechend schnell sind d\u00fcnne Hosen am Knie kaputt. Weiterhin \u201ctransportieren die Kinder schwere \u00c4ste oder matschen mit Genuss im feuchten Schlamm. Die funktionelle Waldkleidung wird am besten im Zwiebellagen-Prinzip angelegt. Je nach Temperatur kommt eine Schicht weg oder wird zus\u00e4tzlich angezogen.<\/p>\n<p>Bekleidung f\u00fcr den Sommer<\/p>\n<p>Es ist k\u00fchl im Wald, die Sonne scheint durch die Bl\u00e4tter \u2013 dennoch tragen die Kinder im Waldkindergarten immer lange Hosen und festes Schuhwerk, um sich vor Zecken, der Sonne und vor Brennnesseln zu sch\u00fctzen. Viele Taschen in den Hosen und Jacken geben Platz f\u00fcr die Sch\u00e4tze des Waldes. Dort werden Zapfen verstaut, Beeren gesammelt und der eine oder andere Pilz verwahrt. Eltern lieben f\u00fcr diese Tage die Hosen von <a href=\"http:\/\/www.engelbert-strauss.ch\/Bekleidung\/Kinderbekleidung\/List\">Engelbert Strauss<\/a>. Denn wenn die Kleidung sogar den Bedingungen der Baustelle Gen\u00fcge tut, bew\u00e4hrt sie sich auch im Wald. Von Vorteil in den hei\u00dfen Sommermonaten ist zudem atmungsaktive Kleidung, damit die Kinder nicht zu sehr ins Schwitzen kommen. Die Kopfbedeckung ist f\u00fcr Kinder im <a href=\"http:\/\/bvnw.de\/\">Waldkindergarten<\/a> obligatorisch.<\/p>\n<p>Bekleidung bei Regen<\/p>\n<p>Kein Kind kann bei Regentagen in einem <a href=\"http:\/\/www.elternforen.com\/Fachinformationen\/Kindergarten.htm\">Kindergarten<\/a> auf eine Matschhose verzichten. Schon gar nicht im Wald. Die Hosen m\u00fcssen wasserdicht sein. Latzhosen bedecken sehr gut den R\u00fccken, auch wenn sich die Kinder b\u00fccken. Gleicherma\u00dfen ben\u00f6tigen die Spr\u00f6sslinge hochwertige und regensichere Jacken mit Kapuze samt Sichtschirm. Verschwei\u00dfte N\u00e4hte verhindern das Eindringen von Wasser. Regenstiefel sind ein weiteres Muss. Speziell an k\u00fchleren Tagen haben die Kleinen auch mit Lammfelleinlagen oder Stiefelschuhen darin warme F\u00fc\u00dfe. Das Spielen am Waldbach kann beginnen.<\/p>\n<p>Der Wald ist mit guter Kleidung auch im Winter attraktiv<\/p>\n<p>Selbst bei eisigen Temperaturen spielen die Kinder im Wald und lassen sich dabei keinesfalls st\u00f6ren. M\u00f6glich macht dies hochwertige und zuverl\u00e4ssige Skiunterw\u00e4sche bzw. Skikleidung. Wollunterw\u00e4sche bringt die Feuchtigkeit nach au\u00dfen und w\u00e4rmt, anstatt durch die Verdunstungsk\u00e4lte die kleinen K\u00f6rper auszuk\u00fchlen. Ebenfalls wichtig: Windundurchl\u00e4ssige Schals und M\u00fctzen, sowie zwei Paar wasserabweisende Handschuhe. Damit die jungen Waldarbeiter immer trockene F\u00fc\u00dfe haben, ben\u00f6tigen sie atmungsaktive und wasserdichte Winterstiefel.<\/p>\n<p><strong><span style=\"text-decoration: underline;\">Fazit:<\/span><\/strong> Mit der richtigen und robusten Kleidung ist der Nachwuchs im Waldkindergarten zu jeder Jahreszeit gut gewappnet. Dank der ganzj\u00e4hrigen Betreuung im Freien sind Kinder eines Waldkindergartens au\u00dferdem seltener krank.<\/p>\n","protected":false},"excerpt":{"rendered":"<p>ANZEIGE &#8211; Raus in die Natur, den Wald anfassen und entdecken \u2013 Waldkinderg\u00e4rten sind so gefragt wie nie. An kaum einem anderen Lernort erfahren die Kinder so viel Wissenswertes \u00fcber die Natur. Bei Wind und Wetter, an nahezu jedem Tag erleben sie wundervolle Abenteuer mitten im Forst. Voraussetzung f\u00fcr einen gelungenen Waldtag, ist eine robuste [&hellip;]<\/p>\n","protected":false},"author":72,"featured_media":10600,"comment_status":"closed","ping_status":"closed","sticky":false,"template":"","format":"standard","meta":{"_acf_changed":false,"ep_exclude_from_search":false,"_jetpack_memberships_contains_paid_content":false,"footnotes":""},"categories":[13,9],"tags":[],"class_list":["post-2464","post","type-post","status-publish","format-standard","has-post-thumbnail","hentry","category-freizeit-und-hobby","category-kinder"],"acf":[],"yoast_head":"<!-- This site is optimized with the Yoast SEO plugin v27.5 - https:\/\/yoast.com\/product\/yoast-seo-wordpress\/ -->\n<title>Robuste Bekleidung f\u00fcr den Waldkindergarten - elternforen.com - Ratgeber-Magazin<\/title>\n<meta name=\"robots\" content=\"index, follow, max-snippet:-1, max-image-preview:large, max-video-preview:-1\" \/>\n<link rel=\"canonical\" href=\"https:\/\/www.elternforen.com\/Blog\/robuste-bekleidung-fuer-den-waldkindergarten-2464\/\" \/>\n<meta property=\"og:locale\" content=\"de_DE\" \/>\n<meta property=\"og:type\" content=\"article\" \/>\n<meta property=\"og:title\" content=\"Robuste Bekleidung f\u00fcr den Waldkindergarten - elternforen.com - Ratgeber-Magazin\" \/>\n<meta property=\"og:description\" content=\"ANZEIGE - Raus in die Natur, den Wald anfassen und entdecken \u2013 Waldkinderg\u00e4rten sind so gefragt wie nie. An kaum einem anderen Lernort erfahren die Kinder so viel Wissenswertes \u00fcber die Natur. Bei Wind und Wetter, an nahezu jedem Tag erleben sie wundervolle Abenteuer mitten im Forst. Voraussetzung f\u00fcr einen gelungenen Waldtag, ist eine robuste [&hellip;]\" \/>\n<meta property=\"og:url\" content=\"https:\/\/www.elternforen.com\/Blog\/robuste-bekleidung-fuer-den-waldkindergarten-2464\/\" \/>\n<meta property=\"og:site_name\" content=\"elternforen.com - Ratgeber-Magazin\" \/>\n<meta property=\"article:published_time\" content=\"2015-03-03T21:19:08+00:00\" \/>\n<meta property=\"article:modified_time\" content=\"2024-05-24T07:56:25+00:00\" \/>\n<meta property=\"og:image\" content=\"https:\/\/www.elternforen.com\/Blog\/wp-content\/uploads\/2015\/03\/kinder-spielen-unsplash-scaled.jpg\" \/>\n\t<meta property=\"og:image:width\" content=\"2560\" \/>\n\t<meta property=\"og:image:height\" content=\"1772\" \/>\n\t<meta property=\"og:image:type\" content=\"image\/jpeg\" \/>\n<meta name=\"author\" content=\"Christian Lahl\" \/>\n<meta name=\"twitter:card\" content=\"summary_large_image\" \/>\n<meta name=\"twitter:label1\" content=\"Verfasst von\" \/>\n\t<meta name=\"twitter:data1\" content=\"Christian Lahl\" \/>\n\t<meta name=\"twitter:label2\" content=\"Gesch\u00e4tzte Lesezeit\" \/>\n\t<meta name=\"twitter:data2\" content=\"3\u00a0Minuten\" \/>\n<script type=\"application\/ld+json\" class=\"yoast-schema-graph\">{\"@context\":\"https:\\\/\\\/schema.org\",\"@graph\":[{\"@type\":\"Article\",\"@id\":\"https:\\\/\\\/www.elternforen.com\\\/Blog\\\/robuste-bekleidung-fuer-den-waldkindergarten-2464\\\/#article\",\"isPartOf\":{\"@id\":\"https:\\\/\\\/www.elternforen.com\\\/Blog\\\/robuste-bekleidung-fuer-den-waldkindergarten-2464\\\/\"},\"author\":{\"name\":\"Christian Lahl\",\"@id\":\"https:\\\/\\\/www.elternforen.com\\\/Blog\\\/#\\\/schema\\\/person\\\/ccc006bc75f22e969baf5a216e09bbaa\"},\"headline\":\"Robuste Bekleidung f\u00fcr den Waldkindergarten\",\"datePublished\":\"2015-03-03T21:19:08+00:00\",\"dateModified\":\"2024-05-24T07:56:25+00:00\",\"mainEntityOfPage\":{\"@id\":\"https:\\\/\\\/www.elternforen.com\\\/Blog\\\/robuste-bekleidung-fuer-den-waldkindergarten-2464\\\/\"},\"wordCount\":546,\"image\":{\"@id\":\"https:\\\/\\\/www.elternforen.com\\\/Blog\\\/robuste-bekleidung-fuer-den-waldkindergarten-2464\\\/#primaryimage\"},\"thumbnailUrl\":\"https:\\\/\\\/www.elternforen.com\\\/Blog\\\/wp-content\\\/uploads\\\/2015\\\/03\\\/kinder-spielen-unsplash-scaled.jpg\",\"articleSection\":[\"Freizeit und Hobby\",\"Kinder\"],\"inLanguage\":\"de\"},{\"@type\":\"WebPage\",\"@id\":\"https:\\\/\\\/www.elternforen.com\\\/Blog\\\/robuste-bekleidung-fuer-den-waldkindergarten-2464\\\/\",\"url\":\"https:\\\/\\\/www.elternforen.com\\\/Blog\\\/robuste-bekleidung-fuer-den-waldkindergarten-2464\\\/\",\"name\":\"Robuste Bekleidung f\u00fcr den Waldkindergarten - elternforen.com - Ratgeber-Magazin\",\"isPartOf\":{\"@id\":\"https:\\\/\\\/www.elternforen.com\\\/Blog\\\/#website\"},\"primaryImageOfPage\":{\"@id\":\"https:\\\/\\\/www.elternforen.com\\\/Blog\\\/robuste-bekleidung-fuer-den-waldkindergarten-2464\\\/#primaryimage\"},\"image\":{\"@id\":\"https:\\\/\\\/www.elternforen.com\\\/Blog\\\/robuste-bekleidung-fuer-den-waldkindergarten-2464\\\/#primaryimage\"},\"thumbnailUrl\":\"https:\\\/\\\/www.elternforen.com\\\/Blog\\\/wp-content\\\/uploads\\\/2015\\\/03\\\/kinder-spielen-unsplash-scaled.jpg\",\"datePublished\":\"2015-03-03T21:19:08+00:00\",\"dateModified\":\"2024-05-24T07:56:25+00:00\",\"author\":{\"@id\":\"https:\\\/\\\/www.elternforen.com\\\/Blog\\\/#\\\/schema\\\/person\\\/ccc006bc75f22e969baf5a216e09bbaa\"},\"breadcrumb\":{\"@id\":\"https:\\\/\\\/www.elternforen.com\\\/Blog\\\/robuste-bekleidung-fuer-den-waldkindergarten-2464\\\/#breadcrumb\"},\"inLanguage\":\"de\",\"potentialAction\":[{\"@type\":\"ReadAction\",\"target\":[\"https:\\\/\\\/www.elternforen.com\\\/Blog\\\/robuste-bekleidung-fuer-den-waldkindergarten-2464\\\/\"]}]},{\"@type\":\"ImageObject\",\"inLanguage\":\"de\",\"@id\":\"https:\\\/\\\/www.elternforen.com\\\/Blog\\\/robuste-bekleidung-fuer-den-waldkindergarten-2464\\\/#primaryimage\",\"url\":\"https:\\\/\\\/www.elternforen.com\\\/Blog\\\/wp-content\\\/uploads\\\/2015\\\/03\\\/kinder-spielen-unsplash-scaled.jpg\",\"contentUrl\":\"https:\\\/\\\/www.elternforen.com\\\/Blog\\\/wp-content\\\/uploads\\\/2015\\\/03\\\/kinder-spielen-unsplash-scaled.jpg\",\"width\":2560,\"height\":1772,\"caption\":\"Kinder spielen, Bild: unsplash\"},{\"@type\":\"BreadcrumbList\",\"@id\":\"https:\\\/\\\/www.elternforen.com\\\/Blog\\\/robuste-bekleidung-fuer-den-waldkindergarten-2464\\\/#breadcrumb\",\"itemListElement\":[{\"@type\":\"ListItem\",\"position\":1,\"name\":\"Home\",\"item\":\"https:\\\/\\\/www.elternforen.com\\\/Blog\\\/\"},{\"@type\":\"ListItem\",\"position\":2,\"name\":\"Robuste Bekleidung f\u00fcr den Waldkindergarten\"}]},{\"@type\":\"WebSite\",\"@id\":\"https:\\\/\\\/www.elternforen.com\\\/Blog\\\/#website\",\"url\":\"https:\\\/\\\/www.elternforen.com\\\/Blog\\\/\",\"name\":\"elternforen.com - Ratgeber-Magazin\",\"description\":\"Der Blog \u00fcber Familie, Schwangerschaft, Babys und Kinder\",\"potentialAction\":[{\"@type\":\"SearchAction\",\"target\":{\"@type\":\"EntryPoint\",\"urlTemplate\":\"https:\\\/\\\/www.elternforen.com\\\/Blog\\\/?s={search_term_string}\"},\"query-input\":{\"@type\":\"PropertyValueSpecification\",\"valueRequired\":true,\"valueName\":\"search_term_string\"}}],\"inLanguage\":\"de\"},{\"@type\":\"Person\",\"@id\":\"https:\\\/\\\/www.elternforen.com\\\/Blog\\\/#\\\/schema\\\/person\\\/ccc006bc75f22e969baf5a216e09bbaa\",\"name\":\"Christian Lahl\",\"url\":\"https:\\\/\\\/www.elternforen.com\\\/Blog\\\/author\\\/christian-lahl\\\/\"}]}<\/script>\n<!-- \/ Yoast SEO plugin. -->","yoast_head_json":{"title":"Robuste Bekleidung f\u00fcr den Waldkindergarten - elternforen.com - Ratgeber-Magazin","robots":{"index":"index","follow":"follow","max-snippet":"max-snippet:-1","max-image-preview":"max-image-preview:large","max-video-preview":"max-video-preview:-1"},"canonical":"https:\/\/www.elternforen.com\/Blog\/robuste-bekleidung-fuer-den-waldkindergarten-2464\/","og_locale":"de_DE","og_type":"article","og_title":"Robuste Bekleidung f\u00fcr den Waldkindergarten - elternforen.com - Ratgeber-Magazin","og_description":"ANZEIGE - Raus in die Natur, den Wald anfassen und entdecken \u2013 Waldkinderg\u00e4rten sind so gefragt wie nie. An kaum einem anderen Lernort erfahren die Kinder so viel Wissenswertes \u00fcber die Natur. Bei Wind und Wetter, an nahezu jedem Tag erleben sie wundervolle Abenteuer mitten im Forst. Voraussetzung f\u00fcr einen gelungenen Waldtag, ist eine robuste [&hellip;]","og_url":"https:\/\/www.elternforen.com\/Blog\/robuste-bekleidung-fuer-den-waldkindergarten-2464\/","og_site_name":"elternforen.com - Ratgeber-Magazin","article_published_time":"2015-03-03T21:19:08+00:00","article_modified_time":"2024-05-24T07:56:25+00:00","og_image":[{"width":2560,"height":1772,"url":"https:\/\/www.elternforen.com\/Blog\/wp-content\/uploads\/2015\/03\/kinder-spielen-unsplash-scaled.jpg","type":"image\/jpeg"}],"author":"Christian Lahl","twitter_card":"summary_large_image","twitter_misc":{"Verfasst von":"Christian Lahl","Gesch\u00e4tzte Lesezeit":"3\u00a0Minuten"},"schema":{"@context":"https:\/\/schema.org","@graph":[{"@type":"Article","@id":"https:\/\/www.elternforen.com\/Blog\/robuste-bekleidung-fuer-den-waldkindergarten-2464\/#article","isPartOf":{"@id":"https:\/\/www.elternforen.com\/Blog\/robuste-bekleidung-fuer-den-waldkindergarten-2464\/"},"author":{"name":"Christian Lahl","@id":"https:\/\/www.elternforen.com\/Blog\/#\/schema\/person\/ccc006bc75f22e969baf5a216e09bbaa"},"headline":"Robuste Bekleidung f\u00fcr den Waldkindergarten","datePublished":"2015-03-03T21:19:08+00:00","dateModified":"2024-05-24T07:56:25+00:00","mainEntityOfPage":{"@id":"https:\/\/www.elternforen.com\/Blog\/robuste-bekleidung-fuer-den-waldkindergarten-2464\/"},"wordCount":546,"image":{"@id":"https:\/\/www.elternforen.com\/Blog\/robuste-bekleidung-fuer-den-waldkindergarten-2464\/#primaryimage"},"thumbnailUrl":"https:\/\/www.elternforen.com\/Blog\/wp-content\/uploads\/2015\/03\/kinder-spielen-unsplash-scaled.jpg","articleSection":["Freizeit und Hobby","Kinder"],"inLanguage":"de"},{"@type":"WebPage","@id":"https:\/\/www.elternforen.com\/Blog\/robuste-bekleidung-fuer-den-waldkindergarten-2464\/","url":"https:\/\/www.elternforen.com\/Blog\/robuste-bekleidung-fuer-den-waldkindergarten-2464\/","name":"Robuste Bekleidung f\u00fcr den Waldkindergarten - elternforen.com - Ratgeber-Magazin","isPartOf":{"@id":"https:\/\/www.elternforen.com\/Blog\/#website"},"primaryImageOfPage":{"@id":"https:\/\/www.elternforen.com\/Blog\/robuste-bekleidung-fuer-den-waldkindergarten-2464\/#primaryimage"},"image":{"@id":"https:\/\/www.elternforen.com\/Blog\/robuste-bekleidung-fuer-den-waldkindergarten-2464\/#primaryimage"},"thumbnailUrl":"https:\/\/www.elternforen.com\/Blog\/wp-content\/uploads\/2015\/03\/kinder-spielen-unsplash-scaled.jpg","datePublished":"2015-03-03T21:19:08+00:00","dateModified":"2024-05-24T07:56:25+00:00","author":{"@id":"https:\/\/www.elternforen.com\/Blog\/#\/schema\/person\/ccc006bc75f22e969baf5a216e09bbaa"},"breadcrumb":{"@id":"https:\/\/www.elternforen.com\/Blog\/robuste-bekleidung-fuer-den-waldkindergarten-2464\/#breadcrumb"},"inLanguage":"de","potentialAction":[{"@type":"ReadAction","target":["https:\/\/www.elternforen.com\/Blog\/robuste-bekleidung-fuer-den-waldkindergarten-2464\/"]}]},{"@type":"ImageObject","inLanguage":"de","@id":"https:\/\/www.elternforen.com\/Blog\/robuste-bekleidung-fuer-den-waldkindergarten-2464\/#primaryimage","url":"https:\/\/www.elternforen.com\/Blog\/wp-content\/uploads\/2015\/03\/kinder-spielen-unsplash-scaled.jpg","contentUrl":"https:\/\/www.elternforen.com\/Blog\/wp-content\/uploads\/2015\/03\/kinder-spielen-unsplash-scaled.jpg","width":2560,"height":1772,"caption":"Kinder spielen, Bild: unsplash"},{"@type":"BreadcrumbList","@id":"https:\/\/www.elternforen.com\/Blog\/robuste-bekleidung-fuer-den-waldkindergarten-2464\/#breadcrumb","itemListElement":[{"@type":"ListItem","position":1,"name":"Home","item":"https:\/\/www.elternforen.com\/Blog\/"},{"@type":"ListItem","position":2,"name":"Robuste Bekleidung f\u00fcr den Waldkindergarten"}]},{"@type":"WebSite","@id":"https:\/\/www.elternforen.com\/Blog\/#website","url":"https:\/\/www.elternforen.com\/Blog\/","name":"elternforen.com - Ratgeber-Magazin","description":"Der Blog \u00fcber Familie, Schwangerschaft, Babys und Kinder","potentialAction":[{"@type":"SearchAction","target":{"@type":"EntryPoint","urlTemplate":"https:\/\/www.elternforen.com\/Blog\/?s={search_term_string}"},"query-input":{"@type":"PropertyValueSpecification","valueRequired":true,"valueName":"search_term_string"}}],"inLanguage":"de"},{"@type":"Person","@id":"https:\/\/www.elternforen.com\/Blog\/#\/schema\/person\/ccc006bc75f22e969baf5a216e09bbaa","name":"Christian Lahl","url":"https:\/\/www.elternforen.com\/Blog\/author\/christian-lahl\/"}]}},"jetpack_featured_media_url":"https:\/\/www.elternforen.com\/Blog\/wp-content\/uploads\/2015\/03\/kinder-spielen-unsplash-scaled.jpg","jetpack_sharing_enabled":true,"_links":{"self":[{"href":"https:\/\/www.elternforen.com\/Blog\/wp-json\/wp\/v2\/posts\/2464","targetHints":{"allow":["GET"]}}],"collection":[{"href":"https:\/\/www.elternforen.com\/Blog\/wp-json\/wp\/v2\/posts"}],"about":[{"href":"https:\/\/www.elternforen.com\/Blog\/wp-json\/wp\/v2\/types\/post"}],"author":[{"embeddable":true,"href":"https:\/\/www.elternforen.com\/Blog\/wp-json\/wp\/v2\/users\/72"}],"replies":[{"embeddable":true,"href":"https:\/\/www.elternforen.com\/Blog\/wp-json\/wp\/v2\/comments?post=2464"}],"version-history":[{"count":2,"href":"https:\/\/www.elternforen.com\/Blog\/wp-json\/wp\/v2\/posts\/2464\/revisions"}],"predecessor-version":[{"id":10609,"href":"https:\/\/www.elternforen.com\/Blog\/wp-json\/wp\/v2\/posts\/2464\/revisions\/10609"}],"wp:featuredmedia":[{"embeddable":true,"href":"https:\/\/www.elternforen.com\/Blog\/wp-json\/wp\/v2\/media\/10600"}],"wp:attachment":[{"href":"https:\/\/www.elternforen.com\/Blog\/wp-json\/wp\/v2\/media?parent=2464"}],"wp:term":[{"taxonomy":"category","embeddable":true,"href":"https:\/\/www.elternforen.com\/Blog\/wp-json\/wp\/v2\/categories?post=2464"},{"taxonomy":"post_tag","embeddable":true,"href":"https:\/\/www.elternforen.com\/Blog\/wp-json\/wp\/v2\/tags?post=2464"}],"curies":[{"name":"wp","href":"https:\/\/api.w.org\/{rel}","templated":true}]}}