{"id":255,"date":"2009-11-16T08:15:07","date_gmt":"2009-11-16T06:15:07","guid":{"rendered":"http:\/\/www.elternforen.com\/Blog\/?p=255"},"modified":"2009-11-10T08:16:58","modified_gmt":"2009-11-10T06:16:58","slug":"tipps-fur-einen-winterfesten-garten-255","status":"publish","type":"post","link":"https:\/\/www.elternforen.com\/Blog\/tipps-fur-einen-winterfesten-garten-255\/","title":{"rendered":"Tipps f\u00fcr einen winterfesten Garten"},"content":{"rendered":"ANZEIGE - <p>Kalt und regnerisch ist es geworden und die warmen Sommertage geh\u00f6ren f\u00fcr dieses Jahr endg\u00fcltig der Vergangenheit an. Aber nicht nur an den Temperaturen ist der Wetterumschwung zu sp\u00fcren, auch die Bl\u00fctenpracht im <a href=\"http:\/\/www.elternforen.com\/forum69.html\" rel=\"nofollow\" target=\"_blank\">Garten<\/a> l\u00e4sst nun so langsam nach. Hobbyg\u00e4rtner k\u00f6nnen sich allerdings noch nicht einem erholsamen Winterschlaf widmen, denn im Garten ist noch einiges zu tun. Allerlei muss aufger\u00e4umt und winterfest gemacht werden.<\/p>\n<p>Frostempfindliche Zwiebeln wie beispielsweise Dahlien und Knollenbegonien m\u00f6gen keine Minusgrade. Deshalb sollten diese Pflanzen nach dem Ende ihrer Bl\u00fchzeit so zur\u00fcckgeschnitten werden, dass lediglich noch die Knollen \u00fcbrig bleiben. Diese werden dann vor dem ersten Frost ausgegraben und in einem trockenen, k\u00fchlen und dunklem Raum eingelagert.<\/p>\n<p>Wer auf dem Balkon und der Terrasse noch K\u00fcbelpflanzen stehen hat, sollte die frostempfindlichen Pflanzen unter ihnen auf jeden Fall vor dem ersten Frost ins Winterquartier schaffen. Manche Pflanzen wie Oleander oder Zitronenbaum bevorzugen eher ein helleres Quartier, Geranien oder Fuchsien beispielsweise m\u00f6gen es im Winter gerne dunkel. Hobbyg\u00e4rtner sollten darauf achten, dass die Erde in den K\u00fcbeln nicht zu feucht ist, wenn die Pflanzen in ihr Winterquartier umziehen.<\/p>\n<p>Gartenteichbesitzer sollten ihren Teich am besten mit einem Netz abdecken. Und zwar bevor das Laub von den B\u00e4umen f\u00e4llt. Sind die Pumpen nicht frostsicher, werden sie entfernt, gereinigt und an einem trockenen, frostfreien Ort bis zum n\u00e4chsten Fr\u00fchjahr aufbewahrt. F\u00fcr die Fische kann ein Oxydator eingesetzt werden, um die Sauerstoffversorgung im Winter zu verbessern.<\/p>\n<p>Auch die Gartenger\u00e4te ben\u00f6tigen nun etwas Zuwendung. Die ganzen Monate haben sie flei\u00dfig mitgeholfen, den Garten zu versch\u00f6nern, nun ist es auch f\u00fcr sie an der Zeit, eine kleine Ruhepause einzulegen. Zuvor werden sie gereinigt und dann trocken gelagert. Bis zum n\u00e4chsten Fr\u00fchjahr k\u00f6nnen sie nun Kr\u00e4fte sammeln, bevor der tatkr\u00e4ftige Einsatz von Schaufel und Harke wieder gefragt ist.<\/p>\n<p>Weitere Informationen zum Garten im Herbst und Winter: <a href=\"http:\/\/www.hobby-garten-blog.de\/ziergarten\/4529-gladiolen-ueberwintern.php\" rel=\"nofollow\" target=\"_blank\">http:\/\/www.hobby-garten-blog.de\/ziergarten\/4529-gladiolen-ueberwintern.php<\/a><\/p>\n","protected":false},"excerpt":{"rendered":"<p>ANZEIGE &#8211; Kalt und regnerisch ist es geworden und die warmen Sommertage geh\u00f6ren f\u00fcr dieses Jahr endg\u00fcltig der Vergangenheit an. Aber nicht nur an den Temperaturen ist der Wetterumschwung zu sp\u00fcren, auch die Bl\u00fctenpracht im Garten l\u00e4sst nun so langsam nach. Hobbyg\u00e4rtner k\u00f6nnen sich allerdings noch nicht einem erholsamen Winterschlaf widmen, denn im Garten ist [&hellip;]<\/p>\n","protected":false},"author":28,"featured_media":0,"comment_status":"closed","ping_status":"closed","sticky":false,"template":"","format":"standard","meta":{"_acf_changed":false,"ep_exclude_from_search":false,"_jetpack_memberships_contains_paid_content":false,"footnotes":""},"categories":[13],"tags":[],"class_list":["post-255","post","type-post","status-publish","format-standard","hentry","category-freizeit-und-hobby"],"acf":[],"yoast_head":"<!-- This site is optimized with the Yoast SEO plugin v27.5 - https:\/\/yoast.com\/product\/yoast-seo-wordpress\/ -->\n<title>Tipps f\u00fcr einen winterfesten Garten - elternforen.com - Ratgeber-Magazin<\/title>\n<meta name=\"robots\" content=\"index, follow, max-snippet:-1, max-image-preview:large, max-video-preview:-1\" \/>\n<link rel=\"canonical\" href=\"https:\/\/www.elternforen.com\/Blog\/tipps-fur-einen-winterfesten-garten\/\" \/>\n<meta property=\"og:locale\" content=\"de_DE\" \/>\n<meta property=\"og:type\" content=\"article\" \/>\n<meta property=\"og:title\" content=\"Tipps f\u00fcr einen winterfesten Garten - elternforen.com - Ratgeber-Magazin\" \/>\n<meta property=\"og:description\" content=\"ANZEIGE - Kalt und regnerisch ist es geworden und die warmen Sommertage geh\u00f6ren f\u00fcr dieses Jahr endg\u00fcltig der Vergangenheit an. Aber nicht nur an den Temperaturen ist der Wetterumschwung zu sp\u00fcren, auch die Bl\u00fctenpracht im Garten l\u00e4sst nun so langsam nach. Hobbyg\u00e4rtner k\u00f6nnen sich allerdings noch nicht einem erholsamen Winterschlaf widmen, denn im Garten ist [&hellip;]\" \/>\n<meta property=\"og:url\" content=\"https:\/\/www.elternforen.com\/Blog\/tipps-fur-einen-winterfesten-garten\/\" \/>\n<meta property=\"og:site_name\" content=\"elternforen.com - Ratgeber-Magazin\" \/>\n<meta property=\"article:published_time\" content=\"2009-11-16T06:15:07+00:00\" \/>\n<meta name=\"author\" content=\"Redaktion\" \/>\n<meta name=\"twitter:card\" content=\"summary_large_image\" \/>\n<meta name=\"twitter:label1\" content=\"Verfasst von\" \/>\n\t<meta name=\"twitter:data1\" content=\"Redaktion\" \/>\n\t<meta name=\"twitter:label2\" content=\"Gesch\u00e4tzte Lesezeit\" \/>\n\t<meta name=\"twitter:data2\" content=\"2\u00a0Minuten\" \/>\n<script type=\"application\/ld+json\" class=\"yoast-schema-graph\">{\"@context\":\"https:\\\/\\\/schema.org\",\"@graph\":[{\"@type\":\"Article\",\"@id\":\"https:\\\/\\\/www.elternforen.com\\\/Blog\\\/tipps-fur-einen-winterfesten-garten\\\/#article\",\"isPartOf\":{\"@id\":\"https:\\\/\\\/www.elternforen.com\\\/Blog\\\/tipps-fur-einen-winterfesten-garten\\\/\"},\"author\":{\"name\":\"Redaktion\",\"@id\":\"https:\\\/\\\/www.elternforen.com\\\/Blog\\\/#\\\/schema\\\/person\\\/ed54c95f56854d06c00044b7c064dfba\"},\"headline\":\"Tipps f\u00fcr einen winterfesten Garten\",\"datePublished\":\"2009-11-16T06:15:07+00:00\",\"mainEntityOfPage\":{\"@id\":\"https:\\\/\\\/www.elternforen.com\\\/Blog\\\/tipps-fur-einen-winterfesten-garten\\\/\"},\"wordCount\":345,\"articleSection\":[\"Freizeit und Hobby\"],\"inLanguage\":\"de\"},{\"@type\":\"WebPage\",\"@id\":\"https:\\\/\\\/www.elternforen.com\\\/Blog\\\/tipps-fur-einen-winterfesten-garten\\\/\",\"url\":\"https:\\\/\\\/www.elternforen.com\\\/Blog\\\/tipps-fur-einen-winterfesten-garten\\\/\",\"name\":\"Tipps f\u00fcr einen winterfesten Garten - elternforen.com - Ratgeber-Magazin\",\"isPartOf\":{\"@id\":\"https:\\\/\\\/www.elternforen.com\\\/Blog\\\/#website\"},\"datePublished\":\"2009-11-16T06:15:07+00:00\",\"author\":{\"@id\":\"https:\\\/\\\/www.elternforen.com\\\/Blog\\\/#\\\/schema\\\/person\\\/ed54c95f56854d06c00044b7c064dfba\"},\"breadcrumb\":{\"@id\":\"https:\\\/\\\/www.elternforen.com\\\/Blog\\\/tipps-fur-einen-winterfesten-garten\\\/#breadcrumb\"},\"inLanguage\":\"de\",\"potentialAction\":[{\"@type\":\"ReadAction\",\"target\":[\"https:\\\/\\\/www.elternforen.com\\\/Blog\\\/tipps-fur-einen-winterfesten-garten\\\/\"]}]},{\"@type\":\"BreadcrumbList\",\"@id\":\"https:\\\/\\\/www.elternforen.com\\\/Blog\\\/tipps-fur-einen-winterfesten-garten\\\/#breadcrumb\",\"itemListElement\":[{\"@type\":\"ListItem\",\"position\":1,\"name\":\"Home\",\"item\":\"https:\\\/\\\/www.elternforen.com\\\/Blog\\\/\"},{\"@type\":\"ListItem\",\"position\":2,\"name\":\"Tipps f\u00c3\u00bcr einen winterfesten Garten\"}]},{\"@type\":\"WebSite\",\"@id\":\"https:\\\/\\\/www.elternforen.com\\\/Blog\\\/#website\",\"url\":\"https:\\\/\\\/www.elternforen.com\\\/Blog\\\/\",\"name\":\"elternforen.com - Ratgeber-Magazin\",\"description\":\"Der Blog \u00fcber Familie, Schwangerschaft, Babys und Kinder\",\"potentialAction\":[{\"@type\":\"SearchAction\",\"target\":{\"@type\":\"EntryPoint\",\"urlTemplate\":\"https:\\\/\\\/www.elternforen.com\\\/Blog\\\/?s={search_term_string}\"},\"query-input\":{\"@type\":\"PropertyValueSpecification\",\"valueRequired\":true,\"valueName\":\"search_term_string\"}}],\"inLanguage\":\"de\"},{\"@type\":\"Person\",\"@id\":\"https:\\\/\\\/www.elternforen.com\\\/Blog\\\/#\\\/schema\\\/person\\\/ed54c95f56854d06c00044b7c064dfba\",\"name\":\"Redaktion\",\"url\":\"https:\\\/\\\/www.elternforen.com\\\/Blog\\\/author\\\/redaktion\\\/\"}]}<\/script>\n<!-- \/ Yoast SEO plugin. -->","yoast_head_json":{"title":"Tipps f\u00fcr einen winterfesten Garten - elternforen.com - Ratgeber-Magazin","robots":{"index":"index","follow":"follow","max-snippet":"max-snippet:-1","max-image-preview":"max-image-preview:large","max-video-preview":"max-video-preview:-1"},"canonical":"https:\/\/www.elternforen.com\/Blog\/tipps-fur-einen-winterfesten-garten\/","og_locale":"de_DE","og_type":"article","og_title":"Tipps f\u00fcr einen winterfesten Garten - elternforen.com - Ratgeber-Magazin","og_description":"ANZEIGE - Kalt und regnerisch ist es geworden und die warmen Sommertage geh\u00f6ren f\u00fcr dieses Jahr endg\u00fcltig der Vergangenheit an. Aber nicht nur an den Temperaturen ist der Wetterumschwung zu sp\u00fcren, auch die Bl\u00fctenpracht im Garten l\u00e4sst nun so langsam nach. Hobbyg\u00e4rtner k\u00f6nnen sich allerdings noch nicht einem erholsamen Winterschlaf widmen, denn im Garten ist [&hellip;]","og_url":"https:\/\/www.elternforen.com\/Blog\/tipps-fur-einen-winterfesten-garten\/","og_site_name":"elternforen.com - Ratgeber-Magazin","article_published_time":"2009-11-16T06:15:07+00:00","author":"Redaktion","twitter_card":"summary_large_image","twitter_misc":{"Verfasst von":"Redaktion","Gesch\u00e4tzte Lesezeit":"2\u00a0Minuten"},"schema":{"@context":"https:\/\/schema.org","@graph":[{"@type":"Article","@id":"https:\/\/www.elternforen.com\/Blog\/tipps-fur-einen-winterfesten-garten\/#article","isPartOf":{"@id":"https:\/\/www.elternforen.com\/Blog\/tipps-fur-einen-winterfesten-garten\/"},"author":{"name":"Redaktion","@id":"https:\/\/www.elternforen.com\/Blog\/#\/schema\/person\/ed54c95f56854d06c00044b7c064dfba"},"headline":"Tipps f\u00fcr einen winterfesten Garten","datePublished":"2009-11-16T06:15:07+00:00","mainEntityOfPage":{"@id":"https:\/\/www.elternforen.com\/Blog\/tipps-fur-einen-winterfesten-garten\/"},"wordCount":345,"articleSection":["Freizeit und Hobby"],"inLanguage":"de"},{"@type":"WebPage","@id":"https:\/\/www.elternforen.com\/Blog\/tipps-fur-einen-winterfesten-garten\/","url":"https:\/\/www.elternforen.com\/Blog\/tipps-fur-einen-winterfesten-garten\/","name":"Tipps f\u00fcr einen winterfesten Garten - elternforen.com - Ratgeber-Magazin","isPartOf":{"@id":"https:\/\/www.elternforen.com\/Blog\/#website"},"datePublished":"2009-11-16T06:15:07+00:00","author":{"@id":"https:\/\/www.elternforen.com\/Blog\/#\/schema\/person\/ed54c95f56854d06c00044b7c064dfba"},"breadcrumb":{"@id":"https:\/\/www.elternforen.com\/Blog\/tipps-fur-einen-winterfesten-garten\/#breadcrumb"},"inLanguage":"de","potentialAction":[{"@type":"ReadAction","target":["https:\/\/www.elternforen.com\/Blog\/tipps-fur-einen-winterfesten-garten\/"]}]},{"@type":"BreadcrumbList","@id":"https:\/\/www.elternforen.com\/Blog\/tipps-fur-einen-winterfesten-garten\/#breadcrumb","itemListElement":[{"@type":"ListItem","position":1,"name":"Home","item":"https:\/\/www.elternforen.com\/Blog\/"},{"@type":"ListItem","position":2,"name":"Tipps f\u00c3\u00bcr einen winterfesten Garten"}]},{"@type":"WebSite","@id":"https:\/\/www.elternforen.com\/Blog\/#website","url":"https:\/\/www.elternforen.com\/Blog\/","name":"elternforen.com - Ratgeber-Magazin","description":"Der Blog \u00fcber Familie, Schwangerschaft, Babys und Kinder","potentialAction":[{"@type":"SearchAction","target":{"@type":"EntryPoint","urlTemplate":"https:\/\/www.elternforen.com\/Blog\/?s={search_term_string}"},"query-input":{"@type":"PropertyValueSpecification","valueRequired":true,"valueName":"search_term_string"}}],"inLanguage":"de"},{"@type":"Person","@id":"https:\/\/www.elternforen.com\/Blog\/#\/schema\/person\/ed54c95f56854d06c00044b7c064dfba","name":"Redaktion","url":"https:\/\/www.elternforen.com\/Blog\/author\/redaktion\/"}]}},"jetpack_featured_media_url":"","jetpack_sharing_enabled":true,"_links":{"self":[{"href":"https:\/\/www.elternforen.com\/Blog\/wp-json\/wp\/v2\/posts\/255","targetHints":{"allow":["GET"]}}],"collection":[{"href":"https:\/\/www.elternforen.com\/Blog\/wp-json\/wp\/v2\/posts"}],"about":[{"href":"https:\/\/www.elternforen.com\/Blog\/wp-json\/wp\/v2\/types\/post"}],"author":[{"embeddable":true,"href":"https:\/\/www.elternforen.com\/Blog\/wp-json\/wp\/v2\/users\/28"}],"replies":[{"embeddable":true,"href":"https:\/\/www.elternforen.com\/Blog\/wp-json\/wp\/v2\/comments?post=255"}],"version-history":[{"count":1,"href":"https:\/\/www.elternforen.com\/Blog\/wp-json\/wp\/v2\/posts\/255\/revisions"}],"predecessor-version":[{"id":256,"href":"https:\/\/www.elternforen.com\/Blog\/wp-json\/wp\/v2\/posts\/255\/revisions\/256"}],"wp:attachment":[{"href":"https:\/\/www.elternforen.com\/Blog\/wp-json\/wp\/v2\/media?parent=255"}],"wp:term":[{"taxonomy":"category","embeddable":true,"href":"https:\/\/www.elternforen.com\/Blog\/wp-json\/wp\/v2\/categories?post=255"},{"taxonomy":"post_tag","embeddable":true,"href":"https:\/\/www.elternforen.com\/Blog\/wp-json\/wp\/v2\/tags?post=255"}],"curies":[{"name":"wp","href":"https:\/\/api.w.org\/{rel}","templated":true}]}}