{"id":2555,"date":"2015-04-15T14:10:53","date_gmt":"2015-04-15T12:10:53","guid":{"rendered":"http:\/\/www.elternforen.com\/Blog\/?p=2555"},"modified":"2024-05-24T10:13:41","modified_gmt":"2024-05-24T08:13:41","slug":"die-gralsbewegung-und-ihre-sichtweise-zur-bedeutung-des-namens-2555","status":"publish","type":"post","link":"https:\/\/www.elternforen.com\/Blog\/die-gralsbewegung-und-ihre-sichtweise-zur-bedeutung-des-namens-2555\/","title":{"rendered":"Die Gralsbewegung und ihre Sichtweise zur Bedeutung des Namens"},"content":{"rendered":"ANZEIGE - <p><em>Die Gralsbewegung vertritt einen interessanten Standpunkt zum Thema Namensgebung. Sie geht davon aus, dass jeder Name nicht zuf\u00e4llig vergeben wird, sondern in einem tieferen Zusammenhang mit der Pers\u00f6nlichkeit des Tr\u00e4gers steht, so wie es die bekannte lateinische Redensart \u2013 Nomen est omen ausdr\u00fcckt.<\/em><\/p>\n<p>Die Gralsbewegung ist ein \u00fcberkonfessioneller Personenkreis, der in Abd-ru-shins Werk \u201eIm Lichte der Wahrheit \u2013 Gralsbotschaft\u201c die Antworten auf die wesentlichen Fragen der Menschheit findet. Die Sichtweise der <a href=\"http:\/\/www.google.com\/url?q=http%3A%2F%2Fwww.mz-web.de%2Fratgeber%2Fdie-gralsbewegung-und-seminare-zum-glueck%2C20641324%2C29182926.html&amp;sa=D&amp;sntz=1&amp;usg=AFQjCNGrJ1Pz9kUc8dSTRs3OgbPWmtHqWw\">Gralsbewegung<\/a> zum Thema \u201eDer Name\u201c beruht auf dem gleichnamigen Vortrag aus der Gralsbotschaft von Abd-ru-shin.<\/p>\n<p>Schon in alter Zeit hie\u00df es \u201cnomen est omen\u00c3\u00a2\u00e2\u201a\u00ac\u009d, der Name ist Vorbedeutung, Schicksal. So kommen auch in der Benennung eines Menschen die Art und das Wesen des Tr\u00e4gers zum Ausdruck, er ist in Wirklichkeit das, was sein Name sagt. Der Name schwingt in dem Rhythmus seines jeweiligen seelischen Zustandes. Goethe schreibt dar\u00fcber in seinem Werk \u201cDichtung und Wahrheit\u00c3\u00a2\u00e2\u201a\u00ac\u009d, 2. Teil: \u201cDer Eigenname eines Menschen ist nicht etwa wie ein Mantel, der blo\u00df um ihn her h\u00e4ngt und an dem man allenfalls noch zupfen und zerren kann, sondern ein vollkommen passendes Kleid, ja wie die Haut selbst ihm \u00fcber und \u00fcber angewachsen, an der man nicht schaben und schinden darf, ohne ihn selbst zu verletzen.\u00c3\u00a2\u00e2\u201a\u00ac\u009d Der dazu Berufene vermag aus der Bedeutung der einzelnen Buchstaben eines Namens, ihrer Stellung zueinander, wichtige Angaben zu machen, sei es \u00fcber die Begabung und Vorz\u00fcge, Fehler und Schw\u00e4chen, Krankheits- und Berufsveranlagung oder \u00fcber das Verhalten zur Umwelt unter anderem. Doch diese hohe Kunst zu deuten ist einer sp\u00e4teren Zeit vorbehalten.<\/p>\n<h2><strong>Namensgebung und Seelenzustand<\/strong><\/h2>\n<p>Zum Erdennamen geh\u00f6ren der Familienname und ein oder mehrere Vornamen. Der Familienname liegt von vornherein fest. Doch damit ist erst ein Teil der Art des Namenstr\u00e4gers bezeichnet. Der andere Teil ist in den Vornamen ausgedr\u00fcckt, die bei der Geburt gegeben werden. Von da an ist der Erdenname gesetzlich gesch\u00fctzt, und er darf nur aus triftigen Gr\u00fcnden amtlich ge\u00e4ndert werden. Besonders muss noch betont werden, dass die Wahl der Vornamen keineswegs von Zufall abh\u00e4ngig ist. Welche Beweggr\u00fcnde auch die Namenswahl bestimmen m\u00f6gen, sei es aus Familientradition, aus Bewunderung und Verehrung von historischen Pers\u00f6nlichkeiten, von K\u00fcnstlern und Dichtern, oder aus dem Bestreben, f\u00fcr die Familiennamen wohlklingende Vornamen zu finden, immer wird die Wahl so ausfallen, dass die Vornamen mit der Art der inkarnierten Seele \u00fcbereinstimmen. Denn dieser Vorgang vollzieht sich stets von innen nach au\u00dfen, obwohl es den Anschein einer \u00e4u\u00dferen Handlung hat. Die Eltern verm\u00f6gen nichts anderes zu tun, als in gesetzm\u00e4\u00dfiger Auswirkung passende Vornamen f\u00fcr jenen seelischen Zustand ihrer Kinder zu w\u00e4hlen, den diese bereits in ihr Erdenleben mitbringen.<\/p>\n<h2><strong>Namensgebung und Pr\u00e4destination<\/strong><\/h2>\n<p>Wie nun ein Mensch in seinen fr\u00fcheren Erdenleben mit seinem Empfinden, Denken und Tun seinen jetzigen Erdennamen freiwillig erworben hat, genauso webt er in seinem heutigen Leben schon die guten oder schlechten Schicksalsf\u00e4den f\u00fcr seinen zuk\u00fcnftigen Namen, der ihn bei einer n\u00e4chsten Inkarnation nach dem Gesetz der Anziehung der Gleichart zu jenen Eltern hinf\u00fchrt, welche mit ihm gleichgeartet sind und daher den f\u00fcr ihn passenden Namen tragen. Daraus geht hervor, dass ein Namenswechsel erst mit Beginn eines neuen Erdenlebens erfolgen kann, abgesehen von wenigen Ausnahmen, wie zum Beispiel die \u00c4nderung des Vornamens bei k\u00f6rperlichem Geschlechtswechsel.<\/p>\n<p>Im Wesentlichen sollen die Vornamen mehr die Begabung und F\u00e4higkeiten, die Familiennamen mehr die schicksalhaften Beziehungen anzeigen. Nimmt die Ehefrau bei einer Heirat den Familiennamen des Ehemannes an, so geh\u00f6rt ihr M\u00e4dchenname weiterhin zu ihrer Art und wirkt ebenfalls bei Inkarnationen im Gesetz der Anziehung der Gleichart mit. Dies kann nach au\u00dfen hin dadurch bezeichnet werden, dass der Familienname der Frau mit dem des Mannes zu einem Doppelnamen verbunden wird, was in einigen L\u00e4ndern auch ausgef\u00fchrt wird, vielleicht aus der Erkenntnis heraus, dass die Frau mit der Heirat ihre pers\u00f6nliche Eigenart nicht aufgibt. Nicht anders ist es, wenn bei der Heirat der Ehemann umgekehrt den Familiennamen der Ehefrau \u00fcbernimmt, sofern dies nach irdischem Gesetz erlaubt ist.<\/p>\n<h2><strong>Namensgebung und Schicksal<\/strong><\/h2>\n<p>Wenn auch das Wissen um die eigentliche <a href=\"http:\/\/www.mz-web.de\/ratgeber\/die-gralsbewegung-und-seminare-zum-glueck,20641324,29182926.html\">Bedeutung des Namens<\/a> verlorengegangen ist, so hatte doch der Name in den Kulten fast aller V\u00f6lker und Zeiten immer einen besonderen Einfluss und Wert. So ist auch in den volkst\u00fcmlichen Ausspr\u00fcchen der innere Wert des Namens verborgen, wenn es hei\u00dft: \u201cEin guter Name ist ein reiches Erbteil\u00c3\u00a2\u00e2\u201a\u00ac\u009d oder \u201cDer beste Segen, der nur gedeiht, ist der gute Name allezeit\u00c3\u00a2\u00e2\u201a\u00ac\u009d. Im \u201cOthello\u00c3\u00a2\u00e2\u201a\u00ac\u009d von Shakespeare lesen wir: \u201cDer gute Name ist bei Mann und Frau das eigentliche Kleinod ihrer Seelen.\u00c3\u00a2\u00e2\u201a\u00ac\u009d Aber selbst wenn sich der Mensch ein \u00fcbles Schicksal in seinem Namen gewoben hat und mit einem mehr oder weniger \u201cbelasteten\u00c3\u00a2\u00e2\u201a\u00ac\u009d Erdennamen geboren wird, braucht er nicht zu verzagen. Jeden Augenblick ist er f\u00e4hig, mit einer inneren Wendung zum Besseren zu beginnen; bald schon wird sich der dunkle Schicksalsteppich mit lichten F\u00e4den durchsetzen, und auch sein Name beginnt in einem anderen, leichteren Rhythmus zu schwingen.<\/p>\n<p>W\u00e4hrend sich nun die Familiennamen meistens mehrere Generationen hindurch halten, sind die dazugeh\u00f6rigen Vornamen einem k\u00fcrzeren Wechsel unterworfen. So wird es immer wieder Vornamen geben, die eine Zeit lang im \u201cSpitzenfeld\u00c3\u00a2\u00e2\u201a\u00ac\u009d stehen, bis sie durch andere bevorzugte Vornamen abgel\u00f6st werden. Damit wechseln auch die Eigenart, die F\u00e4higkeiten und Verhaltensweisen der jeweils inkarnierten Menschengeister. Das alles ist der Ausdruck fortschreitender Entwicklung im Sinne der Sch\u00f6pfungsgesetze, und nicht zuletzt entsprechen diese Wechsel dem \u201cZeitgeist\u00c3\u00a2\u00e2\u201a\u00ac\u009d, den in gewissen Perioden dauernd sich \u00e4ndernden Sternenstrahlungen, welche f\u00fcr die menschliche Entwicklung sehr bedeutsam sind. Diese naturgegebenen Vorg\u00e4nge und \u00dcberg\u00e4nge sollten auch bei Generationsproblemen beachtet werden. Im \u00dcbrigen sei sich der Mensch stets bewusst, dass sein Erdenname ihm Hilfe und St\u00fctze zu sein vermag.<\/p>\n","protected":false},"excerpt":{"rendered":"<p>ANZEIGE &#8211; Die Gralsbewegung vertritt einen interessanten Standpunkt zum Thema Namensgebung. Sie geht davon aus, dass jeder Name nicht zuf\u00e4llig vergeben wird, sondern in einem tieferen Zusammenhang mit der Pers\u00f6nlichkeit des Tr\u00e4gers steht, so wie es die bekannte lateinische Redensart \u2013 Nomen est omen ausdr\u00fcckt. Die Gralsbewegung ist ein \u00fcberkonfessioneller Personenkreis, der in Abd-ru-shins Werk [&hellip;]<\/p>\n","protected":false},"author":72,"featured_media":10616,"comment_status":"closed","ping_status":"closed","sticky":false,"template":"","format":"standard","meta":{"_acf_changed":false,"ep_exclude_from_search":false,"_jetpack_memberships_contains_paid_content":false,"footnotes":""},"categories":[8],"tags":[],"class_list":["post-2555","post","type-post","status-publish","format-standard","has-post-thumbnail","hentry","category-babys"],"acf":[],"yoast_head":"<!-- This site is optimized with the Yoast SEO plugin v27.5 - https:\/\/yoast.com\/product\/yoast-seo-wordpress\/ -->\n<title>Die Gralsbewegung und ihre Sichtweise zur Bedeutung des Namens - elternforen.com - Ratgeber-Magazin<\/title>\n<meta name=\"robots\" content=\"index, follow, max-snippet:-1, max-image-preview:large, max-video-preview:-1\" \/>\n<link rel=\"canonical\" href=\"https:\/\/www.elternforen.com\/Blog\/die-gralsbewegung-und-ihre-sichtweise-zur-bedeutung-des-namens-2555\/\" \/>\n<meta property=\"og:locale\" content=\"de_DE\" \/>\n<meta property=\"og:type\" content=\"article\" \/>\n<meta property=\"og:title\" content=\"Die Gralsbewegung und ihre Sichtweise zur Bedeutung des Namens - elternforen.com - Ratgeber-Magazin\" \/>\n<meta property=\"og:description\" content=\"ANZEIGE - Die Gralsbewegung vertritt einen interessanten Standpunkt zum Thema Namensgebung. Sie geht davon aus, dass jeder Name nicht zuf\u00e4llig vergeben wird, sondern in einem tieferen Zusammenhang mit der Pers\u00f6nlichkeit des Tr\u00e4gers steht, so wie es die bekannte lateinische Redensart \u2013 Nomen est omen ausdr\u00fcckt. Die Gralsbewegung ist ein \u00fcberkonfessioneller Personenkreis, der in Abd-ru-shins Werk [&hellip;]\" \/>\n<meta property=\"og:url\" content=\"https:\/\/www.elternforen.com\/Blog\/die-gralsbewegung-und-ihre-sichtweise-zur-bedeutung-des-namens-2555\/\" \/>\n<meta property=\"og:site_name\" content=\"elternforen.com - Ratgeber-Magazin\" \/>\n<meta property=\"article:published_time\" content=\"2015-04-15T12:10:53+00:00\" \/>\n<meta property=\"article:modified_time\" content=\"2024-05-24T08:13:41+00:00\" \/>\n<meta property=\"og:image\" content=\"https:\/\/www.elternforen.com\/Blog\/wp-content\/uploads\/2015\/04\/namensgebung-unsplash-scaled.jpg\" \/>\n\t<meta property=\"og:image:width\" content=\"2560\" \/>\n\t<meta property=\"og:image:height\" content=\"1706\" \/>\n\t<meta property=\"og:image:type\" content=\"image\/jpeg\" \/>\n<meta name=\"author\" content=\"Christian Lahl\" \/>\n<meta name=\"twitter:card\" content=\"summary_large_image\" \/>\n<meta name=\"twitter:label1\" content=\"Verfasst von\" \/>\n\t<meta name=\"twitter:data1\" content=\"Christian Lahl\" \/>\n\t<meta name=\"twitter:label2\" content=\"Gesch\u00e4tzte Lesezeit\" \/>\n\t<meta name=\"twitter:data2\" content=\"6\u00a0Minuten\" \/>\n<script type=\"application\/ld+json\" class=\"yoast-schema-graph\">{\"@context\":\"https:\\\/\\\/schema.org\",\"@graph\":[{\"@type\":\"Article\",\"@id\":\"https:\\\/\\\/www.elternforen.com\\\/Blog\\\/die-gralsbewegung-und-ihre-sichtweise-zur-bedeutung-des-namens-2555\\\/#article\",\"isPartOf\":{\"@id\":\"https:\\\/\\\/www.elternforen.com\\\/Blog\\\/die-gralsbewegung-und-ihre-sichtweise-zur-bedeutung-des-namens-2555\\\/\"},\"author\":{\"name\":\"Christian Lahl\",\"@id\":\"https:\\\/\\\/www.elternforen.com\\\/Blog\\\/#\\\/schema\\\/person\\\/ccc006bc75f22e969baf5a216e09bbaa\"},\"headline\":\"Die Gralsbewegung und ihre Sichtweise zur Bedeutung des Namens\",\"datePublished\":\"2015-04-15T12:10:53+00:00\",\"dateModified\":\"2024-05-24T08:13:41+00:00\",\"mainEntityOfPage\":{\"@id\":\"https:\\\/\\\/www.elternforen.com\\\/Blog\\\/die-gralsbewegung-und-ihre-sichtweise-zur-bedeutung-des-namens-2555\\\/\"},\"wordCount\":974,\"image\":{\"@id\":\"https:\\\/\\\/www.elternforen.com\\\/Blog\\\/die-gralsbewegung-und-ihre-sichtweise-zur-bedeutung-des-namens-2555\\\/#primaryimage\"},\"thumbnailUrl\":\"https:\\\/\\\/www.elternforen.com\\\/Blog\\\/wp-content\\\/uploads\\\/2015\\\/04\\\/namensgebung-unsplash-scaled.jpg\",\"articleSection\":[\"Babys\"],\"inLanguage\":\"de\"},{\"@type\":\"WebPage\",\"@id\":\"https:\\\/\\\/www.elternforen.com\\\/Blog\\\/die-gralsbewegung-und-ihre-sichtweise-zur-bedeutung-des-namens-2555\\\/\",\"url\":\"https:\\\/\\\/www.elternforen.com\\\/Blog\\\/die-gralsbewegung-und-ihre-sichtweise-zur-bedeutung-des-namens-2555\\\/\",\"name\":\"Die Gralsbewegung und ihre Sichtweise zur Bedeutung des Namens - elternforen.com - Ratgeber-Magazin\",\"isPartOf\":{\"@id\":\"https:\\\/\\\/www.elternforen.com\\\/Blog\\\/#website\"},\"primaryImageOfPage\":{\"@id\":\"https:\\\/\\\/www.elternforen.com\\\/Blog\\\/die-gralsbewegung-und-ihre-sichtweise-zur-bedeutung-des-namens-2555\\\/#primaryimage\"},\"image\":{\"@id\":\"https:\\\/\\\/www.elternforen.com\\\/Blog\\\/die-gralsbewegung-und-ihre-sichtweise-zur-bedeutung-des-namens-2555\\\/#primaryimage\"},\"thumbnailUrl\":\"https:\\\/\\\/www.elternforen.com\\\/Blog\\\/wp-content\\\/uploads\\\/2015\\\/04\\\/namensgebung-unsplash-scaled.jpg\",\"datePublished\":\"2015-04-15T12:10:53+00:00\",\"dateModified\":\"2024-05-24T08:13:41+00:00\",\"author\":{\"@id\":\"https:\\\/\\\/www.elternforen.com\\\/Blog\\\/#\\\/schema\\\/person\\\/ccc006bc75f22e969baf5a216e09bbaa\"},\"breadcrumb\":{\"@id\":\"https:\\\/\\\/www.elternforen.com\\\/Blog\\\/die-gralsbewegung-und-ihre-sichtweise-zur-bedeutung-des-namens-2555\\\/#breadcrumb\"},\"inLanguage\":\"de\",\"potentialAction\":[{\"@type\":\"ReadAction\",\"target\":[\"https:\\\/\\\/www.elternforen.com\\\/Blog\\\/die-gralsbewegung-und-ihre-sichtweise-zur-bedeutung-des-namens-2555\\\/\"]}]},{\"@type\":\"ImageObject\",\"inLanguage\":\"de\",\"@id\":\"https:\\\/\\\/www.elternforen.com\\\/Blog\\\/die-gralsbewegung-und-ihre-sichtweise-zur-bedeutung-des-namens-2555\\\/#primaryimage\",\"url\":\"https:\\\/\\\/www.elternforen.com\\\/Blog\\\/wp-content\\\/uploads\\\/2015\\\/04\\\/namensgebung-unsplash-scaled.jpg\",\"contentUrl\":\"https:\\\/\\\/www.elternforen.com\\\/Blog\\\/wp-content\\\/uploads\\\/2015\\\/04\\\/namensgebung-unsplash-scaled.jpg\",\"width\":2560,\"height\":1706,\"caption\":\"Namensgebung, Bild: unsplash\"},{\"@type\":\"BreadcrumbList\",\"@id\":\"https:\\\/\\\/www.elternforen.com\\\/Blog\\\/die-gralsbewegung-und-ihre-sichtweise-zur-bedeutung-des-namens-2555\\\/#breadcrumb\",\"itemListElement\":[{\"@type\":\"ListItem\",\"position\":1,\"name\":\"Home\",\"item\":\"https:\\\/\\\/www.elternforen.com\\\/Blog\\\/\"},{\"@type\":\"ListItem\",\"position\":2,\"name\":\"Die Gralsbewegung und ihre Sichtweise zur Bedeutung des Namens\"}]},{\"@type\":\"WebSite\",\"@id\":\"https:\\\/\\\/www.elternforen.com\\\/Blog\\\/#website\",\"url\":\"https:\\\/\\\/www.elternforen.com\\\/Blog\\\/\",\"name\":\"elternforen.com - Ratgeber-Magazin\",\"description\":\"Der Blog \u00fcber Familie, Schwangerschaft, Babys und Kinder\",\"potentialAction\":[{\"@type\":\"SearchAction\",\"target\":{\"@type\":\"EntryPoint\",\"urlTemplate\":\"https:\\\/\\\/www.elternforen.com\\\/Blog\\\/?s={search_term_string}\"},\"query-input\":{\"@type\":\"PropertyValueSpecification\",\"valueRequired\":true,\"valueName\":\"search_term_string\"}}],\"inLanguage\":\"de\"},{\"@type\":\"Person\",\"@id\":\"https:\\\/\\\/www.elternforen.com\\\/Blog\\\/#\\\/schema\\\/person\\\/ccc006bc75f22e969baf5a216e09bbaa\",\"name\":\"Christian Lahl\",\"url\":\"https:\\\/\\\/www.elternforen.com\\\/Blog\\\/author\\\/christian-lahl\\\/\"}]}<\/script>\n<!-- \/ Yoast SEO plugin. -->","yoast_head_json":{"title":"Die Gralsbewegung und ihre Sichtweise zur Bedeutung des Namens - elternforen.com - Ratgeber-Magazin","robots":{"index":"index","follow":"follow","max-snippet":"max-snippet:-1","max-image-preview":"max-image-preview:large","max-video-preview":"max-video-preview:-1"},"canonical":"https:\/\/www.elternforen.com\/Blog\/die-gralsbewegung-und-ihre-sichtweise-zur-bedeutung-des-namens-2555\/","og_locale":"de_DE","og_type":"article","og_title":"Die Gralsbewegung und ihre Sichtweise zur Bedeutung des Namens - elternforen.com - Ratgeber-Magazin","og_description":"ANZEIGE - Die Gralsbewegung vertritt einen interessanten Standpunkt zum Thema Namensgebung. Sie geht davon aus, dass jeder Name nicht zuf\u00e4llig vergeben wird, sondern in einem tieferen Zusammenhang mit der Pers\u00f6nlichkeit des Tr\u00e4gers steht, so wie es die bekannte lateinische Redensart \u2013 Nomen est omen ausdr\u00fcckt. Die Gralsbewegung ist ein \u00fcberkonfessioneller Personenkreis, der in Abd-ru-shins Werk [&hellip;]","og_url":"https:\/\/www.elternforen.com\/Blog\/die-gralsbewegung-und-ihre-sichtweise-zur-bedeutung-des-namens-2555\/","og_site_name":"elternforen.com - Ratgeber-Magazin","article_published_time":"2015-04-15T12:10:53+00:00","article_modified_time":"2024-05-24T08:13:41+00:00","og_image":[{"width":2560,"height":1706,"url":"https:\/\/www.elternforen.com\/Blog\/wp-content\/uploads\/2015\/04\/namensgebung-unsplash-scaled.jpg","type":"image\/jpeg"}],"author":"Christian Lahl","twitter_card":"summary_large_image","twitter_misc":{"Verfasst von":"Christian Lahl","Gesch\u00e4tzte Lesezeit":"6\u00a0Minuten"},"schema":{"@context":"https:\/\/schema.org","@graph":[{"@type":"Article","@id":"https:\/\/www.elternforen.com\/Blog\/die-gralsbewegung-und-ihre-sichtweise-zur-bedeutung-des-namens-2555\/#article","isPartOf":{"@id":"https:\/\/www.elternforen.com\/Blog\/die-gralsbewegung-und-ihre-sichtweise-zur-bedeutung-des-namens-2555\/"},"author":{"name":"Christian Lahl","@id":"https:\/\/www.elternforen.com\/Blog\/#\/schema\/person\/ccc006bc75f22e969baf5a216e09bbaa"},"headline":"Die Gralsbewegung und ihre Sichtweise zur Bedeutung des Namens","datePublished":"2015-04-15T12:10:53+00:00","dateModified":"2024-05-24T08:13:41+00:00","mainEntityOfPage":{"@id":"https:\/\/www.elternforen.com\/Blog\/die-gralsbewegung-und-ihre-sichtweise-zur-bedeutung-des-namens-2555\/"},"wordCount":974,"image":{"@id":"https:\/\/www.elternforen.com\/Blog\/die-gralsbewegung-und-ihre-sichtweise-zur-bedeutung-des-namens-2555\/#primaryimage"},"thumbnailUrl":"https:\/\/www.elternforen.com\/Blog\/wp-content\/uploads\/2015\/04\/namensgebung-unsplash-scaled.jpg","articleSection":["Babys"],"inLanguage":"de"},{"@type":"WebPage","@id":"https:\/\/www.elternforen.com\/Blog\/die-gralsbewegung-und-ihre-sichtweise-zur-bedeutung-des-namens-2555\/","url":"https:\/\/www.elternforen.com\/Blog\/die-gralsbewegung-und-ihre-sichtweise-zur-bedeutung-des-namens-2555\/","name":"Die Gralsbewegung und ihre Sichtweise zur Bedeutung des Namens - elternforen.com - Ratgeber-Magazin","isPartOf":{"@id":"https:\/\/www.elternforen.com\/Blog\/#website"},"primaryImageOfPage":{"@id":"https:\/\/www.elternforen.com\/Blog\/die-gralsbewegung-und-ihre-sichtweise-zur-bedeutung-des-namens-2555\/#primaryimage"},"image":{"@id":"https:\/\/www.elternforen.com\/Blog\/die-gralsbewegung-und-ihre-sichtweise-zur-bedeutung-des-namens-2555\/#primaryimage"},"thumbnailUrl":"https:\/\/www.elternforen.com\/Blog\/wp-content\/uploads\/2015\/04\/namensgebung-unsplash-scaled.jpg","datePublished":"2015-04-15T12:10:53+00:00","dateModified":"2024-05-24T08:13:41+00:00","author":{"@id":"https:\/\/www.elternforen.com\/Blog\/#\/schema\/person\/ccc006bc75f22e969baf5a216e09bbaa"},"breadcrumb":{"@id":"https:\/\/www.elternforen.com\/Blog\/die-gralsbewegung-und-ihre-sichtweise-zur-bedeutung-des-namens-2555\/#breadcrumb"},"inLanguage":"de","potentialAction":[{"@type":"ReadAction","target":["https:\/\/www.elternforen.com\/Blog\/die-gralsbewegung-und-ihre-sichtweise-zur-bedeutung-des-namens-2555\/"]}]},{"@type":"ImageObject","inLanguage":"de","@id":"https:\/\/www.elternforen.com\/Blog\/die-gralsbewegung-und-ihre-sichtweise-zur-bedeutung-des-namens-2555\/#primaryimage","url":"https:\/\/www.elternforen.com\/Blog\/wp-content\/uploads\/2015\/04\/namensgebung-unsplash-scaled.jpg","contentUrl":"https:\/\/www.elternforen.com\/Blog\/wp-content\/uploads\/2015\/04\/namensgebung-unsplash-scaled.jpg","width":2560,"height":1706,"caption":"Namensgebung, Bild: unsplash"},{"@type":"BreadcrumbList","@id":"https:\/\/www.elternforen.com\/Blog\/die-gralsbewegung-und-ihre-sichtweise-zur-bedeutung-des-namens-2555\/#breadcrumb","itemListElement":[{"@type":"ListItem","position":1,"name":"Home","item":"https:\/\/www.elternforen.com\/Blog\/"},{"@type":"ListItem","position":2,"name":"Die Gralsbewegung und ihre Sichtweise zur Bedeutung des Namens"}]},{"@type":"WebSite","@id":"https:\/\/www.elternforen.com\/Blog\/#website","url":"https:\/\/www.elternforen.com\/Blog\/","name":"elternforen.com - Ratgeber-Magazin","description":"Der Blog \u00fcber Familie, Schwangerschaft, Babys und Kinder","potentialAction":[{"@type":"SearchAction","target":{"@type":"EntryPoint","urlTemplate":"https:\/\/www.elternforen.com\/Blog\/?s={search_term_string}"},"query-input":{"@type":"PropertyValueSpecification","valueRequired":true,"valueName":"search_term_string"}}],"inLanguage":"de"},{"@type":"Person","@id":"https:\/\/www.elternforen.com\/Blog\/#\/schema\/person\/ccc006bc75f22e969baf5a216e09bbaa","name":"Christian Lahl","url":"https:\/\/www.elternforen.com\/Blog\/author\/christian-lahl\/"}]}},"jetpack_featured_media_url":"https:\/\/www.elternforen.com\/Blog\/wp-content\/uploads\/2015\/04\/namensgebung-unsplash-scaled.jpg","jetpack_sharing_enabled":true,"_links":{"self":[{"href":"https:\/\/www.elternforen.com\/Blog\/wp-json\/wp\/v2\/posts\/2555","targetHints":{"allow":["GET"]}}],"collection":[{"href":"https:\/\/www.elternforen.com\/Blog\/wp-json\/wp\/v2\/posts"}],"about":[{"href":"https:\/\/www.elternforen.com\/Blog\/wp-json\/wp\/v2\/types\/post"}],"author":[{"embeddable":true,"href":"https:\/\/www.elternforen.com\/Blog\/wp-json\/wp\/v2\/users\/72"}],"replies":[{"embeddable":true,"href":"https:\/\/www.elternforen.com\/Blog\/wp-json\/wp\/v2\/comments?post=2555"}],"version-history":[{"count":3,"href":"https:\/\/www.elternforen.com\/Blog\/wp-json\/wp\/v2\/posts\/2555\/revisions"}],"predecessor-version":[{"id":10621,"href":"https:\/\/www.elternforen.com\/Blog\/wp-json\/wp\/v2\/posts\/2555\/revisions\/10621"}],"wp:featuredmedia":[{"embeddable":true,"href":"https:\/\/www.elternforen.com\/Blog\/wp-json\/wp\/v2\/media\/10616"}],"wp:attachment":[{"href":"https:\/\/www.elternforen.com\/Blog\/wp-json\/wp\/v2\/media?parent=2555"}],"wp:term":[{"taxonomy":"category","embeddable":true,"href":"https:\/\/www.elternforen.com\/Blog\/wp-json\/wp\/v2\/categories?post=2555"},{"taxonomy":"post_tag","embeddable":true,"href":"https:\/\/www.elternforen.com\/Blog\/wp-json\/wp\/v2\/tags?post=2555"}],"curies":[{"name":"wp","href":"https:\/\/api.w.org\/{rel}","templated":true}]}}