{"id":2721,"date":"2015-09-09T21:10:13","date_gmt":"2015-09-09T19:10:13","guid":{"rendered":"http:\/\/www.elternforen.com\/Blog\/?p=2721"},"modified":"2024-05-27T14:33:12","modified_gmt":"2024-05-27T12:33:12","slug":"mit-kindern-und-rad-auf-achse-fahrradanhaenger-fuer-die-kleinsten-2721","status":"publish","type":"post","link":"https:\/\/www.elternforen.com\/Blog\/mit-kindern-und-rad-auf-achse-fahrradanhaenger-fuer-die-kleinsten-2721\/","title":{"rendered":"Mit Kindern und Rad auf Achse: Fahrradanh\u00e4nger f\u00fcr die Kleinsten"},"content":{"rendered":"ANZEIGE - <p>Auch sportlich aktive Eltern m\u00fcssen nach der Geburt ihres Kindes nicht auf Fahrradtouren an der frischen Luft verzichten. Fahrradanh\u00e4nger f\u00fcr das Bike geh\u00f6ren fest ins Bild von Stadt und Land. Welcher Anh\u00e4nger letztendlich individuell der beste ist, h\u00e4ngt stark von den Bed\u00fcrfnissen des Radlers und seinem kleinen Passagier wie auch von der Bauart des <a href=\"http:\/\/www.fahrradanhaenger-tests.de\/\">Fahrradanh\u00e4ngers<\/a> ab.<\/p>\n<h2>Baby on Tour<\/h2>\n<p>Schon die Kleinsten lassen sich von ihren Eltern prima durch die Gegend kutschieren. Spezielle Sitzverkleinerer erm\u00f6glichen den Einsatz von Fahrradanh\u00e4ngern bereits ab 0 Jahren. Bis die Kinder ca. 6 Jahre alt werden, stehen ihnen viele abwechslungsreiche Touren im Freien bevor. Mit einer Deichsel, welche an einer Anh\u00e4ngerkupplung am Rad befestigt wird, ist ein Fahrradanh\u00e4nger schnell montiert. Je nachdem, ob ein oder zwei Kinder darin Platz finden sollen, unterscheidet sich bereits die Gr\u00f6\u00dfe des Modells. Besonders f\u00fcr den Transport von Babys empfiehlt es sich, auf eine gute Federung zu achten. Die Sto\u00dfd\u00e4mpfer mildern ruckartige Fahrten \u00fcber Bordsteine oder Feldwege ab. Wird der Vorbau des Fahrradanh\u00e4ngers durch ein zus\u00e4tzliches Rad ersetzt, verwandeln sich die meisten Modelle ganz praktisch und unkompliziert in einen Jogger. Wandern, Walken oder Skifahren sind nun auch mit Kind problemlos m\u00f6glich. Sch\u00f6ne gemeinsame Stunden in der Natur steht nichts mehr im Wege.<\/p>\n<h2>Auf die individuellen Bed\u00fcrfnisse achten<\/h2>\n<p>Begeisterter Sportler oder Gelegenheitsradler? Bereits hier differenzieren sich die Modelle. An kurze Stadtfahrten \u00fcber Asphalt werden schlie\u00dflich andere Anforderungen gestellt, als an ausgiebige Touren \u00fcber Stock und Stein. Allein das Eigengewicht des Fahrradanh\u00e4ngers nimmt gro\u00dfen Einfluss auf den Fahrkomfort, ebenso die Radgr\u00f6\u00dfe und die Wendigkeit. Nicht zuletzt muss immer die Sicherheit des Fahrradanh\u00e4ngers an erster Stelle stehen. Wie variabel ist das Gutsystem? Verf\u00fcgt das Modell \u00fcber einen robusten \u00dcberrollschutzb\u00fcgel? Mit einer Beleuchtung sind Radfahrten auch in der D\u00e4mmerung oder im Dunkeln sicherer m\u00f6glich. Die stabile Feststellbremse stellt eine Selbstverst\u00e4ndlichkeit dar. Damit das Kind bequem Platz findet und nicht ungeduldig im Anh\u00e4nger n\u00f6rgelt, verzichten die meisten Eltern nur ungern auf eine angemessene Polsterung und ausreichend Schutz vor Wind, Sonne und N\u00e4sse. In einem gro\u00dfz\u00fcgig dimensionierten Gep\u00e4ckfach kommt zudem auch das n\u00f6tige Equipment f\u00fcr einen Ausflug oder der Einkauf praktisch unter. Fahrradanh\u00e4nger finden in zahlreichen Familien sogar noch Anwendung, obwohl ihm die Kinder bereits entwachsen sind. In den Fahrradanh\u00e4ngern lassen sich geschickt und einfach auch Lasten f\u00fcr lange Radtouren oder f\u00fcr das Zelten transportieren. Selbst der geliebte Vierbeiner geht dank des Anh\u00e4ngers mit auf gro\u00dfe Fahrt, wenngleich f\u00fcr Tiere auch spezielle Fahrradanh\u00e4nger im Handel erh\u00e4ltlich sind.<\/p>\n<p><strong><u>Fazit:<\/u><\/strong> Viele Eltern empfinden es als sicherer, ihre <a href=\"http:\/\/www.elternforen.com\/threads\/kinderwagenfahrradanhaenger.34446\/\">Kinder im Fahrradanh\u00e4nger<\/a> statt direkt auf dem Rad im Kindersitz zu transportieren. Die Ausstattungen und Bauarten der Modelle variieren sehr. Es lohnt sich, vorher unbedingt genaue Informationen einzuholen und die individuellen Bed\u00fcrfnisse in die Entscheidung f\u00fcr einen Fahrradanh\u00e4nger mit einzubeziehen.<\/p>\n","protected":false},"excerpt":{"rendered":"<p>ANZEIGE &#8211; Auch sportlich aktive Eltern m\u00fcssen nach der Geburt ihres Kindes nicht auf Fahrradtouren an der frischen Luft verzichten. Fahrradanh\u00e4nger f\u00fcr das Bike geh\u00f6ren fest ins Bild von Stadt und Land. Welcher Anh\u00e4nger letztendlich individuell der beste ist, h\u00e4ngt stark von den Bed\u00fcrfnissen des Radlers und seinem kleinen Passagier wie auch von der Bauart [&hellip;]<\/p>\n","protected":false},"author":72,"featured_media":10370,"comment_status":"closed","ping_status":"closed","sticky":false,"template":"","format":"standard","meta":{"_acf_changed":false,"ep_exclude_from_search":false,"_jetpack_memberships_contains_paid_content":false,"footnotes":""},"categories":[13],"tags":[],"class_list":["post-2721","post","type-post","status-publish","format-standard","has-post-thumbnail","hentry","category-freizeit-und-hobby"],"acf":[],"yoast_head":"<!-- This site is optimized with the Yoast SEO plugin v27.5 - https:\/\/yoast.com\/product\/yoast-seo-wordpress\/ -->\n<title>Mit Kindern und Rad auf Achse: Fahrradanh\u00e4nger f\u00fcr die Kleinsten - elternforen.com - Ratgeber-Magazin<\/title>\n<meta name=\"robots\" content=\"index, follow, max-snippet:-1, max-image-preview:large, max-video-preview:-1\" \/>\n<link rel=\"canonical\" href=\"https:\/\/www.elternforen.com\/Blog\/mit-kindern-und-rad-auf-achse-fahrradanhaenger-fuer-die-kleinsten-2721\/\" \/>\n<meta property=\"og:locale\" content=\"de_DE\" \/>\n<meta property=\"og:type\" content=\"article\" \/>\n<meta property=\"og:title\" content=\"Mit Kindern und Rad auf Achse: Fahrradanh\u00e4nger f\u00fcr die Kleinsten - elternforen.com - Ratgeber-Magazin\" \/>\n<meta property=\"og:description\" content=\"ANZEIGE - Auch sportlich aktive Eltern m\u00fcssen nach der Geburt ihres Kindes nicht auf Fahrradtouren an der frischen Luft verzichten. Fahrradanh\u00e4nger f\u00fcr das Bike geh\u00f6ren fest ins Bild von Stadt und Land. Welcher Anh\u00e4nger letztendlich individuell der beste ist, h\u00e4ngt stark von den Bed\u00fcrfnissen des Radlers und seinem kleinen Passagier wie auch von der Bauart [&hellip;]\" \/>\n<meta property=\"og:url\" content=\"https:\/\/www.elternforen.com\/Blog\/mit-kindern-und-rad-auf-achse-fahrradanhaenger-fuer-die-kleinsten-2721\/\" \/>\n<meta property=\"og:site_name\" content=\"elternforen.com - Ratgeber-Magazin\" \/>\n<meta property=\"article:published_time\" content=\"2015-09-09T19:10:13+00:00\" \/>\n<meta property=\"article:modified_time\" content=\"2024-05-27T12:33:12+00:00\" \/>\n<meta property=\"og:image\" content=\"https:\/\/www.elternforen.com\/Blog\/wp-content\/uploads\/2014\/03\/fahrradanhaenger-unsplash-scaled.jpg\" \/>\n\t<meta property=\"og:image:width\" content=\"2560\" \/>\n\t<meta property=\"og:image:height\" content=\"1440\" \/>\n\t<meta property=\"og:image:type\" content=\"image\/jpeg\" \/>\n<meta name=\"author\" content=\"Christian Lahl\" \/>\n<meta name=\"twitter:card\" content=\"summary_large_image\" \/>\n<meta name=\"twitter:label1\" content=\"Verfasst von\" \/>\n\t<meta name=\"twitter:data1\" content=\"Christian Lahl\" \/>\n\t<meta name=\"twitter:label2\" content=\"Gesch\u00e4tzte Lesezeit\" \/>\n\t<meta name=\"twitter:data2\" content=\"3\u00a0Minuten\" \/>\n<script type=\"application\/ld+json\" class=\"yoast-schema-graph\">{\"@context\":\"https:\\\/\\\/schema.org\",\"@graph\":[{\"@type\":\"Article\",\"@id\":\"https:\\\/\\\/www.elternforen.com\\\/Blog\\\/mit-kindern-und-rad-auf-achse-fahrradanhaenger-fuer-die-kleinsten-2721\\\/#article\",\"isPartOf\":{\"@id\":\"https:\\\/\\\/www.elternforen.com\\\/Blog\\\/mit-kindern-und-rad-auf-achse-fahrradanhaenger-fuer-die-kleinsten-2721\\\/\"},\"author\":{\"name\":\"Christian Lahl\",\"@id\":\"https:\\\/\\\/www.elternforen.com\\\/Blog\\\/#\\\/schema\\\/person\\\/ccc006bc75f22e969baf5a216e09bbaa\"},\"headline\":\"Mit Kindern und Rad auf Achse: Fahrradanh\u00e4nger f\u00fcr die Kleinsten\",\"datePublished\":\"2015-09-09T19:10:13+00:00\",\"dateModified\":\"2024-05-27T12:33:12+00:00\",\"mainEntityOfPage\":{\"@id\":\"https:\\\/\\\/www.elternforen.com\\\/Blog\\\/mit-kindern-und-rad-auf-achse-fahrradanhaenger-fuer-die-kleinsten-2721\\\/\"},\"wordCount\":511,\"image\":{\"@id\":\"https:\\\/\\\/www.elternforen.com\\\/Blog\\\/mit-kindern-und-rad-auf-achse-fahrradanhaenger-fuer-die-kleinsten-2721\\\/#primaryimage\"},\"thumbnailUrl\":\"https:\\\/\\\/www.elternforen.com\\\/Blog\\\/wp-content\\\/uploads\\\/2014\\\/03\\\/fahrradanhaenger-unsplash-scaled.jpg\",\"articleSection\":[\"Freizeit und Hobby\"],\"inLanguage\":\"de\"},{\"@type\":\"WebPage\",\"@id\":\"https:\\\/\\\/www.elternforen.com\\\/Blog\\\/mit-kindern-und-rad-auf-achse-fahrradanhaenger-fuer-die-kleinsten-2721\\\/\",\"url\":\"https:\\\/\\\/www.elternforen.com\\\/Blog\\\/mit-kindern-und-rad-auf-achse-fahrradanhaenger-fuer-die-kleinsten-2721\\\/\",\"name\":\"Mit Kindern und Rad auf Achse: Fahrradanh\u00e4nger f\u00fcr die Kleinsten - elternforen.com - Ratgeber-Magazin\",\"isPartOf\":{\"@id\":\"https:\\\/\\\/www.elternforen.com\\\/Blog\\\/#website\"},\"primaryImageOfPage\":{\"@id\":\"https:\\\/\\\/www.elternforen.com\\\/Blog\\\/mit-kindern-und-rad-auf-achse-fahrradanhaenger-fuer-die-kleinsten-2721\\\/#primaryimage\"},\"image\":{\"@id\":\"https:\\\/\\\/www.elternforen.com\\\/Blog\\\/mit-kindern-und-rad-auf-achse-fahrradanhaenger-fuer-die-kleinsten-2721\\\/#primaryimage\"},\"thumbnailUrl\":\"https:\\\/\\\/www.elternforen.com\\\/Blog\\\/wp-content\\\/uploads\\\/2014\\\/03\\\/fahrradanhaenger-unsplash-scaled.jpg\",\"datePublished\":\"2015-09-09T19:10:13+00:00\",\"dateModified\":\"2024-05-27T12:33:12+00:00\",\"author\":{\"@id\":\"https:\\\/\\\/www.elternforen.com\\\/Blog\\\/#\\\/schema\\\/person\\\/ccc006bc75f22e969baf5a216e09bbaa\"},\"breadcrumb\":{\"@id\":\"https:\\\/\\\/www.elternforen.com\\\/Blog\\\/mit-kindern-und-rad-auf-achse-fahrradanhaenger-fuer-die-kleinsten-2721\\\/#breadcrumb\"},\"inLanguage\":\"de\",\"potentialAction\":[{\"@type\":\"ReadAction\",\"target\":[\"https:\\\/\\\/www.elternforen.com\\\/Blog\\\/mit-kindern-und-rad-auf-achse-fahrradanhaenger-fuer-die-kleinsten-2721\\\/\"]}]},{\"@type\":\"ImageObject\",\"inLanguage\":\"de\",\"@id\":\"https:\\\/\\\/www.elternforen.com\\\/Blog\\\/mit-kindern-und-rad-auf-achse-fahrradanhaenger-fuer-die-kleinsten-2721\\\/#primaryimage\",\"url\":\"https:\\\/\\\/www.elternforen.com\\\/Blog\\\/wp-content\\\/uploads\\\/2014\\\/03\\\/fahrradanhaenger-unsplash-scaled.jpg\",\"contentUrl\":\"https:\\\/\\\/www.elternforen.com\\\/Blog\\\/wp-content\\\/uploads\\\/2014\\\/03\\\/fahrradanhaenger-unsplash-scaled.jpg\",\"width\":2560,\"height\":1440,\"caption\":\"Fahrradanh\u00e4nger, Bild: unsplash\"},{\"@type\":\"BreadcrumbList\",\"@id\":\"https:\\\/\\\/www.elternforen.com\\\/Blog\\\/mit-kindern-und-rad-auf-achse-fahrradanhaenger-fuer-die-kleinsten-2721\\\/#breadcrumb\",\"itemListElement\":[{\"@type\":\"ListItem\",\"position\":1,\"name\":\"Home\",\"item\":\"https:\\\/\\\/www.elternforen.com\\\/Blog\\\/\"},{\"@type\":\"ListItem\",\"position\":2,\"name\":\"Mit Kindern und Rad auf Achse: Fahrradanh\u00e4nger f\u00fcr die Kleinsten\"}]},{\"@type\":\"WebSite\",\"@id\":\"https:\\\/\\\/www.elternforen.com\\\/Blog\\\/#website\",\"url\":\"https:\\\/\\\/www.elternforen.com\\\/Blog\\\/\",\"name\":\"elternforen.com - Ratgeber-Magazin\",\"description\":\"Der Blog \u00fcber Familie, Schwangerschaft, Babys und Kinder\",\"potentialAction\":[{\"@type\":\"SearchAction\",\"target\":{\"@type\":\"EntryPoint\",\"urlTemplate\":\"https:\\\/\\\/www.elternforen.com\\\/Blog\\\/?s={search_term_string}\"},\"query-input\":{\"@type\":\"PropertyValueSpecification\",\"valueRequired\":true,\"valueName\":\"search_term_string\"}}],\"inLanguage\":\"de\"},{\"@type\":\"Person\",\"@id\":\"https:\\\/\\\/www.elternforen.com\\\/Blog\\\/#\\\/schema\\\/person\\\/ccc006bc75f22e969baf5a216e09bbaa\",\"name\":\"Christian Lahl\",\"url\":\"https:\\\/\\\/www.elternforen.com\\\/Blog\\\/author\\\/christian-lahl\\\/\"}]}<\/script>\n<!-- \/ Yoast SEO plugin. -->","yoast_head_json":{"title":"Mit Kindern und Rad auf Achse: Fahrradanh\u00e4nger f\u00fcr die Kleinsten - elternforen.com - Ratgeber-Magazin","robots":{"index":"index","follow":"follow","max-snippet":"max-snippet:-1","max-image-preview":"max-image-preview:large","max-video-preview":"max-video-preview:-1"},"canonical":"https:\/\/www.elternforen.com\/Blog\/mit-kindern-und-rad-auf-achse-fahrradanhaenger-fuer-die-kleinsten-2721\/","og_locale":"de_DE","og_type":"article","og_title":"Mit Kindern und Rad auf Achse: Fahrradanh\u00e4nger f\u00fcr die Kleinsten - elternforen.com - Ratgeber-Magazin","og_description":"ANZEIGE - Auch sportlich aktive Eltern m\u00fcssen nach der Geburt ihres Kindes nicht auf Fahrradtouren an der frischen Luft verzichten. Fahrradanh\u00e4nger f\u00fcr das Bike geh\u00f6ren fest ins Bild von Stadt und Land. Welcher Anh\u00e4nger letztendlich individuell der beste ist, h\u00e4ngt stark von den Bed\u00fcrfnissen des Radlers und seinem kleinen Passagier wie auch von der Bauart [&hellip;]","og_url":"https:\/\/www.elternforen.com\/Blog\/mit-kindern-und-rad-auf-achse-fahrradanhaenger-fuer-die-kleinsten-2721\/","og_site_name":"elternforen.com - Ratgeber-Magazin","article_published_time":"2015-09-09T19:10:13+00:00","article_modified_time":"2024-05-27T12:33:12+00:00","og_image":[{"width":2560,"height":1440,"url":"https:\/\/www.elternforen.com\/Blog\/wp-content\/uploads\/2014\/03\/fahrradanhaenger-unsplash-scaled.jpg","type":"image\/jpeg"}],"author":"Christian Lahl","twitter_card":"summary_large_image","twitter_misc":{"Verfasst von":"Christian Lahl","Gesch\u00e4tzte Lesezeit":"3\u00a0Minuten"},"schema":{"@context":"https:\/\/schema.org","@graph":[{"@type":"Article","@id":"https:\/\/www.elternforen.com\/Blog\/mit-kindern-und-rad-auf-achse-fahrradanhaenger-fuer-die-kleinsten-2721\/#article","isPartOf":{"@id":"https:\/\/www.elternforen.com\/Blog\/mit-kindern-und-rad-auf-achse-fahrradanhaenger-fuer-die-kleinsten-2721\/"},"author":{"name":"Christian Lahl","@id":"https:\/\/www.elternforen.com\/Blog\/#\/schema\/person\/ccc006bc75f22e969baf5a216e09bbaa"},"headline":"Mit Kindern und Rad auf Achse: Fahrradanh\u00e4nger f\u00fcr die Kleinsten","datePublished":"2015-09-09T19:10:13+00:00","dateModified":"2024-05-27T12:33:12+00:00","mainEntityOfPage":{"@id":"https:\/\/www.elternforen.com\/Blog\/mit-kindern-und-rad-auf-achse-fahrradanhaenger-fuer-die-kleinsten-2721\/"},"wordCount":511,"image":{"@id":"https:\/\/www.elternforen.com\/Blog\/mit-kindern-und-rad-auf-achse-fahrradanhaenger-fuer-die-kleinsten-2721\/#primaryimage"},"thumbnailUrl":"https:\/\/www.elternforen.com\/Blog\/wp-content\/uploads\/2014\/03\/fahrradanhaenger-unsplash-scaled.jpg","articleSection":["Freizeit und Hobby"],"inLanguage":"de"},{"@type":"WebPage","@id":"https:\/\/www.elternforen.com\/Blog\/mit-kindern-und-rad-auf-achse-fahrradanhaenger-fuer-die-kleinsten-2721\/","url":"https:\/\/www.elternforen.com\/Blog\/mit-kindern-und-rad-auf-achse-fahrradanhaenger-fuer-die-kleinsten-2721\/","name":"Mit Kindern und Rad auf Achse: Fahrradanh\u00e4nger f\u00fcr die Kleinsten - elternforen.com - Ratgeber-Magazin","isPartOf":{"@id":"https:\/\/www.elternforen.com\/Blog\/#website"},"primaryImageOfPage":{"@id":"https:\/\/www.elternforen.com\/Blog\/mit-kindern-und-rad-auf-achse-fahrradanhaenger-fuer-die-kleinsten-2721\/#primaryimage"},"image":{"@id":"https:\/\/www.elternforen.com\/Blog\/mit-kindern-und-rad-auf-achse-fahrradanhaenger-fuer-die-kleinsten-2721\/#primaryimage"},"thumbnailUrl":"https:\/\/www.elternforen.com\/Blog\/wp-content\/uploads\/2014\/03\/fahrradanhaenger-unsplash-scaled.jpg","datePublished":"2015-09-09T19:10:13+00:00","dateModified":"2024-05-27T12:33:12+00:00","author":{"@id":"https:\/\/www.elternforen.com\/Blog\/#\/schema\/person\/ccc006bc75f22e969baf5a216e09bbaa"},"breadcrumb":{"@id":"https:\/\/www.elternforen.com\/Blog\/mit-kindern-und-rad-auf-achse-fahrradanhaenger-fuer-die-kleinsten-2721\/#breadcrumb"},"inLanguage":"de","potentialAction":[{"@type":"ReadAction","target":["https:\/\/www.elternforen.com\/Blog\/mit-kindern-und-rad-auf-achse-fahrradanhaenger-fuer-die-kleinsten-2721\/"]}]},{"@type":"ImageObject","inLanguage":"de","@id":"https:\/\/www.elternforen.com\/Blog\/mit-kindern-und-rad-auf-achse-fahrradanhaenger-fuer-die-kleinsten-2721\/#primaryimage","url":"https:\/\/www.elternforen.com\/Blog\/wp-content\/uploads\/2014\/03\/fahrradanhaenger-unsplash-scaled.jpg","contentUrl":"https:\/\/www.elternforen.com\/Blog\/wp-content\/uploads\/2014\/03\/fahrradanhaenger-unsplash-scaled.jpg","width":2560,"height":1440,"caption":"Fahrradanh\u00e4nger, Bild: unsplash"},{"@type":"BreadcrumbList","@id":"https:\/\/www.elternforen.com\/Blog\/mit-kindern-und-rad-auf-achse-fahrradanhaenger-fuer-die-kleinsten-2721\/#breadcrumb","itemListElement":[{"@type":"ListItem","position":1,"name":"Home","item":"https:\/\/www.elternforen.com\/Blog\/"},{"@type":"ListItem","position":2,"name":"Mit Kindern und Rad auf Achse: Fahrradanh\u00e4nger f\u00fcr die Kleinsten"}]},{"@type":"WebSite","@id":"https:\/\/www.elternforen.com\/Blog\/#website","url":"https:\/\/www.elternforen.com\/Blog\/","name":"elternforen.com - Ratgeber-Magazin","description":"Der Blog \u00fcber Familie, Schwangerschaft, Babys und Kinder","potentialAction":[{"@type":"SearchAction","target":{"@type":"EntryPoint","urlTemplate":"https:\/\/www.elternforen.com\/Blog\/?s={search_term_string}"},"query-input":{"@type":"PropertyValueSpecification","valueRequired":true,"valueName":"search_term_string"}}],"inLanguage":"de"},{"@type":"Person","@id":"https:\/\/www.elternforen.com\/Blog\/#\/schema\/person\/ccc006bc75f22e969baf5a216e09bbaa","name":"Christian Lahl","url":"https:\/\/www.elternforen.com\/Blog\/author\/christian-lahl\/"}]}},"jetpack_featured_media_url":"https:\/\/www.elternforen.com\/Blog\/wp-content\/uploads\/2014\/03\/fahrradanhaenger-unsplash-scaled.jpg","jetpack_sharing_enabled":true,"_links":{"self":[{"href":"https:\/\/www.elternforen.com\/Blog\/wp-json\/wp\/v2\/posts\/2721","targetHints":{"allow":["GET"]}}],"collection":[{"href":"https:\/\/www.elternforen.com\/Blog\/wp-json\/wp\/v2\/posts"}],"about":[{"href":"https:\/\/www.elternforen.com\/Blog\/wp-json\/wp\/v2\/types\/post"}],"author":[{"embeddable":true,"href":"https:\/\/www.elternforen.com\/Blog\/wp-json\/wp\/v2\/users\/72"}],"replies":[{"embeddable":true,"href":"https:\/\/www.elternforen.com\/Blog\/wp-json\/wp\/v2\/comments?post=2721"}],"version-history":[{"count":1,"href":"https:\/\/www.elternforen.com\/Blog\/wp-json\/wp\/v2\/posts\/2721\/revisions"}],"predecessor-version":[{"id":2723,"href":"https:\/\/www.elternforen.com\/Blog\/wp-json\/wp\/v2\/posts\/2721\/revisions\/2723"}],"wp:featuredmedia":[{"embeddable":true,"href":"https:\/\/www.elternforen.com\/Blog\/wp-json\/wp\/v2\/media\/10370"}],"wp:attachment":[{"href":"https:\/\/www.elternforen.com\/Blog\/wp-json\/wp\/v2\/media?parent=2721"}],"wp:term":[{"taxonomy":"category","embeddable":true,"href":"https:\/\/www.elternforen.com\/Blog\/wp-json\/wp\/v2\/categories?post=2721"},{"taxonomy":"post_tag","embeddable":true,"href":"https:\/\/www.elternforen.com\/Blog\/wp-json\/wp\/v2\/tags?post=2721"}],"curies":[{"name":"wp","href":"https:\/\/api.w.org\/{rel}","templated":true}]}}