{"id":2757,"date":"2015-10-01T15:20:24","date_gmt":"2015-10-01T13:20:24","guid":{"rendered":"http:\/\/www.elternforen.com\/Blog\/?p=2757"},"modified":"2024-05-27T14:48:30","modified_gmt":"2024-05-27T12:48:30","slug":"vier-kriterien-fuer-das-perfekte-sofa-2757","status":"publish","type":"post","link":"https:\/\/www.elternforen.com\/Blog\/vier-kriterien-fuer-das-perfekte-sofa-2757\/","title":{"rendered":"Vier Kriterien f\u00fcr das perfekte Sofa"},"content":{"rendered":"ANZEIGE - <p>F\u00fcr viele Menschen bildet das Sofa das zentrale Wohlf\u00fchlelement in der Wohnung. Darauf l\u00e4sst sich gem\u00fctlich relaxen, fernsehen oder lesen. Um das perfekte Sofa f\u00fcr die eigenen vier W\u00e4nde zu finden, spielt nicht nur das \u00c4u\u00dfere eine entscheidende Rolle. Diese vier Kriterien erleichtern die Auswahl unter dem breit gef\u00e4cherten Angebot an Sitzm\u00f6beln.<\/p>\n<p>&nbsp;<\/p>\n<p>&nbsp;<\/p>\n<p>&nbsp;<\/p>\n<p>&nbsp;<\/p>\n<p>&nbsp;<\/p>\n<h2>Tipp 1: \u201c\u201c\u201c\u201c\u201c\u201c\u201c\u201c\u201c\u201c\u201c Legen Sie fest, welche Funktion das Sofa erf\u00fcllen soll<\/h2>\n<p>Couch ist nicht gleich Couch, so viel steht fest. W\u00e4hrend die einen gro\u00dfen Wert auf ein rein repr\u00e4sentatives Sofa legen, suchen die anderen die perfekte Couch, um zu fl\u00e4zen oder gar darauf zu \u00fcbernachten. Entscheidend ist demnach die Funktion des M\u00f6belst\u00fccks. Wie viel Personen sollen drauf Platz finden? Suche ich eine Eckcouch, einen Zwei- oder Dreisitzer, eine Chaiselongue oder doch lieber eine <a href=\"https:\/\/www.cnouch.de\/sofas-couches\/wohnlandschaften\/\">urgem\u00fctliche Wohnlandschaft<\/a>? Soll die Couch eine Schlaffunktion oder zus\u00e4tzlichen Stauraum als Komfort bieten?<\/p>\n<h2>Tipp 2: \u201c\u201c\u201c\u201c\u201c\u201c\u201c\u201c\u201c\u201c\u201c Auf die Gr\u00f6\u00dfe kommt es eben doch an<\/h2>\n<p>Im M\u00f6belhaus wirken Sofas oft kleiner als in den eigenen vier W\u00e4nden. Vorheriges Messen der Stellfl\u00e4che ist daher ebenso sinnvoll, wie das Erfassen der Ma\u00dfe im Treppenhaus, durch welches das Sofa seinen Weg in die Wohnung finden wird. Ferner legen vor allem gr\u00f6\u00dfere wie \u00e4ltere Personen Wert auf eine nicht zu niedrige Sitzh\u00f6he. Das Aufstehen f\u00e4llt entsprechend leichter. Die Sitztiefe wiederum entscheidet dar\u00fcber, ob man eher aufrecht sitzt oder halb liegt auf der neuen Couch. Die durchschnittliche Sitzh\u00f6he liegt bei 40 cm, die mittlere Sitztiefe bei rund 55 cm.<\/p>\n<h2>Tipp 3:\u201c\u201c\u201c\u201c\u201c\u201c\u201c\u201c\u201c\u201c\u201c\u201c Au\u00dfen hui, innen pfui?<\/h2>\n<p>Das gesamte Erscheinungsbild ist selbstverst\u00e4ndlich ein wichtiges Kaufkriterium. Doch gerade die inneren Werte sagen viel dar\u00fcber aus, ob man lange Freude an seiner neuen Couch haben wird. Von Qualit\u00e4t zeugen etwa Sofas, welche \u00fcber eine vern\u00fcnftige Stahlwellenfederung (Nosagfedern) verf\u00fcgen. Verspannte Gurte indes sind die preiswertere L\u00f6sung. F\u00fcr das verborgene Innenleben und den Komfort spielen der weitere Aufbau durch Federkern und <a href=\"http:\/\/www.bmub.bund.de\/themen\/wirtschaft-produkte-ressourcen\/produkte-und-umwelt\/blauer-engel\/tipp-des-monats-blauer-engel\/detailansicht\/artikel\/tipp-des-monats-gesund-wohnen-blauer-engel-fuer-polstermoebel\/\">hochwertige schadstoffarme Schaumstoffe<\/a> eine ebenso wichtige Rolle. Letztere sollten ein Raumgewicht von mindesten 35kg\/m\u00c3\u201a\u00b3 auf der Sitzfl\u00e4che aufweisen.<\/p>\n<h2>Tipp 4:\u201c\u201c\u201c\u201c\u201c\u201c\u201c\u201c\u201c\u201c\u201c\u201c Die Haltbarkeit des Bezuges<\/h2>\n<p>Ob nun Leder, Kunstleder oder ein textiler Bezug die neue Couch zieren wird, ist nicht selten Geschmackssache. Echtes unversiegeltes Leder ist besonders leicht zu reinigen und bei der richtigen Pflege extrem langlebig. Auf Kunstleder indes kommt man schnell ins Schwitzen. Besonders Familien aber auch <a href=\"http:\/\/www.elternforen.com\/threads\/welche-haustiere-habt-ihr.38058\/\">Besitzer von Haustieren<\/a> bevorzugen Stoffe wie Velours oder Mikrofaser, welche unkompliziert zu reinigen sind. Manche Modelle verf\u00fcgen sogar \u00fcber einen waschbaren Bezug. Hochwertiges Gewebe verf\u00fcgt zudem \u00fcber einen Lichtechtheitswert von mindestens 5 (gut) bis 8 (hervorragend), sowie eine Abriebfestigkeit von 5 (gut) bis 6 (sehr gut). Liegt dann auch noch der Pillingwert bei 4 (leicht) bis 5 (keine), erscheinen keine h\u00e4sslichen Kn\u00f6tchen auf dem Stoff. So steht der Traumcouch nichts mehr im Wege.<\/p>\n<p><strong><u>Fazit:<\/u><\/strong> Die Anforderungen ein qualitativ hochwertiges und damit langlebiges Sofa sind hoch. Wer jedoch die 4 wichtigsten Kriterien im Auge beh\u00e4lt, wird sich trotz des breiten Angebotes schnell auf seine neue Lieblingscouch festlegen k\u00f6nnen.<\/p>\n","protected":false},"excerpt":{"rendered":"<p>ANZEIGE &#8211; F\u00fcr viele Menschen bildet das Sofa das zentrale Wohlf\u00fchlelement in der Wohnung. Darauf l\u00e4sst sich gem\u00fctlich relaxen, fernsehen oder lesen. Um das perfekte Sofa f\u00fcr die eigenen vier W\u00e4nde zu finden, spielt nicht nur das \u00c4u\u00dfere eine entscheidende Rolle. Diese vier Kriterien erleichtern die Auswahl unter dem breit gef\u00e4cherten Angebot an Sitzm\u00f6beln. &nbsp; [&hellip;]<\/p>\n","protected":false},"author":72,"featured_media":10705,"comment_status":"closed","ping_status":"closed","sticky":false,"template":"","format":"standard","meta":{"_acf_changed":false,"ep_exclude_from_search":false,"_jetpack_memberships_contains_paid_content":false,"footnotes":""},"categories":[45],"tags":[],"class_list":["post-2757","post","type-post","status-publish","format-standard","has-post-thumbnail","hentry","category-haushalt-und-garten"],"acf":[],"yoast_head":"<!-- This site is optimized with the Yoast SEO plugin v27.5 - https:\/\/yoast.com\/product\/yoast-seo-wordpress\/ -->\n<title>Vier Kriterien f\u00fcr das perfekte Sofa - elternforen.com - Ratgeber-Magazin<\/title>\n<meta name=\"robots\" content=\"index, follow, max-snippet:-1, max-image-preview:large, max-video-preview:-1\" \/>\n<link rel=\"canonical\" href=\"https:\/\/www.elternforen.com\/Blog\/vier-kriterien-fuer-das-perfekte-sofa-2757\/\" \/>\n<meta property=\"og:locale\" content=\"de_DE\" \/>\n<meta property=\"og:type\" content=\"article\" \/>\n<meta property=\"og:title\" content=\"Vier Kriterien f\u00fcr das perfekte Sofa - elternforen.com - Ratgeber-Magazin\" \/>\n<meta property=\"og:description\" content=\"ANZEIGE - F\u00fcr viele Menschen bildet das Sofa das zentrale Wohlf\u00fchlelement in der Wohnung. Darauf l\u00e4sst sich gem\u00fctlich relaxen, fernsehen oder lesen. Um das perfekte Sofa f\u00fcr die eigenen vier W\u00e4nde zu finden, spielt nicht nur das \u00c4u\u00dfere eine entscheidende Rolle. Diese vier Kriterien erleichtern die Auswahl unter dem breit gef\u00e4cherten Angebot an Sitzm\u00f6beln. &nbsp; [&hellip;]\" \/>\n<meta property=\"og:url\" content=\"https:\/\/www.elternforen.com\/Blog\/vier-kriterien-fuer-das-perfekte-sofa-2757\/\" \/>\n<meta property=\"og:site_name\" content=\"elternforen.com - Ratgeber-Magazin\" \/>\n<meta property=\"article:published_time\" content=\"2015-10-01T13:20:24+00:00\" \/>\n<meta property=\"article:modified_time\" content=\"2024-05-27T12:48:30+00:00\" \/>\n<meta property=\"og:image\" content=\"https:\/\/www.elternforen.com\/Blog\/wp-content\/uploads\/2015\/10\/sofa-unsplash-scaled.jpg\" \/>\n\t<meta property=\"og:image:width\" content=\"2560\" \/>\n\t<meta property=\"og:image:height\" content=\"1707\" \/>\n\t<meta property=\"og:image:type\" content=\"image\/jpeg\" \/>\n<meta name=\"author\" content=\"Christian Lahl\" \/>\n<meta name=\"twitter:card\" content=\"summary_large_image\" \/>\n<meta name=\"twitter:label1\" content=\"Verfasst von\" \/>\n\t<meta name=\"twitter:data1\" content=\"Christian Lahl\" \/>\n\t<meta name=\"twitter:label2\" content=\"Gesch\u00e4tzte Lesezeit\" \/>\n\t<meta name=\"twitter:data2\" content=\"3\u00a0Minuten\" \/>\n<script type=\"application\/ld+json\" class=\"yoast-schema-graph\">{\"@context\":\"https:\\\/\\\/schema.org\",\"@graph\":[{\"@type\":\"Article\",\"@id\":\"https:\\\/\\\/www.elternforen.com\\\/Blog\\\/vier-kriterien-fuer-das-perfekte-sofa-2757\\\/#article\",\"isPartOf\":{\"@id\":\"https:\\\/\\\/www.elternforen.com\\\/Blog\\\/vier-kriterien-fuer-das-perfekte-sofa-2757\\\/\"},\"author\":{\"name\":\"Christian Lahl\",\"@id\":\"https:\\\/\\\/www.elternforen.com\\\/Blog\\\/#\\\/schema\\\/person\\\/ccc006bc75f22e969baf5a216e09bbaa\"},\"headline\":\"Vier Kriterien f\u00fcr das perfekte Sofa\",\"datePublished\":\"2015-10-01T13:20:24+00:00\",\"dateModified\":\"2024-05-27T12:48:30+00:00\",\"mainEntityOfPage\":{\"@id\":\"https:\\\/\\\/www.elternforen.com\\\/Blog\\\/vier-kriterien-fuer-das-perfekte-sofa-2757\\\/\"},\"wordCount\":521,\"image\":{\"@id\":\"https:\\\/\\\/www.elternforen.com\\\/Blog\\\/vier-kriterien-fuer-das-perfekte-sofa-2757\\\/#primaryimage\"},\"thumbnailUrl\":\"https:\\\/\\\/www.elternforen.com\\\/Blog\\\/wp-content\\\/uploads\\\/2015\\\/10\\\/sofa-unsplash-scaled.jpg\",\"articleSection\":[\"Haushalt und Garten\"],\"inLanguage\":\"de\"},{\"@type\":\"WebPage\",\"@id\":\"https:\\\/\\\/www.elternforen.com\\\/Blog\\\/vier-kriterien-fuer-das-perfekte-sofa-2757\\\/\",\"url\":\"https:\\\/\\\/www.elternforen.com\\\/Blog\\\/vier-kriterien-fuer-das-perfekte-sofa-2757\\\/\",\"name\":\"Vier Kriterien f\u00fcr das perfekte Sofa - elternforen.com - Ratgeber-Magazin\",\"isPartOf\":{\"@id\":\"https:\\\/\\\/www.elternforen.com\\\/Blog\\\/#website\"},\"primaryImageOfPage\":{\"@id\":\"https:\\\/\\\/www.elternforen.com\\\/Blog\\\/vier-kriterien-fuer-das-perfekte-sofa-2757\\\/#primaryimage\"},\"image\":{\"@id\":\"https:\\\/\\\/www.elternforen.com\\\/Blog\\\/vier-kriterien-fuer-das-perfekte-sofa-2757\\\/#primaryimage\"},\"thumbnailUrl\":\"https:\\\/\\\/www.elternforen.com\\\/Blog\\\/wp-content\\\/uploads\\\/2015\\\/10\\\/sofa-unsplash-scaled.jpg\",\"datePublished\":\"2015-10-01T13:20:24+00:00\",\"dateModified\":\"2024-05-27T12:48:30+00:00\",\"author\":{\"@id\":\"https:\\\/\\\/www.elternforen.com\\\/Blog\\\/#\\\/schema\\\/person\\\/ccc006bc75f22e969baf5a216e09bbaa\"},\"breadcrumb\":{\"@id\":\"https:\\\/\\\/www.elternforen.com\\\/Blog\\\/vier-kriterien-fuer-das-perfekte-sofa-2757\\\/#breadcrumb\"},\"inLanguage\":\"de\",\"potentialAction\":[{\"@type\":\"ReadAction\",\"target\":[\"https:\\\/\\\/www.elternforen.com\\\/Blog\\\/vier-kriterien-fuer-das-perfekte-sofa-2757\\\/\"]}]},{\"@type\":\"ImageObject\",\"inLanguage\":\"de\",\"@id\":\"https:\\\/\\\/www.elternforen.com\\\/Blog\\\/vier-kriterien-fuer-das-perfekte-sofa-2757\\\/#primaryimage\",\"url\":\"https:\\\/\\\/www.elternforen.com\\\/Blog\\\/wp-content\\\/uploads\\\/2015\\\/10\\\/sofa-unsplash-scaled.jpg\",\"contentUrl\":\"https:\\\/\\\/www.elternforen.com\\\/Blog\\\/wp-content\\\/uploads\\\/2015\\\/10\\\/sofa-unsplash-scaled.jpg\",\"width\":2560,\"height\":1707,\"caption\":\"Sofa, Bild: unsplash\"},{\"@type\":\"BreadcrumbList\",\"@id\":\"https:\\\/\\\/www.elternforen.com\\\/Blog\\\/vier-kriterien-fuer-das-perfekte-sofa-2757\\\/#breadcrumb\",\"itemListElement\":[{\"@type\":\"ListItem\",\"position\":1,\"name\":\"Home\",\"item\":\"https:\\\/\\\/www.elternforen.com\\\/Blog\\\/\"},{\"@type\":\"ListItem\",\"position\":2,\"name\":\"Vier Kriterien f\u00fcr das perfekte Sofa\"}]},{\"@type\":\"WebSite\",\"@id\":\"https:\\\/\\\/www.elternforen.com\\\/Blog\\\/#website\",\"url\":\"https:\\\/\\\/www.elternforen.com\\\/Blog\\\/\",\"name\":\"elternforen.com - Ratgeber-Magazin\",\"description\":\"Der Blog \u00fcber Familie, Schwangerschaft, Babys und Kinder\",\"potentialAction\":[{\"@type\":\"SearchAction\",\"target\":{\"@type\":\"EntryPoint\",\"urlTemplate\":\"https:\\\/\\\/www.elternforen.com\\\/Blog\\\/?s={search_term_string}\"},\"query-input\":{\"@type\":\"PropertyValueSpecification\",\"valueRequired\":true,\"valueName\":\"search_term_string\"}}],\"inLanguage\":\"de\"},{\"@type\":\"Person\",\"@id\":\"https:\\\/\\\/www.elternforen.com\\\/Blog\\\/#\\\/schema\\\/person\\\/ccc006bc75f22e969baf5a216e09bbaa\",\"name\":\"Christian Lahl\",\"url\":\"https:\\\/\\\/www.elternforen.com\\\/Blog\\\/author\\\/christian-lahl\\\/\"}]}<\/script>\n<!-- \/ Yoast SEO plugin. -->","yoast_head_json":{"title":"Vier Kriterien f\u00fcr das perfekte Sofa - elternforen.com - Ratgeber-Magazin","robots":{"index":"index","follow":"follow","max-snippet":"max-snippet:-1","max-image-preview":"max-image-preview:large","max-video-preview":"max-video-preview:-1"},"canonical":"https:\/\/www.elternforen.com\/Blog\/vier-kriterien-fuer-das-perfekte-sofa-2757\/","og_locale":"de_DE","og_type":"article","og_title":"Vier Kriterien f\u00fcr das perfekte Sofa - elternforen.com - Ratgeber-Magazin","og_description":"ANZEIGE - F\u00fcr viele Menschen bildet das Sofa das zentrale Wohlf\u00fchlelement in der Wohnung. Darauf l\u00e4sst sich gem\u00fctlich relaxen, fernsehen oder lesen. Um das perfekte Sofa f\u00fcr die eigenen vier W\u00e4nde zu finden, spielt nicht nur das \u00c4u\u00dfere eine entscheidende Rolle. Diese vier Kriterien erleichtern die Auswahl unter dem breit gef\u00e4cherten Angebot an Sitzm\u00f6beln. &nbsp; [&hellip;]","og_url":"https:\/\/www.elternforen.com\/Blog\/vier-kriterien-fuer-das-perfekte-sofa-2757\/","og_site_name":"elternforen.com - Ratgeber-Magazin","article_published_time":"2015-10-01T13:20:24+00:00","article_modified_time":"2024-05-27T12:48:30+00:00","og_image":[{"width":2560,"height":1707,"url":"https:\/\/www.elternforen.com\/Blog\/wp-content\/uploads\/2015\/10\/sofa-unsplash-scaled.jpg","type":"image\/jpeg"}],"author":"Christian Lahl","twitter_card":"summary_large_image","twitter_misc":{"Verfasst von":"Christian Lahl","Gesch\u00e4tzte Lesezeit":"3\u00a0Minuten"},"schema":{"@context":"https:\/\/schema.org","@graph":[{"@type":"Article","@id":"https:\/\/www.elternforen.com\/Blog\/vier-kriterien-fuer-das-perfekte-sofa-2757\/#article","isPartOf":{"@id":"https:\/\/www.elternforen.com\/Blog\/vier-kriterien-fuer-das-perfekte-sofa-2757\/"},"author":{"name":"Christian Lahl","@id":"https:\/\/www.elternforen.com\/Blog\/#\/schema\/person\/ccc006bc75f22e969baf5a216e09bbaa"},"headline":"Vier Kriterien f\u00fcr das perfekte Sofa","datePublished":"2015-10-01T13:20:24+00:00","dateModified":"2024-05-27T12:48:30+00:00","mainEntityOfPage":{"@id":"https:\/\/www.elternforen.com\/Blog\/vier-kriterien-fuer-das-perfekte-sofa-2757\/"},"wordCount":521,"image":{"@id":"https:\/\/www.elternforen.com\/Blog\/vier-kriterien-fuer-das-perfekte-sofa-2757\/#primaryimage"},"thumbnailUrl":"https:\/\/www.elternforen.com\/Blog\/wp-content\/uploads\/2015\/10\/sofa-unsplash-scaled.jpg","articleSection":["Haushalt und Garten"],"inLanguage":"de"},{"@type":"WebPage","@id":"https:\/\/www.elternforen.com\/Blog\/vier-kriterien-fuer-das-perfekte-sofa-2757\/","url":"https:\/\/www.elternforen.com\/Blog\/vier-kriterien-fuer-das-perfekte-sofa-2757\/","name":"Vier Kriterien f\u00fcr das perfekte Sofa - elternforen.com - Ratgeber-Magazin","isPartOf":{"@id":"https:\/\/www.elternforen.com\/Blog\/#website"},"primaryImageOfPage":{"@id":"https:\/\/www.elternforen.com\/Blog\/vier-kriterien-fuer-das-perfekte-sofa-2757\/#primaryimage"},"image":{"@id":"https:\/\/www.elternforen.com\/Blog\/vier-kriterien-fuer-das-perfekte-sofa-2757\/#primaryimage"},"thumbnailUrl":"https:\/\/www.elternforen.com\/Blog\/wp-content\/uploads\/2015\/10\/sofa-unsplash-scaled.jpg","datePublished":"2015-10-01T13:20:24+00:00","dateModified":"2024-05-27T12:48:30+00:00","author":{"@id":"https:\/\/www.elternforen.com\/Blog\/#\/schema\/person\/ccc006bc75f22e969baf5a216e09bbaa"},"breadcrumb":{"@id":"https:\/\/www.elternforen.com\/Blog\/vier-kriterien-fuer-das-perfekte-sofa-2757\/#breadcrumb"},"inLanguage":"de","potentialAction":[{"@type":"ReadAction","target":["https:\/\/www.elternforen.com\/Blog\/vier-kriterien-fuer-das-perfekte-sofa-2757\/"]}]},{"@type":"ImageObject","inLanguage":"de","@id":"https:\/\/www.elternforen.com\/Blog\/vier-kriterien-fuer-das-perfekte-sofa-2757\/#primaryimage","url":"https:\/\/www.elternforen.com\/Blog\/wp-content\/uploads\/2015\/10\/sofa-unsplash-scaled.jpg","contentUrl":"https:\/\/www.elternforen.com\/Blog\/wp-content\/uploads\/2015\/10\/sofa-unsplash-scaled.jpg","width":2560,"height":1707,"caption":"Sofa, Bild: unsplash"},{"@type":"BreadcrumbList","@id":"https:\/\/www.elternforen.com\/Blog\/vier-kriterien-fuer-das-perfekte-sofa-2757\/#breadcrumb","itemListElement":[{"@type":"ListItem","position":1,"name":"Home","item":"https:\/\/www.elternforen.com\/Blog\/"},{"@type":"ListItem","position":2,"name":"Vier Kriterien f\u00fcr das perfekte Sofa"}]},{"@type":"WebSite","@id":"https:\/\/www.elternforen.com\/Blog\/#website","url":"https:\/\/www.elternforen.com\/Blog\/","name":"elternforen.com - Ratgeber-Magazin","description":"Der Blog \u00fcber Familie, Schwangerschaft, Babys und Kinder","potentialAction":[{"@type":"SearchAction","target":{"@type":"EntryPoint","urlTemplate":"https:\/\/www.elternforen.com\/Blog\/?s={search_term_string}"},"query-input":{"@type":"PropertyValueSpecification","valueRequired":true,"valueName":"search_term_string"}}],"inLanguage":"de"},{"@type":"Person","@id":"https:\/\/www.elternforen.com\/Blog\/#\/schema\/person\/ccc006bc75f22e969baf5a216e09bbaa","name":"Christian Lahl","url":"https:\/\/www.elternforen.com\/Blog\/author\/christian-lahl\/"}]}},"jetpack_featured_media_url":"https:\/\/www.elternforen.com\/Blog\/wp-content\/uploads\/2015\/10\/sofa-unsplash-scaled.jpg","jetpack_sharing_enabled":true,"_links":{"self":[{"href":"https:\/\/www.elternforen.com\/Blog\/wp-json\/wp\/v2\/posts\/2757","targetHints":{"allow":["GET"]}}],"collection":[{"href":"https:\/\/www.elternforen.com\/Blog\/wp-json\/wp\/v2\/posts"}],"about":[{"href":"https:\/\/www.elternforen.com\/Blog\/wp-json\/wp\/v2\/types\/post"}],"author":[{"embeddable":true,"href":"https:\/\/www.elternforen.com\/Blog\/wp-json\/wp\/v2\/users\/72"}],"replies":[{"embeddable":true,"href":"https:\/\/www.elternforen.com\/Blog\/wp-json\/wp\/v2\/comments?post=2757"}],"version-history":[{"count":4,"href":"https:\/\/www.elternforen.com\/Blog\/wp-json\/wp\/v2\/posts\/2757\/revisions"}],"predecessor-version":[{"id":10713,"href":"https:\/\/www.elternforen.com\/Blog\/wp-json\/wp\/v2\/posts\/2757\/revisions\/10713"}],"wp:featuredmedia":[{"embeddable":true,"href":"https:\/\/www.elternforen.com\/Blog\/wp-json\/wp\/v2\/media\/10705"}],"wp:attachment":[{"href":"https:\/\/www.elternforen.com\/Blog\/wp-json\/wp\/v2\/media?parent=2757"}],"wp:term":[{"taxonomy":"category","embeddable":true,"href":"https:\/\/www.elternforen.com\/Blog\/wp-json\/wp\/v2\/categories?post=2757"},{"taxonomy":"post_tag","embeddable":true,"href":"https:\/\/www.elternforen.com\/Blog\/wp-json\/wp\/v2\/tags?post=2757"}],"curies":[{"name":"wp","href":"https:\/\/api.w.org\/{rel}","templated":true}]}}