{"id":3394,"date":"2017-01-24T13:23:13","date_gmt":"2017-01-24T12:23:13","guid":{"rendered":"http:\/\/www.elternforen.com\/Blog\/?p=3394"},"modified":"2024-05-27T15:12:01","modified_gmt":"2024-05-27T13:12:01","slug":"erinnerungen-an-die-kinderzeit-festhalten-3394","status":"publish","type":"post","link":"https:\/\/www.elternforen.com\/Blog\/erinnerungen-an-die-kinderzeit-festhalten-3394\/","title":{"rendered":"Erinnerungen an die Kinderzeit festhalten"},"content":{"rendered":"ANZEIGE - <p>&#8222;Wei\u00dft du noch wie&#8217;s war, Kinderzeit, wunderbar, die Welt war bunt und sch\u00f6n&#8230;&#8220; Was Wolfsheim in seinem Songtext so treffend formuliert, wird vielen Eltern nach wenigen Jahren bewusst. So schnell geht die beh\u00fctete Kindheit ihres Nachwuchses vor\u00fcber. Grund genug, die wichtigsten Erinnerungen an diese sch\u00f6ne Zeit von Anfang an zu beh\u00fcten. Statt nur Fotos zu schie\u00dfen, gibt es daf\u00fcr weitaus mehr M\u00f6glichkeiten. Dies sind unsere Ideen:<\/p>\n<h2>Kinderbilder k\u00fcnstlerisch in Szene gesetzt<\/h2>\n<p>In Gro\u00dfst\u00e4dten und Urlaubsgebieten pr\u00e4gen vielerorts kreative K\u00fcnstler das Stra\u00dfenbild. Sie zeichnen mit geschickter Hand und dem gewissen Gesp\u00fcr f\u00fcr die Feinheiten der Mimik Bilder von Passanten. Nur mit Bleistift, Kreide oder Kohle ausgestattet, bringen sie wundersch\u00f6ne Bilder zu Papier. Diese M\u00f6glichkeit k\u00f6nnen Eltern nun auch online nutzen. Ein Foto des Nachwuchses reicht bereits aus, und der Sohn oder die Tochter wird von talentierten K\u00fcnstlern auf Leinwand verewigt. Interessierte Eltern k\u00f6nnen ein <a href=\"https:\/\/www.maledeinleben.com\/pencil-portraits.php\">Portrait malen lassen auf der Webseite von maledeinleben.com<\/a>. Auf diese Weise bleiben auch wichtige Momente, wie etwa der Schulanfang oder Konfirmation, f\u00fcr immer au\u00dfergew\u00f6hnlich im Bild festgehalten.<\/p>\n<h2>Erinnerungsbox<\/h2>\n<p>Mit dem Gr\u00f6\u00dferwerden der Kinder verschwinden viele wertvolle Erinnerungsst\u00fccke im Nirgendwo. Eine ger\u00e4umige Schachtel, eine Box oder ein liebevoll gestalteter Karton bieten Raum f\u00fcr ein kleines pers\u00f6nliches Museum. Wichtige Utensilien, die es lohnt aufzuheben, geh\u00f6ren in diese Zeitkapsel. Die erste Locke, der Lieblingsstrampler oder der erste Zahn finden darin ein w\u00fcrdiges Zuhause. Ob <a href=\"http:\/\/www.elternforen.com\/forums\/kreativ-basteln-spielen-mit-kindern.32\/\">Bastelarbeiten<\/a>, die erste &#8222;Eins&#8220; in der Schule oder der Pokal vom Buchstabierwettbewerb: in einigen Jahren holen die jungen Erwachsenen wie auch die Eltern diese &#8222;Reliquien&#8220; mit einem L\u00e4cheln aus der Box.<\/p>\n<h2>Videos statt Bilder<\/h2>\n<p>In Zeiten digitaler Medien nimmt die Bilderflut auf Smartphones und Tablets kein Ende. Oftmals sind die Aufnahmen unscharf, schlecht beleuchtet und aus ung\u00fcnstigen Perspektiven fotografiert. Bei den meisten Familien verschwinden diese Fotos in H\u00fclle und F\u00fclle auf Festplatten, USB-Sticks und CDs. Leider k\u00f6nnen nicht alle lohnenswerten Momente mit einem Schnappschuss ins rechte Licht ger\u00fcckt werden. Bewegte Aufnahmen von den ersten Schritten, der Einschulung oder den ersten wackeligen Versuchen auf dem Fahrrad verm\u00f6gen es mitunter besser, die Emotionen des Moments einzufangen.<\/p>\n<h2>Die Messlatte hochlegen<\/h2>\n<p>Wie schnell wachsen die Kleinen zu Gro\u00dfen heran. Wer das sprichw\u00f6rtliche Gr\u00f6\u00dferwerden seines Kindes anschaulich dokumentieren mag, kann mit Hilfe einer Messlatte aus Holz oder aus fester Pappe das Gedeihen seines Spr\u00f6sslings mit genauen Zentimeterangaben und Datum f\u00fcr immer festhalten. Es entsteht \u00fcber Jahre ein nettes Erinnerungsst\u00fcck, welches in einigen Jahren ein L\u00e4cheln aufs Gesicht aller zaubert: Besonders wenn der Sohn eines Tages einen Kopf gr\u00f6\u00dfer als seine Eltern ist oder die Tochter ihr eigenes Kind heranwachsen sieht.<\/p>\n<p><strong><u>Fazit:<\/u><\/strong> Die Kinderzeit vergeht wie im Flug. Eltern obliegt die verantwortungsvolle Aufgabe, wichtige Momente im Leben ihres Kindes festzuhalten und zu dokumentieren. Nicht ausschlie\u00dflich Fotos geben Gelegenheit, die Erinnerung an die Kindheit der eigenen Spr\u00f6sslinge zu bewahren. Portraits, Erinnerungsboxen oder Videos stellen eine echte Alternative dar.<\/p>\n","protected":false},"excerpt":{"rendered":"<p>ANZEIGE &#8211; &#8222;Wei\u00dft du noch wie&#8217;s war, Kinderzeit, wunderbar, die Welt war bunt und sch\u00f6n&#8230;&#8220; Was Wolfsheim in seinem Songtext so treffend formuliert, wird vielen Eltern nach wenigen Jahren bewusst. So schnell geht die beh\u00fctete Kindheit ihres Nachwuchses vor\u00fcber. Grund genug, die wichtigsten Erinnerungen an diese sch\u00f6ne Zeit von Anfang an zu beh\u00fcten. Statt nur [&hellip;]<\/p>\n","protected":false},"author":72,"featured_media":10463,"comment_status":"closed","ping_status":"closed","sticky":false,"template":"","format":"standard","meta":{"_acf_changed":false,"ep_exclude_from_search":false,"_jetpack_memberships_contains_paid_content":false,"footnotes":""},"categories":[13],"tags":[],"class_list":["post-3394","post","type-post","status-publish","format-standard","has-post-thumbnail","hentry","category-freizeit-und-hobby"],"acf":[],"yoast_head":"<!-- This site is optimized with the Yoast SEO plugin v27.5 - https:\/\/yoast.com\/product\/yoast-seo-wordpress\/ -->\n<title>Erinnerungen an die Kinderzeit festhalten - elternforen.com - Ratgeber-Magazin<\/title>\n<meta name=\"robots\" content=\"index, follow, max-snippet:-1, max-image-preview:large, max-video-preview:-1\" \/>\n<link rel=\"canonical\" href=\"https:\/\/www.elternforen.com\/Blog\/erinnerungen-an-die-kinderzeit-festhalten-3394\/\" \/>\n<meta property=\"og:locale\" content=\"de_DE\" \/>\n<meta property=\"og:type\" content=\"article\" \/>\n<meta property=\"og:title\" content=\"Erinnerungen an die Kinderzeit festhalten - elternforen.com - Ratgeber-Magazin\" \/>\n<meta property=\"og:description\" content=\"ANZEIGE - &#8222;Wei\u00dft du noch wie&#8217;s war, Kinderzeit, wunderbar, die Welt war bunt und sch\u00f6n&#8230;&#8220; Was Wolfsheim in seinem Songtext so treffend formuliert, wird vielen Eltern nach wenigen Jahren bewusst. So schnell geht die beh\u00fctete Kindheit ihres Nachwuchses vor\u00fcber. Grund genug, die wichtigsten Erinnerungen an diese sch\u00f6ne Zeit von Anfang an zu beh\u00fcten. Statt nur [&hellip;]\" \/>\n<meta property=\"og:url\" content=\"https:\/\/www.elternforen.com\/Blog\/erinnerungen-an-die-kinderzeit-festhalten-3394\/\" \/>\n<meta property=\"og:site_name\" content=\"elternforen.com - Ratgeber-Magazin\" \/>\n<meta property=\"article:published_time\" content=\"2017-01-24T12:23:13+00:00\" \/>\n<meta property=\"article:modified_time\" content=\"2024-05-27T13:12:01+00:00\" \/>\n<meta property=\"og:image\" content=\"https:\/\/www.elternforen.com\/Blog\/wp-content\/uploads\/2014\/06\/fotoalbum-unsplash-scaled.jpg\" \/>\n\t<meta property=\"og:image:width\" content=\"2560\" \/>\n\t<meta property=\"og:image:height\" content=\"1707\" \/>\n\t<meta property=\"og:image:type\" content=\"image\/jpeg\" \/>\n<meta name=\"author\" content=\"Christian Lahl\" \/>\n<meta name=\"twitter:card\" content=\"summary_large_image\" \/>\n<meta name=\"twitter:label1\" content=\"Verfasst von\" \/>\n\t<meta name=\"twitter:data1\" content=\"Christian Lahl\" \/>\n\t<meta name=\"twitter:label2\" content=\"Gesch\u00e4tzte Lesezeit\" \/>\n\t<meta name=\"twitter:data2\" content=\"3\u00a0Minuten\" \/>\n<script type=\"application\/ld+json\" class=\"yoast-schema-graph\">{\"@context\":\"https:\\\/\\\/schema.org\",\"@graph\":[{\"@type\":\"Article\",\"@id\":\"https:\\\/\\\/www.elternforen.com\\\/Blog\\\/erinnerungen-an-die-kinderzeit-festhalten-3394\\\/#article\",\"isPartOf\":{\"@id\":\"https:\\\/\\\/www.elternforen.com\\\/Blog\\\/erinnerungen-an-die-kinderzeit-festhalten-3394\\\/\"},\"author\":{\"name\":\"Christian Lahl\",\"@id\":\"https:\\\/\\\/www.elternforen.com\\\/Blog\\\/#\\\/schema\\\/person\\\/ccc006bc75f22e969baf5a216e09bbaa\"},\"headline\":\"Erinnerungen an die Kinderzeit festhalten\",\"datePublished\":\"2017-01-24T12:23:13+00:00\",\"dateModified\":\"2024-05-27T13:12:01+00:00\",\"mainEntityOfPage\":{\"@id\":\"https:\\\/\\\/www.elternforen.com\\\/Blog\\\/erinnerungen-an-die-kinderzeit-festhalten-3394\\\/\"},\"wordCount\":521,\"image\":{\"@id\":\"https:\\\/\\\/www.elternforen.com\\\/Blog\\\/erinnerungen-an-die-kinderzeit-festhalten-3394\\\/#primaryimage\"},\"thumbnailUrl\":\"https:\\\/\\\/www.elternforen.com\\\/Blog\\\/wp-content\\\/uploads\\\/2014\\\/06\\\/fotoalbum-unsplash-scaled.jpg\",\"articleSection\":[\"Freizeit und Hobby\"],\"inLanguage\":\"de\"},{\"@type\":\"WebPage\",\"@id\":\"https:\\\/\\\/www.elternforen.com\\\/Blog\\\/erinnerungen-an-die-kinderzeit-festhalten-3394\\\/\",\"url\":\"https:\\\/\\\/www.elternforen.com\\\/Blog\\\/erinnerungen-an-die-kinderzeit-festhalten-3394\\\/\",\"name\":\"Erinnerungen an die Kinderzeit festhalten - elternforen.com - Ratgeber-Magazin\",\"isPartOf\":{\"@id\":\"https:\\\/\\\/www.elternforen.com\\\/Blog\\\/#website\"},\"primaryImageOfPage\":{\"@id\":\"https:\\\/\\\/www.elternforen.com\\\/Blog\\\/erinnerungen-an-die-kinderzeit-festhalten-3394\\\/#primaryimage\"},\"image\":{\"@id\":\"https:\\\/\\\/www.elternforen.com\\\/Blog\\\/erinnerungen-an-die-kinderzeit-festhalten-3394\\\/#primaryimage\"},\"thumbnailUrl\":\"https:\\\/\\\/www.elternforen.com\\\/Blog\\\/wp-content\\\/uploads\\\/2014\\\/06\\\/fotoalbum-unsplash-scaled.jpg\",\"datePublished\":\"2017-01-24T12:23:13+00:00\",\"dateModified\":\"2024-05-27T13:12:01+00:00\",\"author\":{\"@id\":\"https:\\\/\\\/www.elternforen.com\\\/Blog\\\/#\\\/schema\\\/person\\\/ccc006bc75f22e969baf5a216e09bbaa\"},\"breadcrumb\":{\"@id\":\"https:\\\/\\\/www.elternforen.com\\\/Blog\\\/erinnerungen-an-die-kinderzeit-festhalten-3394\\\/#breadcrumb\"},\"inLanguage\":\"de\",\"potentialAction\":[{\"@type\":\"ReadAction\",\"target\":[\"https:\\\/\\\/www.elternforen.com\\\/Blog\\\/erinnerungen-an-die-kinderzeit-festhalten-3394\\\/\"]}]},{\"@type\":\"ImageObject\",\"inLanguage\":\"de\",\"@id\":\"https:\\\/\\\/www.elternforen.com\\\/Blog\\\/erinnerungen-an-die-kinderzeit-festhalten-3394\\\/#primaryimage\",\"url\":\"https:\\\/\\\/www.elternforen.com\\\/Blog\\\/wp-content\\\/uploads\\\/2014\\\/06\\\/fotoalbum-unsplash-scaled.jpg\",\"contentUrl\":\"https:\\\/\\\/www.elternforen.com\\\/Blog\\\/wp-content\\\/uploads\\\/2014\\\/06\\\/fotoalbum-unsplash-scaled.jpg\",\"width\":2560,\"height\":1707,\"caption\":\"Fotoalbum, Bild: unsplash\"},{\"@type\":\"BreadcrumbList\",\"@id\":\"https:\\\/\\\/www.elternforen.com\\\/Blog\\\/erinnerungen-an-die-kinderzeit-festhalten-3394\\\/#breadcrumb\",\"itemListElement\":[{\"@type\":\"ListItem\",\"position\":1,\"name\":\"Home\",\"item\":\"https:\\\/\\\/www.elternforen.com\\\/Blog\\\/\"},{\"@type\":\"ListItem\",\"position\":2,\"name\":\"Erinnerungen an die Kinderzeit festhalten\"}]},{\"@type\":\"WebSite\",\"@id\":\"https:\\\/\\\/www.elternforen.com\\\/Blog\\\/#website\",\"url\":\"https:\\\/\\\/www.elternforen.com\\\/Blog\\\/\",\"name\":\"elternforen.com - Ratgeber-Magazin\",\"description\":\"Der Blog \u00fcber Familie, Schwangerschaft, Babys und Kinder\",\"potentialAction\":[{\"@type\":\"SearchAction\",\"target\":{\"@type\":\"EntryPoint\",\"urlTemplate\":\"https:\\\/\\\/www.elternforen.com\\\/Blog\\\/?s={search_term_string}\"},\"query-input\":{\"@type\":\"PropertyValueSpecification\",\"valueRequired\":true,\"valueName\":\"search_term_string\"}}],\"inLanguage\":\"de\"},{\"@type\":\"Person\",\"@id\":\"https:\\\/\\\/www.elternforen.com\\\/Blog\\\/#\\\/schema\\\/person\\\/ccc006bc75f22e969baf5a216e09bbaa\",\"name\":\"Christian Lahl\",\"url\":\"https:\\\/\\\/www.elternforen.com\\\/Blog\\\/author\\\/christian-lahl\\\/\"}]}<\/script>\n<!-- \/ Yoast SEO plugin. -->","yoast_head_json":{"title":"Erinnerungen an die Kinderzeit festhalten - elternforen.com - Ratgeber-Magazin","robots":{"index":"index","follow":"follow","max-snippet":"max-snippet:-1","max-image-preview":"max-image-preview:large","max-video-preview":"max-video-preview:-1"},"canonical":"https:\/\/www.elternforen.com\/Blog\/erinnerungen-an-die-kinderzeit-festhalten-3394\/","og_locale":"de_DE","og_type":"article","og_title":"Erinnerungen an die Kinderzeit festhalten - elternforen.com - Ratgeber-Magazin","og_description":"ANZEIGE - &#8222;Wei\u00dft du noch wie&#8217;s war, Kinderzeit, wunderbar, die Welt war bunt und sch\u00f6n&#8230;&#8220; Was Wolfsheim in seinem Songtext so treffend formuliert, wird vielen Eltern nach wenigen Jahren bewusst. So schnell geht die beh\u00fctete Kindheit ihres Nachwuchses vor\u00fcber. Grund genug, die wichtigsten Erinnerungen an diese sch\u00f6ne Zeit von Anfang an zu beh\u00fcten. Statt nur [&hellip;]","og_url":"https:\/\/www.elternforen.com\/Blog\/erinnerungen-an-die-kinderzeit-festhalten-3394\/","og_site_name":"elternforen.com - Ratgeber-Magazin","article_published_time":"2017-01-24T12:23:13+00:00","article_modified_time":"2024-05-27T13:12:01+00:00","og_image":[{"width":2560,"height":1707,"url":"https:\/\/www.elternforen.com\/Blog\/wp-content\/uploads\/2014\/06\/fotoalbum-unsplash-scaled.jpg","type":"image\/jpeg"}],"author":"Christian Lahl","twitter_card":"summary_large_image","twitter_misc":{"Verfasst von":"Christian Lahl","Gesch\u00e4tzte Lesezeit":"3\u00a0Minuten"},"schema":{"@context":"https:\/\/schema.org","@graph":[{"@type":"Article","@id":"https:\/\/www.elternforen.com\/Blog\/erinnerungen-an-die-kinderzeit-festhalten-3394\/#article","isPartOf":{"@id":"https:\/\/www.elternforen.com\/Blog\/erinnerungen-an-die-kinderzeit-festhalten-3394\/"},"author":{"name":"Christian Lahl","@id":"https:\/\/www.elternforen.com\/Blog\/#\/schema\/person\/ccc006bc75f22e969baf5a216e09bbaa"},"headline":"Erinnerungen an die Kinderzeit festhalten","datePublished":"2017-01-24T12:23:13+00:00","dateModified":"2024-05-27T13:12:01+00:00","mainEntityOfPage":{"@id":"https:\/\/www.elternforen.com\/Blog\/erinnerungen-an-die-kinderzeit-festhalten-3394\/"},"wordCount":521,"image":{"@id":"https:\/\/www.elternforen.com\/Blog\/erinnerungen-an-die-kinderzeit-festhalten-3394\/#primaryimage"},"thumbnailUrl":"https:\/\/www.elternforen.com\/Blog\/wp-content\/uploads\/2014\/06\/fotoalbum-unsplash-scaled.jpg","articleSection":["Freizeit und Hobby"],"inLanguage":"de"},{"@type":"WebPage","@id":"https:\/\/www.elternforen.com\/Blog\/erinnerungen-an-die-kinderzeit-festhalten-3394\/","url":"https:\/\/www.elternforen.com\/Blog\/erinnerungen-an-die-kinderzeit-festhalten-3394\/","name":"Erinnerungen an die Kinderzeit festhalten - elternforen.com - Ratgeber-Magazin","isPartOf":{"@id":"https:\/\/www.elternforen.com\/Blog\/#website"},"primaryImageOfPage":{"@id":"https:\/\/www.elternforen.com\/Blog\/erinnerungen-an-die-kinderzeit-festhalten-3394\/#primaryimage"},"image":{"@id":"https:\/\/www.elternforen.com\/Blog\/erinnerungen-an-die-kinderzeit-festhalten-3394\/#primaryimage"},"thumbnailUrl":"https:\/\/www.elternforen.com\/Blog\/wp-content\/uploads\/2014\/06\/fotoalbum-unsplash-scaled.jpg","datePublished":"2017-01-24T12:23:13+00:00","dateModified":"2024-05-27T13:12:01+00:00","author":{"@id":"https:\/\/www.elternforen.com\/Blog\/#\/schema\/person\/ccc006bc75f22e969baf5a216e09bbaa"},"breadcrumb":{"@id":"https:\/\/www.elternforen.com\/Blog\/erinnerungen-an-die-kinderzeit-festhalten-3394\/#breadcrumb"},"inLanguage":"de","potentialAction":[{"@type":"ReadAction","target":["https:\/\/www.elternforen.com\/Blog\/erinnerungen-an-die-kinderzeit-festhalten-3394\/"]}]},{"@type":"ImageObject","inLanguage":"de","@id":"https:\/\/www.elternforen.com\/Blog\/erinnerungen-an-die-kinderzeit-festhalten-3394\/#primaryimage","url":"https:\/\/www.elternforen.com\/Blog\/wp-content\/uploads\/2014\/06\/fotoalbum-unsplash-scaled.jpg","contentUrl":"https:\/\/www.elternforen.com\/Blog\/wp-content\/uploads\/2014\/06\/fotoalbum-unsplash-scaled.jpg","width":2560,"height":1707,"caption":"Fotoalbum, Bild: unsplash"},{"@type":"BreadcrumbList","@id":"https:\/\/www.elternforen.com\/Blog\/erinnerungen-an-die-kinderzeit-festhalten-3394\/#breadcrumb","itemListElement":[{"@type":"ListItem","position":1,"name":"Home","item":"https:\/\/www.elternforen.com\/Blog\/"},{"@type":"ListItem","position":2,"name":"Erinnerungen an die Kinderzeit festhalten"}]},{"@type":"WebSite","@id":"https:\/\/www.elternforen.com\/Blog\/#website","url":"https:\/\/www.elternforen.com\/Blog\/","name":"elternforen.com - Ratgeber-Magazin","description":"Der Blog \u00fcber Familie, Schwangerschaft, Babys und Kinder","potentialAction":[{"@type":"SearchAction","target":{"@type":"EntryPoint","urlTemplate":"https:\/\/www.elternforen.com\/Blog\/?s={search_term_string}"},"query-input":{"@type":"PropertyValueSpecification","valueRequired":true,"valueName":"search_term_string"}}],"inLanguage":"de"},{"@type":"Person","@id":"https:\/\/www.elternforen.com\/Blog\/#\/schema\/person\/ccc006bc75f22e969baf5a216e09bbaa","name":"Christian Lahl","url":"https:\/\/www.elternforen.com\/Blog\/author\/christian-lahl\/"}]}},"jetpack_featured_media_url":"https:\/\/www.elternforen.com\/Blog\/wp-content\/uploads\/2014\/06\/fotoalbum-unsplash-scaled.jpg","jetpack_sharing_enabled":true,"_links":{"self":[{"href":"https:\/\/www.elternforen.com\/Blog\/wp-json\/wp\/v2\/posts\/3394","targetHints":{"allow":["GET"]}}],"collection":[{"href":"https:\/\/www.elternforen.com\/Blog\/wp-json\/wp\/v2\/posts"}],"about":[{"href":"https:\/\/www.elternforen.com\/Blog\/wp-json\/wp\/v2\/types\/post"}],"author":[{"embeddable":true,"href":"https:\/\/www.elternforen.com\/Blog\/wp-json\/wp\/v2\/users\/72"}],"replies":[{"embeddable":true,"href":"https:\/\/www.elternforen.com\/Blog\/wp-json\/wp\/v2\/comments?post=3394"}],"version-history":[{"count":2,"href":"https:\/\/www.elternforen.com\/Blog\/wp-json\/wp\/v2\/posts\/3394\/revisions"}],"predecessor-version":[{"id":3397,"href":"https:\/\/www.elternforen.com\/Blog\/wp-json\/wp\/v2\/posts\/3394\/revisions\/3397"}],"wp:featuredmedia":[{"embeddable":true,"href":"https:\/\/www.elternforen.com\/Blog\/wp-json\/wp\/v2\/media\/10463"}],"wp:attachment":[{"href":"https:\/\/www.elternforen.com\/Blog\/wp-json\/wp\/v2\/media?parent=3394"}],"wp:term":[{"taxonomy":"category","embeddable":true,"href":"https:\/\/www.elternforen.com\/Blog\/wp-json\/wp\/v2\/categories?post=3394"},{"taxonomy":"post_tag","embeddable":true,"href":"https:\/\/www.elternforen.com\/Blog\/wp-json\/wp\/v2\/tags?post=3394"}],"curies":[{"name":"wp","href":"https:\/\/api.w.org\/{rel}","templated":true}]}}