{"id":3882,"date":"2017-12-01T16:52:51","date_gmt":"2017-12-01T15:52:51","guid":{"rendered":"http:\/\/www.elternforen.com\/Blog\/?p=3882"},"modified":"2024-05-31T09:35:24","modified_gmt":"2024-05-31T07:35:24","slug":"zeitlos-und-stylisch-als-30-something-papa-das-geht-3882","status":"publish","type":"post","link":"https:\/\/www.elternforen.com\/Blog\/zeitlos-und-stylisch-als-30-something-papa-das-geht-3882\/","title":{"rendered":"Zeitlos und stylisch als 30-something-Papa? Das geht!"},"content":{"rendered":"ANZEIGE - <p>M\u00e4nner ab den sp\u00e4ten 20ern haben es in Sachen Mode nicht einfach. Wo bei der Damenwelt die Trendst\u00fccke nur so herabregnen und es auch sozial akzeptiert ist, wenn Ladies sich ausgefallener kleiden, sieht die M\u00e4nnermode-Sachlage so aus, dass es oftmals nur Extreme gibt: Entweder extrem trendig oder extrem konservativ. Und in der Grenzwelt zwischen 20 und 30 ist beides selten die richtige Wahl. Ganz kompliziert wird es, wenn dann auch noch Kinder im Spiel sind. Dreckige Fingerdatschen am Hemd oder Schmutzspuren auf der Hose sind eben nicht State-of-the-art. Doch mit etwas Fingerspitzengef\u00fchl l\u00e4sst sich eine Gratwanderung vollziehen. Wie Sie es k\u00f6nnen, zeigen wir im folgenden Artikel.<\/p>\n<h2>1. Vorteil Alter?<\/h2>\n<p>In Sachen Mode sind die m\u00e4nnlichen Sp\u00e4t-Zwanziger und Fr\u00fch-Drei\u00dfiger geh\u00f6rig in der Zwickm\u00fchle. Denn in klassischer Jugendkleidung mit grellen Farben und Mustern wirkt man(n) etwas wie ein Berufsjugendlicher \u2013 vor allem wenn Kinder an der Hand herum tollen, wirkt das doch ein bisschen fehl am Platz. Umgekehrt kann es aber auch sein, dass man in gesetzt-konservativen Herrenkleidern samt akkurat gestutztem Schnurrbart wie sein eigener Vater und damit wie der Gro\u00dfvater wirkt \u2013 beides nicht sonderlich erstrebenswert.<\/p>\n<p>Doch man muss die Sache einfach umgekehrt betrachten. Denn diese Nachteile lassen sich durchaus umdrehen. Beispiele gef\u00e4llig?<\/p>\n<ul>\n<li>Als Jung-20er wirkt man u.U. im Anzug eher wie ein Konfirmand. Als Sp\u00e4t-20er hingegen wie ein cooler Business-Mann<\/li>\n<li>Mit 18 eine Cordhose zu tragen, sieht nach Hipster aus, Anfang 30 passt es aber \u2013 und weil man noch jung ist, wirken dazu auch dezente Sneaker cool<\/li>\n<li>Als 55-J\u00e4hriger ein ausgeschnittenes V-Neck-Shirt zu tragen, sieht nach Jugendwahn aus. Beim Sp\u00e4t-20er einfach nach normaler Mode<\/li>\n<\/ul>\n<p>Diese Liste l\u00e4sst sich noch lange fortsetzen, denn in diesem Alters-Mittelfeld ist es gerade ein Vorteil, dass man sich aus beiden Welten bedienen kann, ohne aus der Rolle zu fallen.<\/p>\n<h2>2. Zeitlos-Cut statt Fashion-Victim<\/h2>\n<p>Schlips und Anzug wirken bei vielen M\u00e4nnern erst jenseits der 30 wirklich gut. Vorher ist oft das Gesicht noch zu jugendlich.Ja,\u201cFrauen haben bei zeitgen\u00f6ssischer Mode ungleich mehr Auswahl. Daf\u00fcr haben M\u00e4nner aber einen Vorteil, um die sie so manche Frau beneiden d\u00fcrfte: Sie k\u00f6nnen aus einer Bandbreite wirklich zeitloser Modest\u00fccke w\u00e4hlen. Manche schon ein Jahrhundert alt, ohne dass man ihnen das anmerkt.<\/p>\n<p><a href=\"http:\/\/www.frauerlei.de\/allgemein\/beliebt-und-zeitlos-der-trenchcoat-wird-100.html\">Das vielleicht klassischste Beispiel ist der Trenchcoat<\/a>. Gleich sein erster Vorteil ist, dass man ihn als Mann erst jenseits der 30 wirklich tragen kann, ohne Grinsen zu erregen. Und dann ist er noch unheimlich vielf\u00e4ltig: Ob nun als Regenschutz \u00fcber dem Anzug (nat\u00fcrlich in klassischem Khaki) oder in der knielangen Form zur dunklen Jeans und Hemd. Und das italienische Label Stone Age, das <a href=\"https:\/\/www.allikestore.com\/german\/stone-island.html?p=1\">generell f\u00fcr sehr ausget\u00fcftelte Schnitte bekannt<\/a> ist, hat dem \u201eGrabenmantel\u201c sogar durch einige wenige Ver\u00e4nderungen die Strenge genommen \u2013 Modelle wie der <em>Ghost Piece<\/em> sind zwar nach wie vor durch und durch Trenchcoat, durch den moderneren Schnitt jedoch noch breitentauglicher als das Ursprungsmodell.<\/p>\n<p>Und diese Zeitlosigkeit zieht sich in der Welt der sp\u00e4ten 20er und fr\u00fchen 30er durch viele weitere Kleidungsst\u00fccke. Man(n) sollte nur einige Schnitt-Grundregeln beherzigen. Dann f\u00e4llt einem rasch auf, wie viel Mode darunterf\u00e4llt:<\/p>\n<ul>\n<li>Hosen mit \u201enormalem\u201c Schnitt. Also weder trendig mega-eng, noch ausgebeult. Bei Jeans ist das <a href=\"http:\/\/www.gq-magazin.de\/mode-stil\/modetrends\/jeans-guide\">beispielsweise der \u201eRegular Cut\u201c<\/a> (so nennen es die meisten Hersteller)<\/li>\n<li>Gibt es ebenfalls schon seit \u00fcber hundert Jahren und sind der perfekte Mix zwischen Hemd und T-Shirt \u2013 und somit sowohl f\u00fcr Arbeit wie Freizeit geeignet<\/li>\n<li>XL-Strickpullover. Waren in Kindertagen als kratzige Winterkleidung verp\u00f6nt und werden <a href=\"https:\/\/www.barbara.de\/montag\/schatz-dieser-oversize-pullover-ist-schrecklich-diese-mode-finden-frauen-toll-und-maenner-hassen-sie\/\">von den meisten M\u00e4nnern an Frauen gehasst<\/a>, wirken aber bei ihnen selbst, gerade als grob gestrickter Troyer, in Verbindung mit ausgewaschenen Jeans extrem kernig<\/li>\n<li>Klar kann man auch jenseits der 30 noch Sneaker tragen. Aber mit einem anst\u00e4ndigen Paar Lederstiefel \u00c3\u0192\u00a0 la Timberlands tritt der Herr von Welt einfach erwachsener auf. Allerdings: F\u00fcrs Business sollten es feinere Stiefel sein. Die honigfarbenen Work-Boots wirken daf\u00fcr doch zu sehr nach Holzf\u00e4ller<\/li>\n<\/ul>\n<p>Und dann nat\u00fcrlich noch die Accessoires. Wo man als 18-J\u00e4hriger h\u00f6chstens eine Digitaluhr stilvoll tragen kann, darf es ein Dutzend Jahre sp\u00e4ter auch ein Vintage-St\u00fcck mit mechanischem Werk sein. Eine Silberkette mit Kreuz? Perfekt. Doch gilt gerade bei den Accessoires: Der erwachsene Mann zeichnet sich dadurch aus, dass er diese nur zur\u00fcckhaltend tr\u00e4gt. Eine Schmuckregel besagt \u201e<em>Pro Extremit\u00e4t nur eines<\/em>\u201c. Links also die Uhr, rechts ein (Ehe-)Ring und um den Hals eine Kette ist cool genug.<\/p>\n<h2>3. Vergiss Farbe<\/h2>\n<p>H\u00fcte sind schon lange aus der Mode und k\u00f6nnen au\u00dferhalb des Wilden Westens nur von \u00e4lteren Herren halbwegs seri\u00f6s getragen werdenJedem Teenager sein Neon-Regenbogen. Aber auch wenn die Herrenmode generell bunter wird, sollte man mit 30 beginnen, es ein St\u00fcck dezenter angehen zu lassen. Dabei gibt es eigentlich nur eine Regel: Generell gesetztere Farben verwenden und wirklich Grellbuntes nur als T\u00fcpfelchen, das den Look abrundet.<\/p>\n<p>Und da kommen wir direkt zur gigantisch gro\u00dfen Palette der Erdt\u00f6ne, auch bekannt als Naturfarben. Darunter f\u00e4llt buchstabengetreu alles, was in der Natur vorkommt. Auf der hellen Seite w\u00e4re das beispielsweise das \u201eDunkelwei\u00df\u201c von ungef\u00e4rbter Wolle, weiterf\u00fchrend \u00fcber die vielen Sand-T\u00f6ne. Und es zieht sich quer \u00fcber die Farbpalette von Weinrot und Meeresgr\u00fcn bis hin zu torfigem Dunkelbraun. Es ist also alles erlaubt, was nicht gerade nach Laser-Blau oder Neon-Pink aussieht. Eben gesetzt und reifer, wie ein Mann, der die 30 hinter sich hat.<\/p>\n<h2>4. No-Go Hut<\/h2>\n<p>Eines geht jedoch auch am Ende der 20er noch nicht (und auch f\u00fcr so einige Jahre danach) und zwar H\u00fcte. Ja, man sieht in den Innenst\u00e4dten immer wieder Fedoras, Trilbys und sogar Melonen auf Herrenk\u00f6pfen im Schrittma\u00df auf und ab wippen. Wenn man allerdings nicht ein ausgesprochener Hipster ist oder der Rente entgegensieht, sind H\u00fcte leider keine Wahl.<\/p>\n<p>Hersteller versuchen zwar in sch\u00f6ner Regelm\u00e4\u00dfigkeit, den Herrenhut wiederzubeleben, aber nachdem schon John F. Kennedy in den fr\u00fchen 60ern <a href=\"http:\/\/www.spiegel.de\/einestages\/der-untergang-des-herrenhuts-a-947729.html\">als erster US-Pr\u00e4sident \u201eoben ohne\u201c<\/a> herumlief, haben Kopfbedeckungen mit umlaufender Krempe bei jungen und junggebliebenen M\u00e4nnern heute nichts mehr verloren. Wenn man jedoch nicht verzichten m\u00f6chte und bei Basecaps nichts Passendes findet, sollte der Griff zu dem gehen, das im Rhein-Main-Gebiet als \u201eBatschkapp\u201c bezeichnet wird: Die klassische Schieberm\u00fctze. Aber bitte mit dem Schirm nach vorne. Umgedreht war ausschlie\u00dflich in den 1990ern noch modisch akzeptabel.<\/p>\n","protected":false},"excerpt":{"rendered":"<p>ANZEIGE &#8211; M\u00e4nner ab den sp\u00e4ten 20ern haben es in Sachen Mode nicht einfach. Wo bei der Damenwelt die Trendst\u00fccke nur so herabregnen und es auch sozial akzeptiert ist, wenn Ladies sich ausgefallener kleiden, sieht die M\u00e4nnermode-Sachlage so aus, dass es oftmals nur Extreme gibt: Entweder extrem trendig oder extrem konservativ. Und in der Grenzwelt [&hellip;]<\/p>\n","protected":false},"author":62,"featured_media":10877,"comment_status":"closed","ping_status":"closed","sticky":false,"template":"","format":"standard","meta":{"_acf_changed":false,"ep_exclude_from_search":false,"_jetpack_memberships_contains_paid_content":false,"footnotes":""},"categories":[13],"tags":[],"class_list":["post-3882","post","type-post","status-publish","format-standard","has-post-thumbnail","hentry","category-freizeit-und-hobby"],"acf":[],"yoast_head":"<!-- This site is optimized with the Yoast SEO plugin v27.5 - https:\/\/yoast.com\/product\/yoast-seo-wordpress\/ -->\n<title>Zeitlos und stylisch als 30-something-Papa? Das geht! - elternforen.com - Ratgeber-Magazin<\/title>\n<meta name=\"robots\" content=\"index, follow, max-snippet:-1, max-image-preview:large, max-video-preview:-1\" \/>\n<link rel=\"canonical\" href=\"https:\/\/www.elternforen.com\/Blog\/zeitlos-und-stylisch-als-30-something-papa-das-geht-3882\/\" \/>\n<meta property=\"og:locale\" content=\"de_DE\" \/>\n<meta property=\"og:type\" content=\"article\" \/>\n<meta property=\"og:title\" content=\"Zeitlos und stylisch als 30-something-Papa? Das geht! - elternforen.com - Ratgeber-Magazin\" \/>\n<meta property=\"og:description\" content=\"ANZEIGE - M\u00e4nner ab den sp\u00e4ten 20ern haben es in Sachen Mode nicht einfach. Wo bei der Damenwelt die Trendst\u00fccke nur so herabregnen und es auch sozial akzeptiert ist, wenn Ladies sich ausgefallener kleiden, sieht die M\u00e4nnermode-Sachlage so aus, dass es oftmals nur Extreme gibt: Entweder extrem trendig oder extrem konservativ. Und in der Grenzwelt [&hellip;]\" \/>\n<meta property=\"og:url\" content=\"https:\/\/www.elternforen.com\/Blog\/zeitlos-und-stylisch-als-30-something-papa-das-geht-3882\/\" \/>\n<meta property=\"og:site_name\" content=\"elternforen.com - Ratgeber-Magazin\" \/>\n<meta property=\"article:published_time\" content=\"2017-12-01T15:52:51+00:00\" \/>\n<meta property=\"article:modified_time\" content=\"2024-05-31T07:35:24+00:00\" \/>\n<meta property=\"og:image\" content=\"https:\/\/www.elternforen.com\/Blog\/wp-content\/uploads\/2017\/12\/papa-unsplash-scaled.jpg\" \/>\n\t<meta property=\"og:image:width\" content=\"1696\" \/>\n\t<meta property=\"og:image:height\" content=\"2560\" \/>\n\t<meta property=\"og:image:type\" content=\"image\/jpeg\" \/>\n<meta name=\"author\" content=\"redaktion\" \/>\n<meta name=\"twitter:card\" content=\"summary_large_image\" \/>\n<meta name=\"twitter:label1\" content=\"Verfasst von\" \/>\n\t<meta name=\"twitter:data1\" content=\"redaktion\" \/>\n\t<meta name=\"twitter:label2\" content=\"Gesch\u00e4tzte Lesezeit\" \/>\n\t<meta name=\"twitter:data2\" content=\"6\u00a0Minuten\" \/>\n<script type=\"application\/ld+json\" class=\"yoast-schema-graph\">{\"@context\":\"https:\\\/\\\/schema.org\",\"@graph\":[{\"@type\":\"Article\",\"@id\":\"https:\\\/\\\/www.elternforen.com\\\/Blog\\\/zeitlos-und-stylisch-als-30-something-papa-das-geht-3882\\\/#article\",\"isPartOf\":{\"@id\":\"https:\\\/\\\/www.elternforen.com\\\/Blog\\\/zeitlos-und-stylisch-als-30-something-papa-das-geht-3882\\\/\"},\"author\":{\"name\":\"redaktion\",\"@id\":\"https:\\\/\\\/www.elternforen.com\\\/Blog\\\/#\\\/schema\\\/person\\\/979a88c5d2ec2beabc8f0e00243558c3\"},\"headline\":\"Zeitlos und stylisch als 30-something-Papa? Das geht!\",\"datePublished\":\"2017-12-01T15:52:51+00:00\",\"dateModified\":\"2024-05-31T07:35:24+00:00\",\"mainEntityOfPage\":{\"@id\":\"https:\\\/\\\/www.elternforen.com\\\/Blog\\\/zeitlos-und-stylisch-als-30-something-papa-das-geht-3882\\\/\"},\"wordCount\":1077,\"image\":{\"@id\":\"https:\\\/\\\/www.elternforen.com\\\/Blog\\\/zeitlos-und-stylisch-als-30-something-papa-das-geht-3882\\\/#primaryimage\"},\"thumbnailUrl\":\"https:\\\/\\\/www.elternforen.com\\\/Blog\\\/wp-content\\\/uploads\\\/2017\\\/12\\\/papa-unsplash-scaled.jpg\",\"articleSection\":[\"Freizeit und Hobby\"],\"inLanguage\":\"de\"},{\"@type\":\"WebPage\",\"@id\":\"https:\\\/\\\/www.elternforen.com\\\/Blog\\\/zeitlos-und-stylisch-als-30-something-papa-das-geht-3882\\\/\",\"url\":\"https:\\\/\\\/www.elternforen.com\\\/Blog\\\/zeitlos-und-stylisch-als-30-something-papa-das-geht-3882\\\/\",\"name\":\"Zeitlos und stylisch als 30-something-Papa? Das geht! - elternforen.com - Ratgeber-Magazin\",\"isPartOf\":{\"@id\":\"https:\\\/\\\/www.elternforen.com\\\/Blog\\\/#website\"},\"primaryImageOfPage\":{\"@id\":\"https:\\\/\\\/www.elternforen.com\\\/Blog\\\/zeitlos-und-stylisch-als-30-something-papa-das-geht-3882\\\/#primaryimage\"},\"image\":{\"@id\":\"https:\\\/\\\/www.elternforen.com\\\/Blog\\\/zeitlos-und-stylisch-als-30-something-papa-das-geht-3882\\\/#primaryimage\"},\"thumbnailUrl\":\"https:\\\/\\\/www.elternforen.com\\\/Blog\\\/wp-content\\\/uploads\\\/2017\\\/12\\\/papa-unsplash-scaled.jpg\",\"datePublished\":\"2017-12-01T15:52:51+00:00\",\"dateModified\":\"2024-05-31T07:35:24+00:00\",\"author\":{\"@id\":\"https:\\\/\\\/www.elternforen.com\\\/Blog\\\/#\\\/schema\\\/person\\\/979a88c5d2ec2beabc8f0e00243558c3\"},\"breadcrumb\":{\"@id\":\"https:\\\/\\\/www.elternforen.com\\\/Blog\\\/zeitlos-und-stylisch-als-30-something-papa-das-geht-3882\\\/#breadcrumb\"},\"inLanguage\":\"de\",\"potentialAction\":[{\"@type\":\"ReadAction\",\"target\":[\"https:\\\/\\\/www.elternforen.com\\\/Blog\\\/zeitlos-und-stylisch-als-30-something-papa-das-geht-3882\\\/\"]}]},{\"@type\":\"ImageObject\",\"inLanguage\":\"de\",\"@id\":\"https:\\\/\\\/www.elternforen.com\\\/Blog\\\/zeitlos-und-stylisch-als-30-something-papa-das-geht-3882\\\/#primaryimage\",\"url\":\"https:\\\/\\\/www.elternforen.com\\\/Blog\\\/wp-content\\\/uploads\\\/2017\\\/12\\\/papa-unsplash-scaled.jpg\",\"contentUrl\":\"https:\\\/\\\/www.elternforen.com\\\/Blog\\\/wp-content\\\/uploads\\\/2017\\\/12\\\/papa-unsplash-scaled.jpg\",\"width\":1696,\"height\":2560,\"caption\":\"Papa, Bild: unsplash\"},{\"@type\":\"BreadcrumbList\",\"@id\":\"https:\\\/\\\/www.elternforen.com\\\/Blog\\\/zeitlos-und-stylisch-als-30-something-papa-das-geht-3882\\\/#breadcrumb\",\"itemListElement\":[{\"@type\":\"ListItem\",\"position\":1,\"name\":\"Home\",\"item\":\"https:\\\/\\\/www.elternforen.com\\\/Blog\\\/\"},{\"@type\":\"ListItem\",\"position\":2,\"name\":\"Zeitlos und stylisch als 30-something-Papa? Das geht!\"}]},{\"@type\":\"WebSite\",\"@id\":\"https:\\\/\\\/www.elternforen.com\\\/Blog\\\/#website\",\"url\":\"https:\\\/\\\/www.elternforen.com\\\/Blog\\\/\",\"name\":\"elternforen.com - Ratgeber-Magazin\",\"description\":\"Der Blog \u00fcber Familie, Schwangerschaft, Babys und Kinder\",\"potentialAction\":[{\"@type\":\"SearchAction\",\"target\":{\"@type\":\"EntryPoint\",\"urlTemplate\":\"https:\\\/\\\/www.elternforen.com\\\/Blog\\\/?s={search_term_string}\"},\"query-input\":{\"@type\":\"PropertyValueSpecification\",\"valueRequired\":true,\"valueName\":\"search_term_string\"}}],\"inLanguage\":\"de\"},{\"@type\":\"Person\",\"@id\":\"https:\\\/\\\/www.elternforen.com\\\/Blog\\\/#\\\/schema\\\/person\\\/979a88c5d2ec2beabc8f0e00243558c3\",\"name\":\"redaktion\",\"url\":\"https:\\\/\\\/www.elternforen.com\\\/Blog\\\/author\\\/stefan\\\/\"}]}<\/script>\n<!-- \/ Yoast SEO plugin. -->","yoast_head_json":{"title":"Zeitlos und stylisch als 30-something-Papa? Das geht! - elternforen.com - Ratgeber-Magazin","robots":{"index":"index","follow":"follow","max-snippet":"max-snippet:-1","max-image-preview":"max-image-preview:large","max-video-preview":"max-video-preview:-1"},"canonical":"https:\/\/www.elternforen.com\/Blog\/zeitlos-und-stylisch-als-30-something-papa-das-geht-3882\/","og_locale":"de_DE","og_type":"article","og_title":"Zeitlos und stylisch als 30-something-Papa? Das geht! - elternforen.com - Ratgeber-Magazin","og_description":"ANZEIGE - M\u00e4nner ab den sp\u00e4ten 20ern haben es in Sachen Mode nicht einfach. Wo bei der Damenwelt die Trendst\u00fccke nur so herabregnen und es auch sozial akzeptiert ist, wenn Ladies sich ausgefallener kleiden, sieht die M\u00e4nnermode-Sachlage so aus, dass es oftmals nur Extreme gibt: Entweder extrem trendig oder extrem konservativ. Und in der Grenzwelt [&hellip;]","og_url":"https:\/\/www.elternforen.com\/Blog\/zeitlos-und-stylisch-als-30-something-papa-das-geht-3882\/","og_site_name":"elternforen.com - Ratgeber-Magazin","article_published_time":"2017-12-01T15:52:51+00:00","article_modified_time":"2024-05-31T07:35:24+00:00","og_image":[{"width":1696,"height":2560,"url":"https:\/\/www.elternforen.com\/Blog\/wp-content\/uploads\/2017\/12\/papa-unsplash-scaled.jpg","type":"image\/jpeg"}],"author":"redaktion","twitter_card":"summary_large_image","twitter_misc":{"Verfasst von":"redaktion","Gesch\u00e4tzte Lesezeit":"6\u00a0Minuten"},"schema":{"@context":"https:\/\/schema.org","@graph":[{"@type":"Article","@id":"https:\/\/www.elternforen.com\/Blog\/zeitlos-und-stylisch-als-30-something-papa-das-geht-3882\/#article","isPartOf":{"@id":"https:\/\/www.elternforen.com\/Blog\/zeitlos-und-stylisch-als-30-something-papa-das-geht-3882\/"},"author":{"name":"redaktion","@id":"https:\/\/www.elternforen.com\/Blog\/#\/schema\/person\/979a88c5d2ec2beabc8f0e00243558c3"},"headline":"Zeitlos und stylisch als 30-something-Papa? Das geht!","datePublished":"2017-12-01T15:52:51+00:00","dateModified":"2024-05-31T07:35:24+00:00","mainEntityOfPage":{"@id":"https:\/\/www.elternforen.com\/Blog\/zeitlos-und-stylisch-als-30-something-papa-das-geht-3882\/"},"wordCount":1077,"image":{"@id":"https:\/\/www.elternforen.com\/Blog\/zeitlos-und-stylisch-als-30-something-papa-das-geht-3882\/#primaryimage"},"thumbnailUrl":"https:\/\/www.elternforen.com\/Blog\/wp-content\/uploads\/2017\/12\/papa-unsplash-scaled.jpg","articleSection":["Freizeit und Hobby"],"inLanguage":"de"},{"@type":"WebPage","@id":"https:\/\/www.elternforen.com\/Blog\/zeitlos-und-stylisch-als-30-something-papa-das-geht-3882\/","url":"https:\/\/www.elternforen.com\/Blog\/zeitlos-und-stylisch-als-30-something-papa-das-geht-3882\/","name":"Zeitlos und stylisch als 30-something-Papa? Das geht! - elternforen.com - Ratgeber-Magazin","isPartOf":{"@id":"https:\/\/www.elternforen.com\/Blog\/#website"},"primaryImageOfPage":{"@id":"https:\/\/www.elternforen.com\/Blog\/zeitlos-und-stylisch-als-30-something-papa-das-geht-3882\/#primaryimage"},"image":{"@id":"https:\/\/www.elternforen.com\/Blog\/zeitlos-und-stylisch-als-30-something-papa-das-geht-3882\/#primaryimage"},"thumbnailUrl":"https:\/\/www.elternforen.com\/Blog\/wp-content\/uploads\/2017\/12\/papa-unsplash-scaled.jpg","datePublished":"2017-12-01T15:52:51+00:00","dateModified":"2024-05-31T07:35:24+00:00","author":{"@id":"https:\/\/www.elternforen.com\/Blog\/#\/schema\/person\/979a88c5d2ec2beabc8f0e00243558c3"},"breadcrumb":{"@id":"https:\/\/www.elternforen.com\/Blog\/zeitlos-und-stylisch-als-30-something-papa-das-geht-3882\/#breadcrumb"},"inLanguage":"de","potentialAction":[{"@type":"ReadAction","target":["https:\/\/www.elternforen.com\/Blog\/zeitlos-und-stylisch-als-30-something-papa-das-geht-3882\/"]}]},{"@type":"ImageObject","inLanguage":"de","@id":"https:\/\/www.elternforen.com\/Blog\/zeitlos-und-stylisch-als-30-something-papa-das-geht-3882\/#primaryimage","url":"https:\/\/www.elternforen.com\/Blog\/wp-content\/uploads\/2017\/12\/papa-unsplash-scaled.jpg","contentUrl":"https:\/\/www.elternforen.com\/Blog\/wp-content\/uploads\/2017\/12\/papa-unsplash-scaled.jpg","width":1696,"height":2560,"caption":"Papa, Bild: unsplash"},{"@type":"BreadcrumbList","@id":"https:\/\/www.elternforen.com\/Blog\/zeitlos-und-stylisch-als-30-something-papa-das-geht-3882\/#breadcrumb","itemListElement":[{"@type":"ListItem","position":1,"name":"Home","item":"https:\/\/www.elternforen.com\/Blog\/"},{"@type":"ListItem","position":2,"name":"Zeitlos und stylisch als 30-something-Papa? Das geht!"}]},{"@type":"WebSite","@id":"https:\/\/www.elternforen.com\/Blog\/#website","url":"https:\/\/www.elternforen.com\/Blog\/","name":"elternforen.com - Ratgeber-Magazin","description":"Der Blog \u00fcber Familie, Schwangerschaft, Babys und Kinder","potentialAction":[{"@type":"SearchAction","target":{"@type":"EntryPoint","urlTemplate":"https:\/\/www.elternforen.com\/Blog\/?s={search_term_string}"},"query-input":{"@type":"PropertyValueSpecification","valueRequired":true,"valueName":"search_term_string"}}],"inLanguage":"de"},{"@type":"Person","@id":"https:\/\/www.elternforen.com\/Blog\/#\/schema\/person\/979a88c5d2ec2beabc8f0e00243558c3","name":"redaktion","url":"https:\/\/www.elternforen.com\/Blog\/author\/stefan\/"}]}},"jetpack_featured_media_url":"https:\/\/www.elternforen.com\/Blog\/wp-content\/uploads\/2017\/12\/papa-unsplash-scaled.jpg","jetpack_sharing_enabled":true,"_links":{"self":[{"href":"https:\/\/www.elternforen.com\/Blog\/wp-json\/wp\/v2\/posts\/3882","targetHints":{"allow":["GET"]}}],"collection":[{"href":"https:\/\/www.elternforen.com\/Blog\/wp-json\/wp\/v2\/posts"}],"about":[{"href":"https:\/\/www.elternforen.com\/Blog\/wp-json\/wp\/v2\/types\/post"}],"author":[{"embeddable":true,"href":"https:\/\/www.elternforen.com\/Blog\/wp-json\/wp\/v2\/users\/62"}],"replies":[{"embeddable":true,"href":"https:\/\/www.elternforen.com\/Blog\/wp-json\/wp\/v2\/comments?post=3882"}],"version-history":[{"count":3,"href":"https:\/\/www.elternforen.com\/Blog\/wp-json\/wp\/v2\/posts\/3882\/revisions"}],"predecessor-version":[{"id":10890,"href":"https:\/\/www.elternforen.com\/Blog\/wp-json\/wp\/v2\/posts\/3882\/revisions\/10890"}],"wp:featuredmedia":[{"embeddable":true,"href":"https:\/\/www.elternforen.com\/Blog\/wp-json\/wp\/v2\/media\/10877"}],"wp:attachment":[{"href":"https:\/\/www.elternforen.com\/Blog\/wp-json\/wp\/v2\/media?parent=3882"}],"wp:term":[{"taxonomy":"category","embeddable":true,"href":"https:\/\/www.elternforen.com\/Blog\/wp-json\/wp\/v2\/categories?post=3882"},{"taxonomy":"post_tag","embeddable":true,"href":"https:\/\/www.elternforen.com\/Blog\/wp-json\/wp\/v2\/tags?post=3882"}],"curies":[{"name":"wp","href":"https:\/\/api.w.org\/{rel}","templated":true}]}}