{"id":4129,"date":"2018-05-28T19:46:11","date_gmt":"2018-05-28T17:46:11","guid":{"rendered":"http:\/\/www.elternforen.com\/Blog\/?p=4129"},"modified":"2024-05-31T09:54:11","modified_gmt":"2024-05-31T07:54:11","slug":"der-erste-kindergartentag-so-bereiten-sie-ihr-kind-und-sich-selbst-darauf-vor-4129","status":"publish","type":"post","link":"https:\/\/www.elternforen.com\/Blog\/der-erste-kindergartentag-so-bereiten-sie-ihr-kind-und-sich-selbst-darauf-vor-4129\/","title":{"rendered":"Der erste Kindergartentag: So bereiten Sie Ihr Kind und sich selbst darauf vor"},"content":{"rendered":"ANZEIGE - <p>Es ist eine spannende und aufregende Zeit. Viele Erwachsene k\u00f6nnen sich noch heute gut an ihre Kindergartenzeit erinnern. In Deutschland besuchen mehr als 90 % aller Kinder eine Kindertagesst\u00e4tte. Um den Kleinen den Einstieg in den Alltag der Kita so einfach wie m\u00f6glich zu gestalten, k\u00f6nnen Eltern im Vorfeld ihren Kindern wertvolle Hilfestellung geben.<\/p>\n<h2>Die Wahl der Kita: Eine Vertrauenssache<\/h2>\n<p>Auch wenn Eltern in Ballungsr\u00e4umen lange nach einem Kita-Platz f\u00fcr ihr Kind suchen m\u00fcssen, sollten dennoch die favorisierten Einrichtungen vorher besichtigt werden. Die Seite <a href=\"https:\/\/eltern-box.de\/\">eltern-box.de<\/a> empfiehlt, Gespr\u00e4che mit den Erziehern zu f\u00fchren. So l\u00e4sst sich herausfinden, ob die Chemie zwischen Elternhaus und Betreuern stimmt. Fragen Sie gezielt nach dem Konzept der Kita. Welche F\u00f6rderm\u00f6glichkeiten bietet die Einrichtung f\u00fcr Ihr Kind? Gepflegte Anlagen und hochwertiges Spielzeug sprechen f\u00fcr die Kindertagesst\u00e4tte. Kl\u00e4ren Sie, ob auch Wickelkinder aufgenommen werden. Nicht zuletzt sollten die Betreuungszeiten und der Standort der Kita Ihren individuellen Bed\u00fcrfnissen entsprechen.<\/p>\n<h2>Das Kind positiv best\u00e4rken und vorbereiten<\/h2>\n<p>Nehmen Kinder den Besuch des Kindergartens als Privileg wahr, f\u00e4llt ihnen der Einstieg leichter. Sie als Eltern k\u00f6nnen ma\u00dfgeblich dazu beitragen, dass die Kleinen positiv auf das gro\u00dfe und aufregende Ereignis schauen. Erl\u00e4utern Sie dem Kind, was es in der Kita erwartet. Erkl\u00e4ren Sie ihm, dass es neue Freunde finden wird. Es ist immer gut, die Neugier des Kindes zu wecken. Loben Sie es f\u00fcr seine Selbstst\u00e4ndigkeit und zeigen Sie ihrem Spr\u00f6ssling, dass Sie den Erziehern vertrauen. Gemeinsam mit dem baldigen Kindergartenkind w\u00e4hlen Sie eine tolle Kindergartentasche, eine Brotb\u00fcchse und ein Lieblingskuscheltier aus, welches von Anfang an dabei ist.<\/p>\n<h2>Loslassen lernen!<\/h2>\n<p>Mitunter f\u00e4llt den Kindern der Einstieg in den Kita-Alltag schwer, wenn sie das Gef\u00fchl haben, ihre Eltern seien unsicher. Freuen Sie sich dar\u00fcber, dass nun f\u00fcr Ihr Kleines eine ganz neue Welt offen steht. Von den <a href=\"http:\/\/www.familien-wegweiser.de\/wegweiser\/Familie-regional\/Kinderbetreuung\/kinderbetreuung,did=93874.html\">in der Kita erlernten F\u00e4higkeiten<\/a> profitiert Ihr Kind ein Leben lang. Es lernt g\u00e4nzlich neue Kompetenzen, wie sich in der Gruppe zurechtzufinden und sich durchzusetzen. Es schult dabei nicht nur sein Sozialverhalten, sondern trainiert auch seine motorischen und sprachlichen F\u00e4higkeiten.<\/p>\n<h2>Eingew\u00f6hnungszeiten sinnvoll nutzen<\/h2>\n<p>In aller Regel bieten Kinderg\u00e4rten sogenannte Eingew\u00f6hnungsphasen. Dabei besuchen zun\u00e4chst die Eltern gemeinsam mit den Kleinen den Kindergarten und ziehen sich dann nach und nach immer mehr zur\u00fcck. Mitunter betreut auch ein \u00e4lteres Kind gezielt den Neuank\u00f6mmling in der Gruppe und dient als neue Bezugsperson neben den Erziehern. Meistens dauert es etwa zwei Wochen, bis das Kind die Kita als neuen Lebensbestandteil akzeptiert hat. Helfen Sie Ihrem Wonneproppen dabei, die Kita als sicheren Ort wahrzunehmen. Holen Sie Ihr Kind p\u00fcnktlich ab und bekunden Sie durch Fragen nach seinem Tag in der Kita Interesse.<\/p>\n<p><strong><u>Fazit:<\/u><\/strong> Die Kita bietet vielseitige Vorteile f\u00fcr die heranwachsenden Kinder. Dort lernen sie wesentliche Kompetenzen, von denen sie nachhaltig profitieren. Eltern erleichtern Ihrem Nachwuchs den Einstieg, indem sie ihn positiv best\u00e4rken und ihm Vertrauen vermitteln. Besonders hilfreich sind die Eingew\u00f6hnungszeiten in den Kindertagesst\u00e4tten, die den Kleinen einen sanften Einstieg ins Abenteuer &#8222;Kindergarten&#8220; gew\u00e4hrleisten.<\/p>\n","protected":false},"excerpt":{"rendered":"<p>ANZEIGE &#8211; Es ist eine spannende und aufregende Zeit. Viele Erwachsene k\u00f6nnen sich noch heute gut an ihre Kindergartenzeit erinnern. In Deutschland besuchen mehr als 90 % aller Kinder eine Kindertagesst\u00e4tte. Um den Kleinen den Einstieg in den Alltag der Kita so einfach wie m\u00f6glich zu gestalten, k\u00f6nnen Eltern im Vorfeld ihren Kindern wertvolle Hilfestellung [&hellip;]<\/p>\n","protected":false},"author":62,"featured_media":10895,"comment_status":"closed","ping_status":"closed","sticky":false,"template":"","format":"standard","meta":{"_acf_changed":false,"ep_exclude_from_search":false,"_jetpack_memberships_contains_paid_content":false,"footnotes":""},"categories":[13],"tags":[],"class_list":["post-4129","post","type-post","status-publish","format-standard","has-post-thumbnail","hentry","category-freizeit-und-hobby"],"acf":[],"yoast_head":"<!-- This site is optimized with the Yoast SEO plugin v27.5 - https:\/\/yoast.com\/product\/yoast-seo-wordpress\/ -->\n<title>Der erste Kindergartentag: So bereiten Sie Ihr Kind und sich selbst darauf vor - elternforen.com - Ratgeber-Magazin<\/title>\n<meta name=\"robots\" content=\"index, follow, max-snippet:-1, max-image-preview:large, max-video-preview:-1\" \/>\n<link rel=\"canonical\" href=\"https:\/\/www.elternforen.com\/Blog\/der-erste-kindergartentag-so-bereiten-sie-ihr-kind-und-sich-selbst-darauf-vor-4129\/\" \/>\n<meta property=\"og:locale\" content=\"de_DE\" \/>\n<meta property=\"og:type\" content=\"article\" \/>\n<meta property=\"og:title\" content=\"Der erste Kindergartentag: So bereiten Sie Ihr Kind und sich selbst darauf vor - elternforen.com - Ratgeber-Magazin\" \/>\n<meta property=\"og:description\" content=\"ANZEIGE - Es ist eine spannende und aufregende Zeit. Viele Erwachsene k\u00f6nnen sich noch heute gut an ihre Kindergartenzeit erinnern. In Deutschland besuchen mehr als 90 % aller Kinder eine Kindertagesst\u00e4tte. Um den Kleinen den Einstieg in den Alltag der Kita so einfach wie m\u00f6glich zu gestalten, k\u00f6nnen Eltern im Vorfeld ihren Kindern wertvolle Hilfestellung [&hellip;]\" \/>\n<meta property=\"og:url\" content=\"https:\/\/www.elternforen.com\/Blog\/der-erste-kindergartentag-so-bereiten-sie-ihr-kind-und-sich-selbst-darauf-vor-4129\/\" \/>\n<meta property=\"og:site_name\" content=\"elternforen.com - Ratgeber-Magazin\" \/>\n<meta property=\"article:published_time\" content=\"2018-05-28T17:46:11+00:00\" \/>\n<meta property=\"article:modified_time\" content=\"2024-05-31T07:54:11+00:00\" \/>\n<meta property=\"og:image\" content=\"https:\/\/www.elternforen.com\/Blog\/wp-content\/uploads\/2018\/05\/kindergarten-2-unsplash-scaled.jpg\" \/>\n\t<meta property=\"og:image:width\" content=\"2560\" \/>\n\t<meta property=\"og:image:height\" content=\"1707\" \/>\n\t<meta property=\"og:image:type\" content=\"image\/jpeg\" \/>\n<meta name=\"author\" content=\"redaktion\" \/>\n<meta name=\"twitter:card\" content=\"summary_large_image\" \/>\n<meta name=\"twitter:label1\" content=\"Verfasst von\" \/>\n\t<meta name=\"twitter:data1\" content=\"redaktion\" \/>\n\t<meta name=\"twitter:label2\" content=\"Gesch\u00e4tzte Lesezeit\" \/>\n\t<meta name=\"twitter:data2\" content=\"3\u00a0Minuten\" \/>\n<script type=\"application\/ld+json\" class=\"yoast-schema-graph\">{\"@context\":\"https:\\\/\\\/schema.org\",\"@graph\":[{\"@type\":\"Article\",\"@id\":\"https:\\\/\\\/www.elternforen.com\\\/Blog\\\/der-erste-kindergartentag-so-bereiten-sie-ihr-kind-und-sich-selbst-darauf-vor-4129\\\/#article\",\"isPartOf\":{\"@id\":\"https:\\\/\\\/www.elternforen.com\\\/Blog\\\/der-erste-kindergartentag-so-bereiten-sie-ihr-kind-und-sich-selbst-darauf-vor-4129\\\/\"},\"author\":{\"name\":\"redaktion\",\"@id\":\"https:\\\/\\\/www.elternforen.com\\\/Blog\\\/#\\\/schema\\\/person\\\/979a88c5d2ec2beabc8f0e00243558c3\"},\"headline\":\"Der erste Kindergartentag: So bereiten Sie Ihr Kind und sich selbst darauf vor\",\"datePublished\":\"2018-05-28T17:46:11+00:00\",\"dateModified\":\"2024-05-31T07:54:11+00:00\",\"mainEntityOfPage\":{\"@id\":\"https:\\\/\\\/www.elternforen.com\\\/Blog\\\/der-erste-kindergartentag-so-bereiten-sie-ihr-kind-und-sich-selbst-darauf-vor-4129\\\/\"},\"wordCount\":542,\"image\":{\"@id\":\"https:\\\/\\\/www.elternforen.com\\\/Blog\\\/der-erste-kindergartentag-so-bereiten-sie-ihr-kind-und-sich-selbst-darauf-vor-4129\\\/#primaryimage\"},\"thumbnailUrl\":\"https:\\\/\\\/www.elternforen.com\\\/Blog\\\/wp-content\\\/uploads\\\/2018\\\/05\\\/kindergarten-2-unsplash-scaled.jpg\",\"articleSection\":[\"Freizeit und Hobby\"],\"inLanguage\":\"de\"},{\"@type\":\"WebPage\",\"@id\":\"https:\\\/\\\/www.elternforen.com\\\/Blog\\\/der-erste-kindergartentag-so-bereiten-sie-ihr-kind-und-sich-selbst-darauf-vor-4129\\\/\",\"url\":\"https:\\\/\\\/www.elternforen.com\\\/Blog\\\/der-erste-kindergartentag-so-bereiten-sie-ihr-kind-und-sich-selbst-darauf-vor-4129\\\/\",\"name\":\"Der erste Kindergartentag: So bereiten Sie Ihr Kind und sich selbst darauf vor - elternforen.com - Ratgeber-Magazin\",\"isPartOf\":{\"@id\":\"https:\\\/\\\/www.elternforen.com\\\/Blog\\\/#website\"},\"primaryImageOfPage\":{\"@id\":\"https:\\\/\\\/www.elternforen.com\\\/Blog\\\/der-erste-kindergartentag-so-bereiten-sie-ihr-kind-und-sich-selbst-darauf-vor-4129\\\/#primaryimage\"},\"image\":{\"@id\":\"https:\\\/\\\/www.elternforen.com\\\/Blog\\\/der-erste-kindergartentag-so-bereiten-sie-ihr-kind-und-sich-selbst-darauf-vor-4129\\\/#primaryimage\"},\"thumbnailUrl\":\"https:\\\/\\\/www.elternforen.com\\\/Blog\\\/wp-content\\\/uploads\\\/2018\\\/05\\\/kindergarten-2-unsplash-scaled.jpg\",\"datePublished\":\"2018-05-28T17:46:11+00:00\",\"dateModified\":\"2024-05-31T07:54:11+00:00\",\"author\":{\"@id\":\"https:\\\/\\\/www.elternforen.com\\\/Blog\\\/#\\\/schema\\\/person\\\/979a88c5d2ec2beabc8f0e00243558c3\"},\"breadcrumb\":{\"@id\":\"https:\\\/\\\/www.elternforen.com\\\/Blog\\\/der-erste-kindergartentag-so-bereiten-sie-ihr-kind-und-sich-selbst-darauf-vor-4129\\\/#breadcrumb\"},\"inLanguage\":\"de\",\"potentialAction\":[{\"@type\":\"ReadAction\",\"target\":[\"https:\\\/\\\/www.elternforen.com\\\/Blog\\\/der-erste-kindergartentag-so-bereiten-sie-ihr-kind-und-sich-selbst-darauf-vor-4129\\\/\"]}]},{\"@type\":\"ImageObject\",\"inLanguage\":\"de\",\"@id\":\"https:\\\/\\\/www.elternforen.com\\\/Blog\\\/der-erste-kindergartentag-so-bereiten-sie-ihr-kind-und-sich-selbst-darauf-vor-4129\\\/#primaryimage\",\"url\":\"https:\\\/\\\/www.elternforen.com\\\/Blog\\\/wp-content\\\/uploads\\\/2018\\\/05\\\/kindergarten-2-unsplash-scaled.jpg\",\"contentUrl\":\"https:\\\/\\\/www.elternforen.com\\\/Blog\\\/wp-content\\\/uploads\\\/2018\\\/05\\\/kindergarten-2-unsplash-scaled.jpg\",\"width\":2560,\"height\":1707,\"caption\":\"Kindergarten, Bild: unsplash\"},{\"@type\":\"BreadcrumbList\",\"@id\":\"https:\\\/\\\/www.elternforen.com\\\/Blog\\\/der-erste-kindergartentag-so-bereiten-sie-ihr-kind-und-sich-selbst-darauf-vor-4129\\\/#breadcrumb\",\"itemListElement\":[{\"@type\":\"ListItem\",\"position\":1,\"name\":\"Home\",\"item\":\"https:\\\/\\\/www.elternforen.com\\\/Blog\\\/\"},{\"@type\":\"ListItem\",\"position\":2,\"name\":\"Der erste Kindergartentag: So bereiten Sie Ihr Kind und sich selbst darauf vor\"}]},{\"@type\":\"WebSite\",\"@id\":\"https:\\\/\\\/www.elternforen.com\\\/Blog\\\/#website\",\"url\":\"https:\\\/\\\/www.elternforen.com\\\/Blog\\\/\",\"name\":\"elternforen.com - Ratgeber-Magazin\",\"description\":\"Der Blog \u00fcber Familie, Schwangerschaft, Babys und Kinder\",\"potentialAction\":[{\"@type\":\"SearchAction\",\"target\":{\"@type\":\"EntryPoint\",\"urlTemplate\":\"https:\\\/\\\/www.elternforen.com\\\/Blog\\\/?s={search_term_string}\"},\"query-input\":{\"@type\":\"PropertyValueSpecification\",\"valueRequired\":true,\"valueName\":\"search_term_string\"}}],\"inLanguage\":\"de\"},{\"@type\":\"Person\",\"@id\":\"https:\\\/\\\/www.elternforen.com\\\/Blog\\\/#\\\/schema\\\/person\\\/979a88c5d2ec2beabc8f0e00243558c3\",\"name\":\"redaktion\",\"url\":\"https:\\\/\\\/www.elternforen.com\\\/Blog\\\/author\\\/stefan\\\/\"}]}<\/script>\n<!-- \/ Yoast SEO plugin. -->","yoast_head_json":{"title":"Der erste Kindergartentag: So bereiten Sie Ihr Kind und sich selbst darauf vor - elternforen.com - Ratgeber-Magazin","robots":{"index":"index","follow":"follow","max-snippet":"max-snippet:-1","max-image-preview":"max-image-preview:large","max-video-preview":"max-video-preview:-1"},"canonical":"https:\/\/www.elternforen.com\/Blog\/der-erste-kindergartentag-so-bereiten-sie-ihr-kind-und-sich-selbst-darauf-vor-4129\/","og_locale":"de_DE","og_type":"article","og_title":"Der erste Kindergartentag: So bereiten Sie Ihr Kind und sich selbst darauf vor - elternforen.com - Ratgeber-Magazin","og_description":"ANZEIGE - Es ist eine spannende und aufregende Zeit. Viele Erwachsene k\u00f6nnen sich noch heute gut an ihre Kindergartenzeit erinnern. In Deutschland besuchen mehr als 90 % aller Kinder eine Kindertagesst\u00e4tte. Um den Kleinen den Einstieg in den Alltag der Kita so einfach wie m\u00f6glich zu gestalten, k\u00f6nnen Eltern im Vorfeld ihren Kindern wertvolle Hilfestellung [&hellip;]","og_url":"https:\/\/www.elternforen.com\/Blog\/der-erste-kindergartentag-so-bereiten-sie-ihr-kind-und-sich-selbst-darauf-vor-4129\/","og_site_name":"elternforen.com - Ratgeber-Magazin","article_published_time":"2018-05-28T17:46:11+00:00","article_modified_time":"2024-05-31T07:54:11+00:00","og_image":[{"width":2560,"height":1707,"url":"https:\/\/www.elternforen.com\/Blog\/wp-content\/uploads\/2018\/05\/kindergarten-2-unsplash-scaled.jpg","type":"image\/jpeg"}],"author":"redaktion","twitter_card":"summary_large_image","twitter_misc":{"Verfasst von":"redaktion","Gesch\u00e4tzte Lesezeit":"3\u00a0Minuten"},"schema":{"@context":"https:\/\/schema.org","@graph":[{"@type":"Article","@id":"https:\/\/www.elternforen.com\/Blog\/der-erste-kindergartentag-so-bereiten-sie-ihr-kind-und-sich-selbst-darauf-vor-4129\/#article","isPartOf":{"@id":"https:\/\/www.elternforen.com\/Blog\/der-erste-kindergartentag-so-bereiten-sie-ihr-kind-und-sich-selbst-darauf-vor-4129\/"},"author":{"name":"redaktion","@id":"https:\/\/www.elternforen.com\/Blog\/#\/schema\/person\/979a88c5d2ec2beabc8f0e00243558c3"},"headline":"Der erste Kindergartentag: So bereiten Sie Ihr Kind und sich selbst darauf vor","datePublished":"2018-05-28T17:46:11+00:00","dateModified":"2024-05-31T07:54:11+00:00","mainEntityOfPage":{"@id":"https:\/\/www.elternforen.com\/Blog\/der-erste-kindergartentag-so-bereiten-sie-ihr-kind-und-sich-selbst-darauf-vor-4129\/"},"wordCount":542,"image":{"@id":"https:\/\/www.elternforen.com\/Blog\/der-erste-kindergartentag-so-bereiten-sie-ihr-kind-und-sich-selbst-darauf-vor-4129\/#primaryimage"},"thumbnailUrl":"https:\/\/www.elternforen.com\/Blog\/wp-content\/uploads\/2018\/05\/kindergarten-2-unsplash-scaled.jpg","articleSection":["Freizeit und Hobby"],"inLanguage":"de"},{"@type":"WebPage","@id":"https:\/\/www.elternforen.com\/Blog\/der-erste-kindergartentag-so-bereiten-sie-ihr-kind-und-sich-selbst-darauf-vor-4129\/","url":"https:\/\/www.elternforen.com\/Blog\/der-erste-kindergartentag-so-bereiten-sie-ihr-kind-und-sich-selbst-darauf-vor-4129\/","name":"Der erste Kindergartentag: So bereiten Sie Ihr Kind und sich selbst darauf vor - elternforen.com - Ratgeber-Magazin","isPartOf":{"@id":"https:\/\/www.elternforen.com\/Blog\/#website"},"primaryImageOfPage":{"@id":"https:\/\/www.elternforen.com\/Blog\/der-erste-kindergartentag-so-bereiten-sie-ihr-kind-und-sich-selbst-darauf-vor-4129\/#primaryimage"},"image":{"@id":"https:\/\/www.elternforen.com\/Blog\/der-erste-kindergartentag-so-bereiten-sie-ihr-kind-und-sich-selbst-darauf-vor-4129\/#primaryimage"},"thumbnailUrl":"https:\/\/www.elternforen.com\/Blog\/wp-content\/uploads\/2018\/05\/kindergarten-2-unsplash-scaled.jpg","datePublished":"2018-05-28T17:46:11+00:00","dateModified":"2024-05-31T07:54:11+00:00","author":{"@id":"https:\/\/www.elternforen.com\/Blog\/#\/schema\/person\/979a88c5d2ec2beabc8f0e00243558c3"},"breadcrumb":{"@id":"https:\/\/www.elternforen.com\/Blog\/der-erste-kindergartentag-so-bereiten-sie-ihr-kind-und-sich-selbst-darauf-vor-4129\/#breadcrumb"},"inLanguage":"de","potentialAction":[{"@type":"ReadAction","target":["https:\/\/www.elternforen.com\/Blog\/der-erste-kindergartentag-so-bereiten-sie-ihr-kind-und-sich-selbst-darauf-vor-4129\/"]}]},{"@type":"ImageObject","inLanguage":"de","@id":"https:\/\/www.elternforen.com\/Blog\/der-erste-kindergartentag-so-bereiten-sie-ihr-kind-und-sich-selbst-darauf-vor-4129\/#primaryimage","url":"https:\/\/www.elternforen.com\/Blog\/wp-content\/uploads\/2018\/05\/kindergarten-2-unsplash-scaled.jpg","contentUrl":"https:\/\/www.elternforen.com\/Blog\/wp-content\/uploads\/2018\/05\/kindergarten-2-unsplash-scaled.jpg","width":2560,"height":1707,"caption":"Kindergarten, Bild: unsplash"},{"@type":"BreadcrumbList","@id":"https:\/\/www.elternforen.com\/Blog\/der-erste-kindergartentag-so-bereiten-sie-ihr-kind-und-sich-selbst-darauf-vor-4129\/#breadcrumb","itemListElement":[{"@type":"ListItem","position":1,"name":"Home","item":"https:\/\/www.elternforen.com\/Blog\/"},{"@type":"ListItem","position":2,"name":"Der erste Kindergartentag: So bereiten Sie Ihr Kind und sich selbst darauf vor"}]},{"@type":"WebSite","@id":"https:\/\/www.elternforen.com\/Blog\/#website","url":"https:\/\/www.elternforen.com\/Blog\/","name":"elternforen.com - Ratgeber-Magazin","description":"Der Blog \u00fcber Familie, Schwangerschaft, Babys und Kinder","potentialAction":[{"@type":"SearchAction","target":{"@type":"EntryPoint","urlTemplate":"https:\/\/www.elternforen.com\/Blog\/?s={search_term_string}"},"query-input":{"@type":"PropertyValueSpecification","valueRequired":true,"valueName":"search_term_string"}}],"inLanguage":"de"},{"@type":"Person","@id":"https:\/\/www.elternforen.com\/Blog\/#\/schema\/person\/979a88c5d2ec2beabc8f0e00243558c3","name":"redaktion","url":"https:\/\/www.elternforen.com\/Blog\/author\/stefan\/"}]}},"jetpack_featured_media_url":"https:\/\/www.elternforen.com\/Blog\/wp-content\/uploads\/2018\/05\/kindergarten-2-unsplash-scaled.jpg","jetpack_sharing_enabled":true,"_links":{"self":[{"href":"https:\/\/www.elternforen.com\/Blog\/wp-json\/wp\/v2\/posts\/4129","targetHints":{"allow":["GET"]}}],"collection":[{"href":"https:\/\/www.elternforen.com\/Blog\/wp-json\/wp\/v2\/posts"}],"about":[{"href":"https:\/\/www.elternforen.com\/Blog\/wp-json\/wp\/v2\/types\/post"}],"author":[{"embeddable":true,"href":"https:\/\/www.elternforen.com\/Blog\/wp-json\/wp\/v2\/users\/62"}],"replies":[{"embeddable":true,"href":"https:\/\/www.elternforen.com\/Blog\/wp-json\/wp\/v2\/comments?post=4129"}],"version-history":[{"count":1,"href":"https:\/\/www.elternforen.com\/Blog\/wp-json\/wp\/v2\/posts\/4129\/revisions"}],"predecessor-version":[{"id":4131,"href":"https:\/\/www.elternforen.com\/Blog\/wp-json\/wp\/v2\/posts\/4129\/revisions\/4131"}],"wp:featuredmedia":[{"embeddable":true,"href":"https:\/\/www.elternforen.com\/Blog\/wp-json\/wp\/v2\/media\/10895"}],"wp:attachment":[{"href":"https:\/\/www.elternforen.com\/Blog\/wp-json\/wp\/v2\/media?parent=4129"}],"wp:term":[{"taxonomy":"category","embeddable":true,"href":"https:\/\/www.elternforen.com\/Blog\/wp-json\/wp\/v2\/categories?post=4129"},{"taxonomy":"post_tag","embeddable":true,"href":"https:\/\/www.elternforen.com\/Blog\/wp-json\/wp\/v2\/tags?post=4129"}],"curies":[{"name":"wp","href":"https:\/\/api.w.org\/{rel}","templated":true}]}}