{"id":4290,"date":"2018-09-14T14:37:45","date_gmt":"2018-09-14T12:37:45","guid":{"rendered":"http:\/\/www.elternforen.com\/Blog\/?p=4290"},"modified":"2024-05-31T11:31:19","modified_gmt":"2024-05-31T09:31:19","slug":"fototassen-verschenken-so-werden-tassen-zum-individuellen-geschenk-4290","status":"publish","type":"post","link":"https:\/\/www.elternforen.com\/Blog\/fototassen-verschenken-so-werden-tassen-zum-individuellen-geschenk-4290\/","title":{"rendered":"Fototassen verschenken: So werden Tassen zum individuellen Geschenk"},"content":{"rendered":"ANZEIGE - <p>Tassen sind der Klassiker unter den Geschenken. Zu Weihnachten gibt es Ausf\u00fchrungen in sinnlichen Farben oder mit witzigen Zeichnungen, zum Geburtstag mit einem kecken Gl\u00fcckwunschspruch und als Mitbringsel aus dem Urlaub mit tr\u00e4umerischen Motiven von Str\u00e4nden und Palmen. Dabei kann eine Tasse auch v\u00f6llig individuell gestaltet werden, denn dann wird daraus kurzerhand ein Geschenk, das es so kein zweites Mal gibt. Wir zeigen, wie das funktioniert und wie Sie aus einer Fototasse ein besonderes Geschenkset zaubern.<\/p>\n<h2>Fototassen gestalten: Kreativ und individuell<\/h2>\n<p>Auf der Suche nach einem n\u00fctzlichen und doch pers\u00f6nlichen Geschenk ist eine Fototasse von\u201c<a href=\"https:\/\/www.fototasse.com\/\">www.fototasse.com<\/a> genau das Richtige. Das Motiv l\u00e4sst sich nach eigenen Vorlieben ausw\u00e4hlen oder die Tasse wird mit einem sch\u00f6nen Bild bedruckt. Selbst die Gr\u00f6\u00dfe, die Farbe und die Schrift k\u00f6nnen nach den eigenen W\u00fcnschen angepasst werden. Das Unikat wird dem Beschenkten garantiert Freude bereiten.<\/p>\n<h2>Von der Fototasse zum Geschenkset: Eine besondere Aufmerksamkeit<\/h2>\n<p>Eine liebevoll gestaltete Tasse ist ein sch\u00f6nes Geschenk, aber es darf gerne noch etwas mehr sein? Dann basteln Sie ein Geschenkset. Die Fototasse l\u00e4sst sich beispielsweise mit der Lieblingsschokolade des Beschenkten f\u00fcllen. Auch Gutscheine finden zusammengerollt ihren Platz in dem Gef\u00e4\u00df. Damit fungiert die Tasse nicht nur als pers\u00f6nliches <a href=\"http:\/\/www.elternforen.com\/Fachinformationen\/Geschenke.htm\">Geschenk<\/a>, sondern eignet sich auch als stilvolle Verpackung, die f\u00fcr jeden Anlass geeignet ist.<\/p>\n<p><strong>Geschenkidee zu Weihnachten: <\/strong>W\u00e4hrend der Weihnachtszeit gibt es besonders viele Leckereien, mit denen sich eine Fototasse f\u00fcllen l\u00e4sst. Kleine Lebkuchen und Schokoladennikol\u00e4use, Gl\u00fchweingew\u00fcrze und N\u00fcsse. Mit diesem Geschenkset wird auch der darin versteckte Gutschein zu einer pers\u00f6nlichen Aufmerksamkeit.<\/p>\n<p><strong>Geschenkidee zum Geburtstag: <\/strong>Als Geburtstagsgeschenk bietet sich eine Fototasse mit einem Bild des Geburtstagskindes und einem <a href=\"http:\/\/www.geburtstagsspruch.co\/\">witzigen Gl\u00fcckwunschspruch<\/a> an. Gef\u00fcllt wird die Tasse mit Luftschlangen, Luftballons oder, je nach Alter, auch mit kleinen Alkoholflaschen. Dazwischen lassen sich wunderbar zusammengefaltete Geldscheine verstecken, mit denen sich das Geburtstagskind eigene W\u00fcnsche erf\u00fcllen kann.<\/p>\n<p><strong>Geschenkidee zur Taufe: <\/strong>Eine Tasse zur Taufe scheint im ersten Moment wenig passend, denn in den meisten F\u00e4llen ist das Taufkind kaum \u00e4lter als ein Jahr. Doch es wird nicht lange dauern und <a href=\"http:\/\/www.elternforen.com\/Fachinformationen\/Grundschule.htm\">der erste Schultag<\/a> steht bevor. Eine Fototasse mit einem Bild des Kindes, seinem Namen und dem Taufdatum ist eine tolle Erinnerung, die lange in Ehren gehalten wird. Gef\u00fcllt mit Geldscheinen, einem Schnuller, einem Kettchen oder anderen kleinen Aufmerksamkeiten, wird daraus ein individuelles und sehr pers\u00f6nliches Geschenk zur Taufe.<\/p>\n<p><strong>Geschenkidee f\u00fcr Hochzeitsg\u00e4ste<\/strong>: Jeder Gast erh\u00e4lt seine eigene Fototasse, die mit seinem Namen und einem Bild des Brautpaares versehen ist. Die Tasse wird mit allerlei Kleinigkeiten wie Schokoladent\u00e4felchen, Bonbons oder auch mit Bl\u00fctenbl\u00e4ttern gef\u00fcllt.<\/p>\n","protected":false},"excerpt":{"rendered":"<p>ANZEIGE &#8211; Tassen sind der Klassiker unter den Geschenken. Zu Weihnachten gibt es Ausf\u00fchrungen in sinnlichen Farben oder mit witzigen Zeichnungen, zum Geburtstag mit einem kecken Gl\u00fcckwunschspruch und als Mitbringsel aus dem Urlaub mit tr\u00e4umerischen Motiven von Str\u00e4nden und Palmen. Dabei kann eine Tasse auch v\u00f6llig individuell gestaltet werden, denn dann wird daraus kurzerhand ein [&hellip;]<\/p>\n","protected":false},"author":62,"featured_media":10939,"comment_status":"closed","ping_status":"closed","sticky":false,"template":"","format":"standard","meta":{"_acf_changed":false,"ep_exclude_from_search":false,"_jetpack_memberships_contains_paid_content":false,"footnotes":""},"categories":[13],"tags":[],"class_list":["post-4290","post","type-post","status-publish","format-standard","has-post-thumbnail","hentry","category-freizeit-und-hobby"],"acf":[],"yoast_head":"<!-- This site is optimized with the Yoast SEO plugin v27.5 - https:\/\/yoast.com\/product\/yoast-seo-wordpress\/ -->\n<title>Fototassen verschenken: So werden Tassen zum individuellen Geschenk - elternforen.com - Ratgeber-Magazin<\/title>\n<meta name=\"robots\" content=\"index, follow, max-snippet:-1, max-image-preview:large, max-video-preview:-1\" \/>\n<link rel=\"canonical\" href=\"https:\/\/www.elternforen.com\/Blog\/fototassen-verschenken-so-werden-tassen-zum-individuellen-geschenk-4290\/\" \/>\n<meta property=\"og:locale\" content=\"de_DE\" \/>\n<meta property=\"og:type\" content=\"article\" \/>\n<meta property=\"og:title\" content=\"Fototassen verschenken: So werden Tassen zum individuellen Geschenk - elternforen.com - Ratgeber-Magazin\" \/>\n<meta property=\"og:description\" content=\"ANZEIGE - Tassen sind der Klassiker unter den Geschenken. Zu Weihnachten gibt es Ausf\u00fchrungen in sinnlichen Farben oder mit witzigen Zeichnungen, zum Geburtstag mit einem kecken Gl\u00fcckwunschspruch und als Mitbringsel aus dem Urlaub mit tr\u00e4umerischen Motiven von Str\u00e4nden und Palmen. Dabei kann eine Tasse auch v\u00f6llig individuell gestaltet werden, denn dann wird daraus kurzerhand ein [&hellip;]\" \/>\n<meta property=\"og:url\" content=\"https:\/\/www.elternforen.com\/Blog\/fototassen-verschenken-so-werden-tassen-zum-individuellen-geschenk-4290\/\" \/>\n<meta property=\"og:site_name\" content=\"elternforen.com - Ratgeber-Magazin\" \/>\n<meta property=\"article:published_time\" content=\"2018-09-14T12:37:45+00:00\" \/>\n<meta property=\"article:modified_time\" content=\"2024-05-31T09:31:19+00:00\" \/>\n<meta property=\"og:image\" content=\"https:\/\/www.elternforen.com\/Blog\/wp-content\/uploads\/2018\/09\/fototasse-unsplash-scaled.jpg\" \/>\n\t<meta property=\"og:image:width\" content=\"1744\" \/>\n\t<meta property=\"og:image:height\" content=\"2560\" \/>\n\t<meta property=\"og:image:type\" content=\"image\/jpeg\" \/>\n<meta name=\"author\" content=\"redaktion\" \/>\n<meta name=\"twitter:card\" content=\"summary_large_image\" \/>\n<meta name=\"twitter:label1\" content=\"Verfasst von\" \/>\n\t<meta name=\"twitter:data1\" content=\"redaktion\" \/>\n\t<meta name=\"twitter:label2\" content=\"Gesch\u00e4tzte Lesezeit\" \/>\n\t<meta name=\"twitter:data2\" content=\"3\u00a0Minuten\" \/>\n<script type=\"application\/ld+json\" class=\"yoast-schema-graph\">{\"@context\":\"https:\\\/\\\/schema.org\",\"@graph\":[{\"@type\":\"Article\",\"@id\":\"https:\\\/\\\/www.elternforen.com\\\/Blog\\\/fototassen-verschenken-so-werden-tassen-zum-individuellen-geschenk-4290\\\/#article\",\"isPartOf\":{\"@id\":\"https:\\\/\\\/www.elternforen.com\\\/Blog\\\/fototassen-verschenken-so-werden-tassen-zum-individuellen-geschenk-4290\\\/\"},\"author\":{\"name\":\"redaktion\",\"@id\":\"https:\\\/\\\/www.elternforen.com\\\/Blog\\\/#\\\/schema\\\/person\\\/979a88c5d2ec2beabc8f0e00243558c3\"},\"headline\":\"Fototassen verschenken: So werden Tassen zum individuellen Geschenk\",\"datePublished\":\"2018-09-14T12:37:45+00:00\",\"dateModified\":\"2024-05-31T09:31:19+00:00\",\"mainEntityOfPage\":{\"@id\":\"https:\\\/\\\/www.elternforen.com\\\/Blog\\\/fototassen-verschenken-so-werden-tassen-zum-individuellen-geschenk-4290\\\/\"},\"wordCount\":463,\"image\":{\"@id\":\"https:\\\/\\\/www.elternforen.com\\\/Blog\\\/fototassen-verschenken-so-werden-tassen-zum-individuellen-geschenk-4290\\\/#primaryimage\"},\"thumbnailUrl\":\"https:\\\/\\\/www.elternforen.com\\\/Blog\\\/wp-content\\\/uploads\\\/2018\\\/09\\\/fototasse-unsplash-scaled.jpg\",\"articleSection\":[\"Freizeit und Hobby\"],\"inLanguage\":\"de\"},{\"@type\":\"WebPage\",\"@id\":\"https:\\\/\\\/www.elternforen.com\\\/Blog\\\/fototassen-verschenken-so-werden-tassen-zum-individuellen-geschenk-4290\\\/\",\"url\":\"https:\\\/\\\/www.elternforen.com\\\/Blog\\\/fototassen-verschenken-so-werden-tassen-zum-individuellen-geschenk-4290\\\/\",\"name\":\"Fototassen verschenken: So werden Tassen zum individuellen Geschenk - elternforen.com - Ratgeber-Magazin\",\"isPartOf\":{\"@id\":\"https:\\\/\\\/www.elternforen.com\\\/Blog\\\/#website\"},\"primaryImageOfPage\":{\"@id\":\"https:\\\/\\\/www.elternforen.com\\\/Blog\\\/fototassen-verschenken-so-werden-tassen-zum-individuellen-geschenk-4290\\\/#primaryimage\"},\"image\":{\"@id\":\"https:\\\/\\\/www.elternforen.com\\\/Blog\\\/fototassen-verschenken-so-werden-tassen-zum-individuellen-geschenk-4290\\\/#primaryimage\"},\"thumbnailUrl\":\"https:\\\/\\\/www.elternforen.com\\\/Blog\\\/wp-content\\\/uploads\\\/2018\\\/09\\\/fototasse-unsplash-scaled.jpg\",\"datePublished\":\"2018-09-14T12:37:45+00:00\",\"dateModified\":\"2024-05-31T09:31:19+00:00\",\"author\":{\"@id\":\"https:\\\/\\\/www.elternforen.com\\\/Blog\\\/#\\\/schema\\\/person\\\/979a88c5d2ec2beabc8f0e00243558c3\"},\"breadcrumb\":{\"@id\":\"https:\\\/\\\/www.elternforen.com\\\/Blog\\\/fototassen-verschenken-so-werden-tassen-zum-individuellen-geschenk-4290\\\/#breadcrumb\"},\"inLanguage\":\"de\",\"potentialAction\":[{\"@type\":\"ReadAction\",\"target\":[\"https:\\\/\\\/www.elternforen.com\\\/Blog\\\/fototassen-verschenken-so-werden-tassen-zum-individuellen-geschenk-4290\\\/\"]}]},{\"@type\":\"ImageObject\",\"inLanguage\":\"de\",\"@id\":\"https:\\\/\\\/www.elternforen.com\\\/Blog\\\/fototassen-verschenken-so-werden-tassen-zum-individuellen-geschenk-4290\\\/#primaryimage\",\"url\":\"https:\\\/\\\/www.elternforen.com\\\/Blog\\\/wp-content\\\/uploads\\\/2018\\\/09\\\/fototasse-unsplash-scaled.jpg\",\"contentUrl\":\"https:\\\/\\\/www.elternforen.com\\\/Blog\\\/wp-content\\\/uploads\\\/2018\\\/09\\\/fototasse-unsplash-scaled.jpg\",\"width\":1744,\"height\":2560,\"caption\":\"Fototasse, Bild: unsplash\"},{\"@type\":\"BreadcrumbList\",\"@id\":\"https:\\\/\\\/www.elternforen.com\\\/Blog\\\/fototassen-verschenken-so-werden-tassen-zum-individuellen-geschenk-4290\\\/#breadcrumb\",\"itemListElement\":[{\"@type\":\"ListItem\",\"position\":1,\"name\":\"Home\",\"item\":\"https:\\\/\\\/www.elternforen.com\\\/Blog\\\/\"},{\"@type\":\"ListItem\",\"position\":2,\"name\":\"Fototassen verschenken: So werden Tassen zum individuellen Geschenk\"}]},{\"@type\":\"WebSite\",\"@id\":\"https:\\\/\\\/www.elternforen.com\\\/Blog\\\/#website\",\"url\":\"https:\\\/\\\/www.elternforen.com\\\/Blog\\\/\",\"name\":\"elternforen.com - Ratgeber-Magazin\",\"description\":\"Der Blog \u00fcber Familie, Schwangerschaft, Babys und Kinder\",\"potentialAction\":[{\"@type\":\"SearchAction\",\"target\":{\"@type\":\"EntryPoint\",\"urlTemplate\":\"https:\\\/\\\/www.elternforen.com\\\/Blog\\\/?s={search_term_string}\"},\"query-input\":{\"@type\":\"PropertyValueSpecification\",\"valueRequired\":true,\"valueName\":\"search_term_string\"}}],\"inLanguage\":\"de\"},{\"@type\":\"Person\",\"@id\":\"https:\\\/\\\/www.elternforen.com\\\/Blog\\\/#\\\/schema\\\/person\\\/979a88c5d2ec2beabc8f0e00243558c3\",\"name\":\"redaktion\",\"url\":\"https:\\\/\\\/www.elternforen.com\\\/Blog\\\/author\\\/stefan\\\/\"}]}<\/script>\n<!-- \/ Yoast SEO plugin. -->","yoast_head_json":{"title":"Fototassen verschenken: So werden Tassen zum individuellen Geschenk - elternforen.com - Ratgeber-Magazin","robots":{"index":"index","follow":"follow","max-snippet":"max-snippet:-1","max-image-preview":"max-image-preview:large","max-video-preview":"max-video-preview:-1"},"canonical":"https:\/\/www.elternforen.com\/Blog\/fototassen-verschenken-so-werden-tassen-zum-individuellen-geschenk-4290\/","og_locale":"de_DE","og_type":"article","og_title":"Fototassen verschenken: So werden Tassen zum individuellen Geschenk - elternforen.com - Ratgeber-Magazin","og_description":"ANZEIGE - Tassen sind der Klassiker unter den Geschenken. Zu Weihnachten gibt es Ausf\u00fchrungen in sinnlichen Farben oder mit witzigen Zeichnungen, zum Geburtstag mit einem kecken Gl\u00fcckwunschspruch und als Mitbringsel aus dem Urlaub mit tr\u00e4umerischen Motiven von Str\u00e4nden und Palmen. Dabei kann eine Tasse auch v\u00f6llig individuell gestaltet werden, denn dann wird daraus kurzerhand ein [&hellip;]","og_url":"https:\/\/www.elternforen.com\/Blog\/fototassen-verschenken-so-werden-tassen-zum-individuellen-geschenk-4290\/","og_site_name":"elternforen.com - Ratgeber-Magazin","article_published_time":"2018-09-14T12:37:45+00:00","article_modified_time":"2024-05-31T09:31:19+00:00","og_image":[{"width":1744,"height":2560,"url":"https:\/\/www.elternforen.com\/Blog\/wp-content\/uploads\/2018\/09\/fototasse-unsplash-scaled.jpg","type":"image\/jpeg"}],"author":"redaktion","twitter_card":"summary_large_image","twitter_misc":{"Verfasst von":"redaktion","Gesch\u00e4tzte Lesezeit":"3\u00a0Minuten"},"schema":{"@context":"https:\/\/schema.org","@graph":[{"@type":"Article","@id":"https:\/\/www.elternforen.com\/Blog\/fototassen-verschenken-so-werden-tassen-zum-individuellen-geschenk-4290\/#article","isPartOf":{"@id":"https:\/\/www.elternforen.com\/Blog\/fototassen-verschenken-so-werden-tassen-zum-individuellen-geschenk-4290\/"},"author":{"name":"redaktion","@id":"https:\/\/www.elternforen.com\/Blog\/#\/schema\/person\/979a88c5d2ec2beabc8f0e00243558c3"},"headline":"Fototassen verschenken: So werden Tassen zum individuellen Geschenk","datePublished":"2018-09-14T12:37:45+00:00","dateModified":"2024-05-31T09:31:19+00:00","mainEntityOfPage":{"@id":"https:\/\/www.elternforen.com\/Blog\/fototassen-verschenken-so-werden-tassen-zum-individuellen-geschenk-4290\/"},"wordCount":463,"image":{"@id":"https:\/\/www.elternforen.com\/Blog\/fototassen-verschenken-so-werden-tassen-zum-individuellen-geschenk-4290\/#primaryimage"},"thumbnailUrl":"https:\/\/www.elternforen.com\/Blog\/wp-content\/uploads\/2018\/09\/fototasse-unsplash-scaled.jpg","articleSection":["Freizeit und Hobby"],"inLanguage":"de"},{"@type":"WebPage","@id":"https:\/\/www.elternforen.com\/Blog\/fototassen-verschenken-so-werden-tassen-zum-individuellen-geschenk-4290\/","url":"https:\/\/www.elternforen.com\/Blog\/fototassen-verschenken-so-werden-tassen-zum-individuellen-geschenk-4290\/","name":"Fototassen verschenken: So werden Tassen zum individuellen Geschenk - elternforen.com - Ratgeber-Magazin","isPartOf":{"@id":"https:\/\/www.elternforen.com\/Blog\/#website"},"primaryImageOfPage":{"@id":"https:\/\/www.elternforen.com\/Blog\/fototassen-verschenken-so-werden-tassen-zum-individuellen-geschenk-4290\/#primaryimage"},"image":{"@id":"https:\/\/www.elternforen.com\/Blog\/fototassen-verschenken-so-werden-tassen-zum-individuellen-geschenk-4290\/#primaryimage"},"thumbnailUrl":"https:\/\/www.elternforen.com\/Blog\/wp-content\/uploads\/2018\/09\/fototasse-unsplash-scaled.jpg","datePublished":"2018-09-14T12:37:45+00:00","dateModified":"2024-05-31T09:31:19+00:00","author":{"@id":"https:\/\/www.elternforen.com\/Blog\/#\/schema\/person\/979a88c5d2ec2beabc8f0e00243558c3"},"breadcrumb":{"@id":"https:\/\/www.elternforen.com\/Blog\/fototassen-verschenken-so-werden-tassen-zum-individuellen-geschenk-4290\/#breadcrumb"},"inLanguage":"de","potentialAction":[{"@type":"ReadAction","target":["https:\/\/www.elternforen.com\/Blog\/fototassen-verschenken-so-werden-tassen-zum-individuellen-geschenk-4290\/"]}]},{"@type":"ImageObject","inLanguage":"de","@id":"https:\/\/www.elternforen.com\/Blog\/fototassen-verschenken-so-werden-tassen-zum-individuellen-geschenk-4290\/#primaryimage","url":"https:\/\/www.elternforen.com\/Blog\/wp-content\/uploads\/2018\/09\/fototasse-unsplash-scaled.jpg","contentUrl":"https:\/\/www.elternforen.com\/Blog\/wp-content\/uploads\/2018\/09\/fototasse-unsplash-scaled.jpg","width":1744,"height":2560,"caption":"Fototasse, Bild: unsplash"},{"@type":"BreadcrumbList","@id":"https:\/\/www.elternforen.com\/Blog\/fototassen-verschenken-so-werden-tassen-zum-individuellen-geschenk-4290\/#breadcrumb","itemListElement":[{"@type":"ListItem","position":1,"name":"Home","item":"https:\/\/www.elternforen.com\/Blog\/"},{"@type":"ListItem","position":2,"name":"Fototassen verschenken: So werden Tassen zum individuellen Geschenk"}]},{"@type":"WebSite","@id":"https:\/\/www.elternforen.com\/Blog\/#website","url":"https:\/\/www.elternforen.com\/Blog\/","name":"elternforen.com - Ratgeber-Magazin","description":"Der Blog \u00fcber Familie, Schwangerschaft, Babys und Kinder","potentialAction":[{"@type":"SearchAction","target":{"@type":"EntryPoint","urlTemplate":"https:\/\/www.elternforen.com\/Blog\/?s={search_term_string}"},"query-input":{"@type":"PropertyValueSpecification","valueRequired":true,"valueName":"search_term_string"}}],"inLanguage":"de"},{"@type":"Person","@id":"https:\/\/www.elternforen.com\/Blog\/#\/schema\/person\/979a88c5d2ec2beabc8f0e00243558c3","name":"redaktion","url":"https:\/\/www.elternforen.com\/Blog\/author\/stefan\/"}]}},"jetpack_featured_media_url":"https:\/\/www.elternforen.com\/Blog\/wp-content\/uploads\/2018\/09\/fototasse-unsplash-scaled.jpg","jetpack_sharing_enabled":true,"_links":{"self":[{"href":"https:\/\/www.elternforen.com\/Blog\/wp-json\/wp\/v2\/posts\/4290","targetHints":{"allow":["GET"]}}],"collection":[{"href":"https:\/\/www.elternforen.com\/Blog\/wp-json\/wp\/v2\/posts"}],"about":[{"href":"https:\/\/www.elternforen.com\/Blog\/wp-json\/wp\/v2\/types\/post"}],"author":[{"embeddable":true,"href":"https:\/\/www.elternforen.com\/Blog\/wp-json\/wp\/v2\/users\/62"}],"replies":[{"embeddable":true,"href":"https:\/\/www.elternforen.com\/Blog\/wp-json\/wp\/v2\/comments?post=4290"}],"version-history":[{"count":3,"href":"https:\/\/www.elternforen.com\/Blog\/wp-json\/wp\/v2\/posts\/4290\/revisions"}],"predecessor-version":[{"id":10944,"href":"https:\/\/www.elternforen.com\/Blog\/wp-json\/wp\/v2\/posts\/4290\/revisions\/10944"}],"wp:featuredmedia":[{"embeddable":true,"href":"https:\/\/www.elternforen.com\/Blog\/wp-json\/wp\/v2\/media\/10939"}],"wp:attachment":[{"href":"https:\/\/www.elternforen.com\/Blog\/wp-json\/wp\/v2\/media?parent=4290"}],"wp:term":[{"taxonomy":"category","embeddable":true,"href":"https:\/\/www.elternforen.com\/Blog\/wp-json\/wp\/v2\/categories?post=4290"},{"taxonomy":"post_tag","embeddable":true,"href":"https:\/\/www.elternforen.com\/Blog\/wp-json\/wp\/v2\/tags?post=4290"}],"curies":[{"name":"wp","href":"https:\/\/api.w.org\/{rel}","templated":true}]}}