{"id":4654,"date":"2019-04-04T18:44:50","date_gmt":"2019-04-04T16:44:50","guid":{"rendered":"http:\/\/www.elternforen.com\/Blog\/?p=4654"},"modified":"2024-06-18T10:58:49","modified_gmt":"2024-06-18T08:58:49","slug":"die-schoensten-gartenmoebel-trends-2019-fuer-eltern-mit-kindern-4654","status":"publish","type":"post","link":"https:\/\/www.elternforen.com\/Blog\/die-schoensten-gartenmoebel-trends-2019-fuer-eltern-mit-kindern-4654\/","title":{"rendered":"Die sch\u00f6nsten Gartenm\u00f6bel Trends 2019 f\u00fcr Eltern mit Kindern"},"content":{"rendered":"ANZEIGE - <p>Endlich Fr\u00fchjahr! Kaum ist der lange, dunkle Winter vorbei, locken uns die ersten Sonnenstrahlen wieder nach drau\u00dfen. Besonders f\u00fcr Kinder ist es sch\u00f6n, wieder unter freiem Himmel und bei frischer Luft herumtoben zu k\u00f6nnen. Optimal ist es da, wenn man \u00fcber einen eigenen Garten verf\u00fcgt. Wer sein kleines Outdoor-Paradies liebt, der pflegt es liebevoll und intensiv, denn so macht es im Sommer noch mehr Freude, die freie Zeit mit der ganzen Familie hier zu verbringen. Und auch f\u00fcr das Jahr 2019 gibt es wieder eine Vielzahl toller Ideen f\u00fcr Gartenm\u00f6bel und Gestaltungsvarianten, mit denen das &#8222;gr\u00fcne Wohnzimmer&#8220; noch sch\u00f6ner wird.<\/p>\n<h2>Gartenm\u00f6bel Trends zum Leben und Lachen f\u00fcr die ganze Familie<\/h2>\n<p>Das Sch\u00f6ne am eigenen Garten ist, dass man ihn ganz individuell nach den eigenen Vorlieben und Bed\u00fcrfnissen gestalten kann. Jede Menge Anregungen und Ideen hierf\u00fcr bieten die aktuellen <a href=\"https:\/\/www.gartenmoebel.de\/gartenmoebel-trends-2019\/\">Gartenm\u00f6bel Trends<\/a>. Echte Harmonie f\u00fcr das Auge entsteht n\u00e4mlich erst durch das Gesamtkonzept, zu dem nicht nur die Bepflanzung, sondern auch die Gartenm\u00f6bel z\u00e4hlen. Schlie\u00dflich m\u00f6chte man sich im eigenen Garten rundum wohlf\u00fchlen. Dabei sollten jedoch speziell Eltern mit Kindern beachten, dass an kindergeeignete G\u00e4rten spezielle Anforderungen gestellt werden m\u00fcssen.<\/p>\n<h2>\u00c3\u00a2\u00e2\u201a\u00ac\u00a6 aber bitte praktisch!<\/h2>\n<p>Wer einen Garten gestalten m\u00f6chte, in dem sich auch Kinder wohlf\u00fchlen und in dem sie gern Zeit verbringen, wird an einer Blumenwiese nicht vorbeikommen. Diese kann nicht nur gut mit Gartenm\u00f6beln in den angesagten filigranen Formen kombiniert werden, sondern ist auch bestens geeignet, um dort mit Mama und Papa oder auch dem Hund herumzutollen. Vor allem der j\u00fcngere Nachwuchs begeistert sich in der Regel f\u00fcr das Blumenpfl\u00fccken und \u00fcberrascht Mama oder Oma gern mit sch\u00f6nen Str\u00e4u\u00dfen. Und f\u00fcr die Eltern ist sie eine echte Augenweide mit ihren vielen unterschiedlichen Farben. Aber Vorsicht! Immer vergewissern, dass sich keine <a href=\"https:\/\/www.giz-nord.de\/cms\/index.php\/liste-giftiger-pflanzenarten.html\">giftigen Pflanzen<\/a> darunter verstecken!<\/p>\n<p>Auch Hecken mit Fr\u00fcchten, welche die lieben Kleinen selbst pfl\u00fccken k\u00f6nnen, kommen stets gut an. Vielleicht l\u00e4sst sich daraus mit entsprechenden Gartenm\u00f6beln auch eine lauschige Nische zum Chillen f\u00fcr die Gro\u00dfen zaubern. Ist noch Platz f\u00fcr eine Spielecke? Perfekt! Ein Kletterturm ist eine tolle Sache und regt die Fantasie an.<\/p>\n<p>Freude haben Kinder auch an Mini-Hochbeeten. Kleine G\u00e4rtner und G\u00e4rtnerinnen lernen auf diese Weise, wie das Gem\u00fcse, das sie sonst nur aus dem Supermarkt kennen, heranw\u00e4chst, und sind stolz darauf, sich selbst darum k\u00fcmmern zu d\u00fcrfen.<\/p>\n<h2>Das Outdoor-Wohnzimmer<\/h2>\n<p>Bei den diesj\u00e4hrigen Gartenm\u00f6bel Trends spielen Loungem\u00f6bel eine gro\u00dfe Rolle. Dank der robusten, wetterfesten Materialien sind sie f\u00fcr das Outdoor-Wohnzimmer bestens geeignet, \u00fcberzeugen dar\u00fcber hinaus aber auch mit ihren schicken Designs. Nicht zuletzt sind sie sehr bequem und laden durch ihren hohen Sitz- und Liegekomfort zum Erholen ein. Eine Loungegarnitur bietet daher die besten Voraussetzungen, um an einem lauschigen Sommerabend mit Freunden und Verwandten etwa eine stimmungsvolle Grillparty zu feiern.<\/p>\n<p>Wer hingegen lieber entspannt ein Buch lesen m\u00f6chte, w\u00e4hrend die Kinder im Sandkasten spielen, sollte in Erw\u00e4gung ziehen, sich einen sogenannten Hanging Chair anzuschaffen. H\u00e4ngesessel runden das Mobiliar des &#8222;gr\u00fcnen Wohnzimmers&#8220; perfekt ab und liegen zudem im Trend.<\/p>\n<h2>Entspannung f\u00fcr das Auge<\/h2>\n<p>Auch 2019 sind es wieder die warmen T\u00f6ne, mit denen Gartenfans definitiv nichts falsch machen. Von Spiced Honey bis hin zum Dauerbrenner Terrakotta, von Ziegelrot bis Ockergelb \u2013 damit liegt man in Sachen Gartenm\u00f6bel und -gestaltung genau richtig! Denn diese Farben und Materialien tun dem Auge gut und helfen dabei, eine entspannte Atmosph\u00e4re zu zaubern.<\/p>\n<p>Die Farbwahl bei den Gartenm\u00f6beln geht \u00fcbrigens Hand in Hand mit einem weiteren Trend f\u00fcr 2019: Nat\u00fcrlichkeit und Nachhaltigkeit. Was bedeutet das konkret? Holz, Schilf und Co. sind angesagt \u2013 daraus l\u00e4sst sich z.\u201cB. ein perfekter Sichtschutz erstellen, aber auch mit Pflanzen k\u00f6nnen Blickf\u00e4nge gestaltet und Akzente im eigenen gr\u00fcnen Paradies gesetzt werden. Denn in diesem Jahr liegt der Schwerpunkt ganz klar auch auf dem Thema &#8222;Gr\u00fcn&#8220;. Insofern: Nutzen Sie Pflanzen aller Art nach Herzenslust, um damit den Garten zu dekorieren und zu strukturieren, sodass lauschige Nischen und schattige Pl\u00e4tze entstehen.<\/p>\n","protected":false},"excerpt":{"rendered":"<p>ANZEIGE &#8211; Endlich Fr\u00fchjahr! Kaum ist der lange, dunkle Winter vorbei, locken uns die ersten Sonnenstrahlen wieder nach drau\u00dfen. Besonders f\u00fcr Kinder ist es sch\u00f6n, wieder unter freiem Himmel und bei frischer Luft herumtoben zu k\u00f6nnen. Optimal ist es da, wenn man \u00fcber einen eigenen Garten verf\u00fcgt. Wer sein kleines Outdoor-Paradies liebt, der pflegt es [&hellip;]<\/p>\n","protected":false},"author":62,"featured_media":11057,"comment_status":"closed","ping_status":"closed","sticky":false,"template":"","format":"standard","meta":{"_acf_changed":false,"ep_exclude_from_search":false,"_jetpack_memberships_contains_paid_content":false,"footnotes":""},"categories":[13],"tags":[],"class_list":["post-4654","post","type-post","status-publish","format-standard","has-post-thumbnail","hentry","category-freizeit-und-hobby"],"acf":[],"yoast_head":"<!-- This site is optimized with the Yoast SEO plugin v27.5 - https:\/\/yoast.com\/product\/yoast-seo-wordpress\/ -->\n<title>Die sch\u00f6nsten Gartenm\u00f6bel Trends 2019 f\u00fcr Eltern mit Kindern - elternforen.com - Ratgeber-Magazin<\/title>\n<meta name=\"robots\" content=\"index, follow, max-snippet:-1, max-image-preview:large, max-video-preview:-1\" \/>\n<link rel=\"canonical\" href=\"https:\/\/www.elternforen.com\/Blog\/die-schoensten-gartenmoebel-trends-2019-fuer-eltern-mit-kindern-4654\/\" \/>\n<meta property=\"og:locale\" content=\"de_DE\" \/>\n<meta property=\"og:type\" content=\"article\" \/>\n<meta property=\"og:title\" content=\"Die sch\u00f6nsten Gartenm\u00f6bel Trends 2019 f\u00fcr Eltern mit Kindern - elternforen.com - Ratgeber-Magazin\" \/>\n<meta property=\"og:description\" content=\"ANZEIGE - Endlich Fr\u00fchjahr! Kaum ist der lange, dunkle Winter vorbei, locken uns die ersten Sonnenstrahlen wieder nach drau\u00dfen. Besonders f\u00fcr Kinder ist es sch\u00f6n, wieder unter freiem Himmel und bei frischer Luft herumtoben zu k\u00f6nnen. Optimal ist es da, wenn man \u00fcber einen eigenen Garten verf\u00fcgt. Wer sein kleines Outdoor-Paradies liebt, der pflegt es [&hellip;]\" \/>\n<meta property=\"og:url\" content=\"https:\/\/www.elternforen.com\/Blog\/die-schoensten-gartenmoebel-trends-2019-fuer-eltern-mit-kindern-4654\/\" \/>\n<meta property=\"og:site_name\" content=\"elternforen.com - Ratgeber-Magazin\" \/>\n<meta property=\"article:published_time\" content=\"2019-04-04T16:44:50+00:00\" \/>\n<meta property=\"article:modified_time\" content=\"2024-06-18T08:58:49+00:00\" \/>\n<meta property=\"og:image\" content=\"https:\/\/www.elternforen.com\/Blog\/wp-content\/uploads\/2019\/04\/gartenmoebel-unsplash-scaled.jpg\" \/>\n\t<meta property=\"og:image:width\" content=\"2560\" \/>\n\t<meta property=\"og:image:height\" content=\"1707\" \/>\n\t<meta property=\"og:image:type\" content=\"image\/jpeg\" \/>\n<meta name=\"author\" content=\"redaktion\" \/>\n<meta name=\"twitter:card\" content=\"summary_large_image\" \/>\n<meta name=\"twitter:label1\" content=\"Verfasst von\" \/>\n\t<meta name=\"twitter:data1\" content=\"redaktion\" \/>\n\t<meta name=\"twitter:label2\" content=\"Gesch\u00e4tzte Lesezeit\" \/>\n\t<meta name=\"twitter:data2\" content=\"4\u00a0Minuten\" \/>\n<script type=\"application\/ld+json\" class=\"yoast-schema-graph\">{\"@context\":\"https:\\\/\\\/schema.org\",\"@graph\":[{\"@type\":\"Article\",\"@id\":\"https:\\\/\\\/www.elternforen.com\\\/Blog\\\/die-schoensten-gartenmoebel-trends-2019-fuer-eltern-mit-kindern-4654\\\/#article\",\"isPartOf\":{\"@id\":\"https:\\\/\\\/www.elternforen.com\\\/Blog\\\/die-schoensten-gartenmoebel-trends-2019-fuer-eltern-mit-kindern-4654\\\/\"},\"author\":{\"name\":\"redaktion\",\"@id\":\"https:\\\/\\\/www.elternforen.com\\\/Blog\\\/#\\\/schema\\\/person\\\/979a88c5d2ec2beabc8f0e00243558c3\"},\"headline\":\"Die sch\u00f6nsten Gartenm\u00f6bel Trends 2019 f\u00fcr Eltern mit Kindern\",\"datePublished\":\"2019-04-04T16:44:50+00:00\",\"dateModified\":\"2024-06-18T08:58:49+00:00\",\"mainEntityOfPage\":{\"@id\":\"https:\\\/\\\/www.elternforen.com\\\/Blog\\\/die-schoensten-gartenmoebel-trends-2019-fuer-eltern-mit-kindern-4654\\\/\"},\"wordCount\":719,\"image\":{\"@id\":\"https:\\\/\\\/www.elternforen.com\\\/Blog\\\/die-schoensten-gartenmoebel-trends-2019-fuer-eltern-mit-kindern-4654\\\/#primaryimage\"},\"thumbnailUrl\":\"https:\\\/\\\/www.elternforen.com\\\/Blog\\\/wp-content\\\/uploads\\\/2019\\\/04\\\/gartenmoebel-unsplash-scaled.jpg\",\"articleSection\":[\"Freizeit und Hobby\"],\"inLanguage\":\"de\"},{\"@type\":\"WebPage\",\"@id\":\"https:\\\/\\\/www.elternforen.com\\\/Blog\\\/die-schoensten-gartenmoebel-trends-2019-fuer-eltern-mit-kindern-4654\\\/\",\"url\":\"https:\\\/\\\/www.elternforen.com\\\/Blog\\\/die-schoensten-gartenmoebel-trends-2019-fuer-eltern-mit-kindern-4654\\\/\",\"name\":\"Die sch\u00f6nsten Gartenm\u00f6bel Trends 2019 f\u00fcr Eltern mit Kindern - elternforen.com - Ratgeber-Magazin\",\"isPartOf\":{\"@id\":\"https:\\\/\\\/www.elternforen.com\\\/Blog\\\/#website\"},\"primaryImageOfPage\":{\"@id\":\"https:\\\/\\\/www.elternforen.com\\\/Blog\\\/die-schoensten-gartenmoebel-trends-2019-fuer-eltern-mit-kindern-4654\\\/#primaryimage\"},\"image\":{\"@id\":\"https:\\\/\\\/www.elternforen.com\\\/Blog\\\/die-schoensten-gartenmoebel-trends-2019-fuer-eltern-mit-kindern-4654\\\/#primaryimage\"},\"thumbnailUrl\":\"https:\\\/\\\/www.elternforen.com\\\/Blog\\\/wp-content\\\/uploads\\\/2019\\\/04\\\/gartenmoebel-unsplash-scaled.jpg\",\"datePublished\":\"2019-04-04T16:44:50+00:00\",\"dateModified\":\"2024-06-18T08:58:49+00:00\",\"author\":{\"@id\":\"https:\\\/\\\/www.elternforen.com\\\/Blog\\\/#\\\/schema\\\/person\\\/979a88c5d2ec2beabc8f0e00243558c3\"},\"breadcrumb\":{\"@id\":\"https:\\\/\\\/www.elternforen.com\\\/Blog\\\/die-schoensten-gartenmoebel-trends-2019-fuer-eltern-mit-kindern-4654\\\/#breadcrumb\"},\"inLanguage\":\"de\",\"potentialAction\":[{\"@type\":\"ReadAction\",\"target\":[\"https:\\\/\\\/www.elternforen.com\\\/Blog\\\/die-schoensten-gartenmoebel-trends-2019-fuer-eltern-mit-kindern-4654\\\/\"]}]},{\"@type\":\"ImageObject\",\"inLanguage\":\"de\",\"@id\":\"https:\\\/\\\/www.elternforen.com\\\/Blog\\\/die-schoensten-gartenmoebel-trends-2019-fuer-eltern-mit-kindern-4654\\\/#primaryimage\",\"url\":\"https:\\\/\\\/www.elternforen.com\\\/Blog\\\/wp-content\\\/uploads\\\/2019\\\/04\\\/gartenmoebel-unsplash-scaled.jpg\",\"contentUrl\":\"https:\\\/\\\/www.elternforen.com\\\/Blog\\\/wp-content\\\/uploads\\\/2019\\\/04\\\/gartenmoebel-unsplash-scaled.jpg\",\"width\":2560,\"height\":1707,\"caption\":\"Gartenm\u00f6bel, Bild: unsplash\"},{\"@type\":\"BreadcrumbList\",\"@id\":\"https:\\\/\\\/www.elternforen.com\\\/Blog\\\/die-schoensten-gartenmoebel-trends-2019-fuer-eltern-mit-kindern-4654\\\/#breadcrumb\",\"itemListElement\":[{\"@type\":\"ListItem\",\"position\":1,\"name\":\"Home\",\"item\":\"https:\\\/\\\/www.elternforen.com\\\/Blog\\\/\"},{\"@type\":\"ListItem\",\"position\":2,\"name\":\"Die sch\u00f6nsten Gartenm\u00f6bel Trends 2019 f\u00fcr Eltern mit Kindern\"}]},{\"@type\":\"WebSite\",\"@id\":\"https:\\\/\\\/www.elternforen.com\\\/Blog\\\/#website\",\"url\":\"https:\\\/\\\/www.elternforen.com\\\/Blog\\\/\",\"name\":\"elternforen.com - Ratgeber-Magazin\",\"description\":\"Der Blog \u00fcber Familie, Schwangerschaft, Babys und Kinder\",\"potentialAction\":[{\"@type\":\"SearchAction\",\"target\":{\"@type\":\"EntryPoint\",\"urlTemplate\":\"https:\\\/\\\/www.elternforen.com\\\/Blog\\\/?s={search_term_string}\"},\"query-input\":{\"@type\":\"PropertyValueSpecification\",\"valueRequired\":true,\"valueName\":\"search_term_string\"}}],\"inLanguage\":\"de\"},{\"@type\":\"Person\",\"@id\":\"https:\\\/\\\/www.elternforen.com\\\/Blog\\\/#\\\/schema\\\/person\\\/979a88c5d2ec2beabc8f0e00243558c3\",\"name\":\"redaktion\",\"url\":\"https:\\\/\\\/www.elternforen.com\\\/Blog\\\/author\\\/stefan\\\/\"}]}<\/script>\n<!-- \/ Yoast SEO plugin. -->","yoast_head_json":{"title":"Die sch\u00f6nsten Gartenm\u00f6bel Trends 2019 f\u00fcr Eltern mit Kindern - elternforen.com - Ratgeber-Magazin","robots":{"index":"index","follow":"follow","max-snippet":"max-snippet:-1","max-image-preview":"max-image-preview:large","max-video-preview":"max-video-preview:-1"},"canonical":"https:\/\/www.elternforen.com\/Blog\/die-schoensten-gartenmoebel-trends-2019-fuer-eltern-mit-kindern-4654\/","og_locale":"de_DE","og_type":"article","og_title":"Die sch\u00f6nsten Gartenm\u00f6bel Trends 2019 f\u00fcr Eltern mit Kindern - elternforen.com - Ratgeber-Magazin","og_description":"ANZEIGE - Endlich Fr\u00fchjahr! Kaum ist der lange, dunkle Winter vorbei, locken uns die ersten Sonnenstrahlen wieder nach drau\u00dfen. Besonders f\u00fcr Kinder ist es sch\u00f6n, wieder unter freiem Himmel und bei frischer Luft herumtoben zu k\u00f6nnen. Optimal ist es da, wenn man \u00fcber einen eigenen Garten verf\u00fcgt. Wer sein kleines Outdoor-Paradies liebt, der pflegt es [&hellip;]","og_url":"https:\/\/www.elternforen.com\/Blog\/die-schoensten-gartenmoebel-trends-2019-fuer-eltern-mit-kindern-4654\/","og_site_name":"elternforen.com - Ratgeber-Magazin","article_published_time":"2019-04-04T16:44:50+00:00","article_modified_time":"2024-06-18T08:58:49+00:00","og_image":[{"width":2560,"height":1707,"url":"https:\/\/www.elternforen.com\/Blog\/wp-content\/uploads\/2019\/04\/gartenmoebel-unsplash-scaled.jpg","type":"image\/jpeg"}],"author":"redaktion","twitter_card":"summary_large_image","twitter_misc":{"Verfasst von":"redaktion","Gesch\u00e4tzte Lesezeit":"4\u00a0Minuten"},"schema":{"@context":"https:\/\/schema.org","@graph":[{"@type":"Article","@id":"https:\/\/www.elternforen.com\/Blog\/die-schoensten-gartenmoebel-trends-2019-fuer-eltern-mit-kindern-4654\/#article","isPartOf":{"@id":"https:\/\/www.elternforen.com\/Blog\/die-schoensten-gartenmoebel-trends-2019-fuer-eltern-mit-kindern-4654\/"},"author":{"name":"redaktion","@id":"https:\/\/www.elternforen.com\/Blog\/#\/schema\/person\/979a88c5d2ec2beabc8f0e00243558c3"},"headline":"Die sch\u00f6nsten Gartenm\u00f6bel Trends 2019 f\u00fcr Eltern mit Kindern","datePublished":"2019-04-04T16:44:50+00:00","dateModified":"2024-06-18T08:58:49+00:00","mainEntityOfPage":{"@id":"https:\/\/www.elternforen.com\/Blog\/die-schoensten-gartenmoebel-trends-2019-fuer-eltern-mit-kindern-4654\/"},"wordCount":719,"image":{"@id":"https:\/\/www.elternforen.com\/Blog\/die-schoensten-gartenmoebel-trends-2019-fuer-eltern-mit-kindern-4654\/#primaryimage"},"thumbnailUrl":"https:\/\/www.elternforen.com\/Blog\/wp-content\/uploads\/2019\/04\/gartenmoebel-unsplash-scaled.jpg","articleSection":["Freizeit und Hobby"],"inLanguage":"de"},{"@type":"WebPage","@id":"https:\/\/www.elternforen.com\/Blog\/die-schoensten-gartenmoebel-trends-2019-fuer-eltern-mit-kindern-4654\/","url":"https:\/\/www.elternforen.com\/Blog\/die-schoensten-gartenmoebel-trends-2019-fuer-eltern-mit-kindern-4654\/","name":"Die sch\u00f6nsten Gartenm\u00f6bel Trends 2019 f\u00fcr Eltern mit Kindern - elternforen.com - Ratgeber-Magazin","isPartOf":{"@id":"https:\/\/www.elternforen.com\/Blog\/#website"},"primaryImageOfPage":{"@id":"https:\/\/www.elternforen.com\/Blog\/die-schoensten-gartenmoebel-trends-2019-fuer-eltern-mit-kindern-4654\/#primaryimage"},"image":{"@id":"https:\/\/www.elternforen.com\/Blog\/die-schoensten-gartenmoebel-trends-2019-fuer-eltern-mit-kindern-4654\/#primaryimage"},"thumbnailUrl":"https:\/\/www.elternforen.com\/Blog\/wp-content\/uploads\/2019\/04\/gartenmoebel-unsplash-scaled.jpg","datePublished":"2019-04-04T16:44:50+00:00","dateModified":"2024-06-18T08:58:49+00:00","author":{"@id":"https:\/\/www.elternforen.com\/Blog\/#\/schema\/person\/979a88c5d2ec2beabc8f0e00243558c3"},"breadcrumb":{"@id":"https:\/\/www.elternforen.com\/Blog\/die-schoensten-gartenmoebel-trends-2019-fuer-eltern-mit-kindern-4654\/#breadcrumb"},"inLanguage":"de","potentialAction":[{"@type":"ReadAction","target":["https:\/\/www.elternforen.com\/Blog\/die-schoensten-gartenmoebel-trends-2019-fuer-eltern-mit-kindern-4654\/"]}]},{"@type":"ImageObject","inLanguage":"de","@id":"https:\/\/www.elternforen.com\/Blog\/die-schoensten-gartenmoebel-trends-2019-fuer-eltern-mit-kindern-4654\/#primaryimage","url":"https:\/\/www.elternforen.com\/Blog\/wp-content\/uploads\/2019\/04\/gartenmoebel-unsplash-scaled.jpg","contentUrl":"https:\/\/www.elternforen.com\/Blog\/wp-content\/uploads\/2019\/04\/gartenmoebel-unsplash-scaled.jpg","width":2560,"height":1707,"caption":"Gartenm\u00f6bel, Bild: unsplash"},{"@type":"BreadcrumbList","@id":"https:\/\/www.elternforen.com\/Blog\/die-schoensten-gartenmoebel-trends-2019-fuer-eltern-mit-kindern-4654\/#breadcrumb","itemListElement":[{"@type":"ListItem","position":1,"name":"Home","item":"https:\/\/www.elternforen.com\/Blog\/"},{"@type":"ListItem","position":2,"name":"Die sch\u00f6nsten Gartenm\u00f6bel Trends 2019 f\u00fcr Eltern mit Kindern"}]},{"@type":"WebSite","@id":"https:\/\/www.elternforen.com\/Blog\/#website","url":"https:\/\/www.elternforen.com\/Blog\/","name":"elternforen.com - Ratgeber-Magazin","description":"Der Blog \u00fcber Familie, Schwangerschaft, Babys und Kinder","potentialAction":[{"@type":"SearchAction","target":{"@type":"EntryPoint","urlTemplate":"https:\/\/www.elternforen.com\/Blog\/?s={search_term_string}"},"query-input":{"@type":"PropertyValueSpecification","valueRequired":true,"valueName":"search_term_string"}}],"inLanguage":"de"},{"@type":"Person","@id":"https:\/\/www.elternforen.com\/Blog\/#\/schema\/person\/979a88c5d2ec2beabc8f0e00243558c3","name":"redaktion","url":"https:\/\/www.elternforen.com\/Blog\/author\/stefan\/"}]}},"jetpack_featured_media_url":"https:\/\/www.elternforen.com\/Blog\/wp-content\/uploads\/2019\/04\/gartenmoebel-unsplash-scaled.jpg","jetpack_sharing_enabled":true,"_links":{"self":[{"href":"https:\/\/www.elternforen.com\/Blog\/wp-json\/wp\/v2\/posts\/4654","targetHints":{"allow":["GET"]}}],"collection":[{"href":"https:\/\/www.elternforen.com\/Blog\/wp-json\/wp\/v2\/posts"}],"about":[{"href":"https:\/\/www.elternforen.com\/Blog\/wp-json\/wp\/v2\/types\/post"}],"author":[{"embeddable":true,"href":"https:\/\/www.elternforen.com\/Blog\/wp-json\/wp\/v2\/users\/62"}],"replies":[{"embeddable":true,"href":"https:\/\/www.elternforen.com\/Blog\/wp-json\/wp\/v2\/comments?post=4654"}],"version-history":[{"count":2,"href":"https:\/\/www.elternforen.com\/Blog\/wp-json\/wp\/v2\/posts\/4654\/revisions"}],"predecessor-version":[{"id":11066,"href":"https:\/\/www.elternforen.com\/Blog\/wp-json\/wp\/v2\/posts\/4654\/revisions\/11066"}],"wp:featuredmedia":[{"embeddable":true,"href":"https:\/\/www.elternforen.com\/Blog\/wp-json\/wp\/v2\/media\/11057"}],"wp:attachment":[{"href":"https:\/\/www.elternforen.com\/Blog\/wp-json\/wp\/v2\/media?parent=4654"}],"wp:term":[{"taxonomy":"category","embeddable":true,"href":"https:\/\/www.elternforen.com\/Blog\/wp-json\/wp\/v2\/categories?post=4654"},{"taxonomy":"post_tag","embeddable":true,"href":"https:\/\/www.elternforen.com\/Blog\/wp-json\/wp\/v2\/tags?post=4654"}],"curies":[{"name":"wp","href":"https:\/\/api.w.org\/{rel}","templated":true}]}}