{"id":473,"date":"2012-03-07T17:33:22","date_gmt":"2012-03-07T16:33:22","guid":{"rendered":"http:\/\/www.elternforen.com\/Blog\/?p=473"},"modified":"2012-03-07T17:33:22","modified_gmt":"2012-03-07T16:33:22","slug":"hallo-baby-11-marz-in-der-stadthalle-verden-473","status":"publish","type":"post","link":"https:\/\/www.elternforen.com\/Blog\/hallo-baby-11-marz-in-der-stadthalle-verden-473\/","title":{"rendered":"Hallo Baby! 11. M\u00e4rz in der Stadthalle Verden"},"content":{"rendered":"ANZEIGE - <p>Hallo Baby! Am Sonntag 11. M\u00e4rz in Verden von11 bis 18 Uhr. Eintritt 3\u00c3\u00a2\u00e2\u20ac\u0161\u00ac pro Familie. In der ausgebuchten Stadthalle erwartet Sie eine bunte Mischung aus den verschiedenen Bereichen rund um die Themen Schwangerschaft, Geburt, Baby und Kleinkind (bis 5 Jahre). Eine kostenlose Kinderbetreuung wird angeboten, ebenso kostenfreie Parkpl\u00e4tze im Parkhaus des E-Centers. Neben dem Catering der Stadthalle wird es Crepes und frisches Obst geben. Wir freuen uns auf die ganze Familie!!!<\/p>\n","protected":false},"excerpt":{"rendered":"<p>ANZEIGE &#8211; Hallo Baby! Am Sonntag 11. M\u00e4rz in Verden von11 bis 18 Uhr. Eintritt 3\u00c3\u00a2\u00e2\u20ac\u0161\u00ac pro Familie. In der ausgebuchten Stadthalle erwartet Sie eine bunte Mischung aus den verschiedenen Bereichen rund um die Themen Schwangerschaft, Geburt, Baby und Kleinkind (bis 5 Jahre). Eine kostenlose Kinderbetreuung wird angeboten, ebenso kostenfreie Parkpl\u00e4tze im Parkhaus des E-Centers. [&hellip;]<\/p>\n","protected":false},"author":61,"featured_media":0,"comment_status":"closed","ping_status":"closed","sticky":false,"template":"","format":"standard","meta":{"_acf_changed":false,"ep_exclude_from_search":false,"_jetpack_memberships_contains_paid_content":false,"footnotes":""},"categories":[2],"tags":[],"class_list":["post-473","post","type-post","status-publish","format-standard","hentry","category-blogroll"],"acf":[],"yoast_head":"<!-- This site is optimized with the Yoast SEO plugin v27.5 - https:\/\/yoast.com\/product\/yoast-seo-wordpress\/ -->\n<title>Hallo Baby! 11. M\u00e4rz in der Stadthalle Verden  - elternforen.com - Ratgeber-Magazin<\/title>\n<meta name=\"robots\" content=\"index, follow, max-snippet:-1, max-image-preview:large, max-video-preview:-1\" \/>\n<link rel=\"canonical\" href=\"https:\/\/www.elternforen.com\/Blog\/hallo-baby-11-marz-in-der-stadthalle-verden\/\" \/>\n<meta property=\"og:locale\" content=\"de_DE\" \/>\n<meta property=\"og:type\" content=\"article\" \/>\n<meta property=\"og:title\" content=\"Hallo Baby! 11. M\u00e4rz in der Stadthalle Verden  - elternforen.com - Ratgeber-Magazin\" \/>\n<meta property=\"og:description\" content=\"ANZEIGE - Hallo Baby! Am Sonntag 11. M\u00e4rz in Verden von11 bis 18 Uhr. Eintritt 3\u00c3\u00a2\u00e2\u20ac\u0161\u00ac pro Familie. In der ausgebuchten Stadthalle erwartet Sie eine bunte Mischung aus den verschiedenen Bereichen rund um die Themen Schwangerschaft, Geburt, Baby und Kleinkind (bis 5 Jahre). Eine kostenlose Kinderbetreuung wird angeboten, ebenso kostenfreie Parkpl\u00e4tze im Parkhaus des E-Centers. [&hellip;]\" \/>\n<meta property=\"og:url\" content=\"https:\/\/www.elternforen.com\/Blog\/hallo-baby-11-marz-in-der-stadthalle-verden\/\" \/>\n<meta property=\"og:site_name\" content=\"elternforen.com - Ratgeber-Magazin\" \/>\n<meta property=\"article:published_time\" content=\"2012-03-07T16:33:22+00:00\" \/>\n<meta name=\"author\" content=\"C.H. EVENTS\" \/>\n<meta name=\"twitter:card\" content=\"summary_large_image\" \/>\n<meta name=\"twitter:label1\" content=\"Verfasst von\" \/>\n\t<meta name=\"twitter:data1\" content=\"C.H. EVENTS\" \/>\n<script type=\"application\/ld+json\" class=\"yoast-schema-graph\">{\"@context\":\"https:\\\/\\\/schema.org\",\"@graph\":[{\"@type\":\"Article\",\"@id\":\"https:\\\/\\\/www.elternforen.com\\\/Blog\\\/hallo-baby-11-marz-in-der-stadthalle-verden\\\/#article\",\"isPartOf\":{\"@id\":\"https:\\\/\\\/www.elternforen.com\\\/Blog\\\/hallo-baby-11-marz-in-der-stadthalle-verden\\\/\"},\"author\":{\"name\":\"C.H. EVENTS\",\"@id\":\"https:\\\/\\\/www.elternforen.com\\\/Blog\\\/#\\\/schema\\\/person\\\/3765c80c10baf95272b1a6682f54e407\"},\"headline\":\"Hallo Baby! 11. M\u00e4rz in der Stadthalle Verden\",\"datePublished\":\"2012-03-07T16:33:22+00:00\",\"mainEntityOfPage\":{\"@id\":\"https:\\\/\\\/www.elternforen.com\\\/Blog\\\/hallo-baby-11-marz-in-der-stadthalle-verden\\\/\"},\"wordCount\":78,\"articleSection\":[\"Blogroll - Allgemeines\"],\"inLanguage\":\"de\"},{\"@type\":\"WebPage\",\"@id\":\"https:\\\/\\\/www.elternforen.com\\\/Blog\\\/hallo-baby-11-marz-in-der-stadthalle-verden\\\/\",\"url\":\"https:\\\/\\\/www.elternforen.com\\\/Blog\\\/hallo-baby-11-marz-in-der-stadthalle-verden\\\/\",\"name\":\"Hallo Baby! 11. M\u00e4rz in der Stadthalle Verden - elternforen.com - Ratgeber-Magazin\",\"isPartOf\":{\"@id\":\"https:\\\/\\\/www.elternforen.com\\\/Blog\\\/#website\"},\"datePublished\":\"2012-03-07T16:33:22+00:00\",\"author\":{\"@id\":\"https:\\\/\\\/www.elternforen.com\\\/Blog\\\/#\\\/schema\\\/person\\\/3765c80c10baf95272b1a6682f54e407\"},\"breadcrumb\":{\"@id\":\"https:\\\/\\\/www.elternforen.com\\\/Blog\\\/hallo-baby-11-marz-in-der-stadthalle-verden\\\/#breadcrumb\"},\"inLanguage\":\"de\",\"potentialAction\":[{\"@type\":\"ReadAction\",\"target\":[\"https:\\\/\\\/www.elternforen.com\\\/Blog\\\/hallo-baby-11-marz-in-der-stadthalle-verden\\\/\"]}]},{\"@type\":\"BreadcrumbList\",\"@id\":\"https:\\\/\\\/www.elternforen.com\\\/Blog\\\/hallo-baby-11-marz-in-der-stadthalle-verden\\\/#breadcrumb\",\"itemListElement\":[{\"@type\":\"ListItem\",\"position\":1,\"name\":\"Home\",\"item\":\"https:\\\/\\\/www.elternforen.com\\\/Blog\\\/\"},{\"@type\":\"ListItem\",\"position\":2,\"name\":\"Hallo Baby! 11. M\u00c3\u00a4rz in der Stadthalle Verden\"}]},{\"@type\":\"WebSite\",\"@id\":\"https:\\\/\\\/www.elternforen.com\\\/Blog\\\/#website\",\"url\":\"https:\\\/\\\/www.elternforen.com\\\/Blog\\\/\",\"name\":\"elternforen.com - Ratgeber-Magazin\",\"description\":\"Der Blog \u00fcber Familie, Schwangerschaft, Babys und Kinder\",\"potentialAction\":[{\"@type\":\"SearchAction\",\"target\":{\"@type\":\"EntryPoint\",\"urlTemplate\":\"https:\\\/\\\/www.elternforen.com\\\/Blog\\\/?s={search_term_string}\"},\"query-input\":{\"@type\":\"PropertyValueSpecification\",\"valueRequired\":true,\"valueName\":\"search_term_string\"}}],\"inLanguage\":\"de\"},{\"@type\":\"Person\",\"@id\":\"https:\\\/\\\/www.elternforen.com\\\/Blog\\\/#\\\/schema\\\/person\\\/3765c80c10baf95272b1a6682f54e407\",\"name\":\"C.H. EVENTS\",\"url\":\"https:\\\/\\\/www.elternforen.com\\\/Blog\\\/author\\\/c-h-events\\\/\"}]}<\/script>\n<!-- \/ Yoast SEO plugin. -->","yoast_head_json":{"title":"Hallo Baby! 11. M\u00e4rz in der Stadthalle Verden  - elternforen.com - Ratgeber-Magazin","robots":{"index":"index","follow":"follow","max-snippet":"max-snippet:-1","max-image-preview":"max-image-preview:large","max-video-preview":"max-video-preview:-1"},"canonical":"https:\/\/www.elternforen.com\/Blog\/hallo-baby-11-marz-in-der-stadthalle-verden\/","og_locale":"de_DE","og_type":"article","og_title":"Hallo Baby! 11. M\u00e4rz in der Stadthalle Verden  - elternforen.com - Ratgeber-Magazin","og_description":"ANZEIGE - Hallo Baby! Am Sonntag 11. M\u00e4rz in Verden von11 bis 18 Uhr. Eintritt 3\u00c3\u00a2\u00e2\u20ac\u0161\u00ac pro Familie. In der ausgebuchten Stadthalle erwartet Sie eine bunte Mischung aus den verschiedenen Bereichen rund um die Themen Schwangerschaft, Geburt, Baby und Kleinkind (bis 5 Jahre). Eine kostenlose Kinderbetreuung wird angeboten, ebenso kostenfreie Parkpl\u00e4tze im Parkhaus des E-Centers. [&hellip;]","og_url":"https:\/\/www.elternforen.com\/Blog\/hallo-baby-11-marz-in-der-stadthalle-verden\/","og_site_name":"elternforen.com - Ratgeber-Magazin","article_published_time":"2012-03-07T16:33:22+00:00","author":"C.H. EVENTS","twitter_card":"summary_large_image","twitter_misc":{"Verfasst von":"C.H. EVENTS"},"schema":{"@context":"https:\/\/schema.org","@graph":[{"@type":"Article","@id":"https:\/\/www.elternforen.com\/Blog\/hallo-baby-11-marz-in-der-stadthalle-verden\/#article","isPartOf":{"@id":"https:\/\/www.elternforen.com\/Blog\/hallo-baby-11-marz-in-der-stadthalle-verden\/"},"author":{"name":"C.H. EVENTS","@id":"https:\/\/www.elternforen.com\/Blog\/#\/schema\/person\/3765c80c10baf95272b1a6682f54e407"},"headline":"Hallo Baby! 11. M\u00e4rz in der Stadthalle Verden","datePublished":"2012-03-07T16:33:22+00:00","mainEntityOfPage":{"@id":"https:\/\/www.elternforen.com\/Blog\/hallo-baby-11-marz-in-der-stadthalle-verden\/"},"wordCount":78,"articleSection":["Blogroll - Allgemeines"],"inLanguage":"de"},{"@type":"WebPage","@id":"https:\/\/www.elternforen.com\/Blog\/hallo-baby-11-marz-in-der-stadthalle-verden\/","url":"https:\/\/www.elternforen.com\/Blog\/hallo-baby-11-marz-in-der-stadthalle-verden\/","name":"Hallo Baby! 11. M\u00e4rz in der Stadthalle Verden - elternforen.com - Ratgeber-Magazin","isPartOf":{"@id":"https:\/\/www.elternforen.com\/Blog\/#website"},"datePublished":"2012-03-07T16:33:22+00:00","author":{"@id":"https:\/\/www.elternforen.com\/Blog\/#\/schema\/person\/3765c80c10baf95272b1a6682f54e407"},"breadcrumb":{"@id":"https:\/\/www.elternforen.com\/Blog\/hallo-baby-11-marz-in-der-stadthalle-verden\/#breadcrumb"},"inLanguage":"de","potentialAction":[{"@type":"ReadAction","target":["https:\/\/www.elternforen.com\/Blog\/hallo-baby-11-marz-in-der-stadthalle-verden\/"]}]},{"@type":"BreadcrumbList","@id":"https:\/\/www.elternforen.com\/Blog\/hallo-baby-11-marz-in-der-stadthalle-verden\/#breadcrumb","itemListElement":[{"@type":"ListItem","position":1,"name":"Home","item":"https:\/\/www.elternforen.com\/Blog\/"},{"@type":"ListItem","position":2,"name":"Hallo Baby! 11. M\u00c3\u00a4rz in der Stadthalle Verden"}]},{"@type":"WebSite","@id":"https:\/\/www.elternforen.com\/Blog\/#website","url":"https:\/\/www.elternforen.com\/Blog\/","name":"elternforen.com - Ratgeber-Magazin","description":"Der Blog \u00fcber Familie, Schwangerschaft, Babys und Kinder","potentialAction":[{"@type":"SearchAction","target":{"@type":"EntryPoint","urlTemplate":"https:\/\/www.elternforen.com\/Blog\/?s={search_term_string}"},"query-input":{"@type":"PropertyValueSpecification","valueRequired":true,"valueName":"search_term_string"}}],"inLanguage":"de"},{"@type":"Person","@id":"https:\/\/www.elternforen.com\/Blog\/#\/schema\/person\/3765c80c10baf95272b1a6682f54e407","name":"C.H. EVENTS","url":"https:\/\/www.elternforen.com\/Blog\/author\/c-h-events\/"}]}},"jetpack_featured_media_url":"","jetpack_sharing_enabled":true,"_links":{"self":[{"href":"https:\/\/www.elternforen.com\/Blog\/wp-json\/wp\/v2\/posts\/473","targetHints":{"allow":["GET"]}}],"collection":[{"href":"https:\/\/www.elternforen.com\/Blog\/wp-json\/wp\/v2\/posts"}],"about":[{"href":"https:\/\/www.elternforen.com\/Blog\/wp-json\/wp\/v2\/types\/post"}],"author":[{"embeddable":true,"href":"https:\/\/www.elternforen.com\/Blog\/wp-json\/wp\/v2\/users\/61"}],"replies":[{"embeddable":true,"href":"https:\/\/www.elternforen.com\/Blog\/wp-json\/wp\/v2\/comments?post=473"}],"version-history":[{"count":1,"href":"https:\/\/www.elternforen.com\/Blog\/wp-json\/wp\/v2\/posts\/473\/revisions"}],"predecessor-version":[{"id":474,"href":"https:\/\/www.elternforen.com\/Blog\/wp-json\/wp\/v2\/posts\/473\/revisions\/474"}],"wp:attachment":[{"href":"https:\/\/www.elternforen.com\/Blog\/wp-json\/wp\/v2\/media?parent=473"}],"wp:term":[{"taxonomy":"category","embeddable":true,"href":"https:\/\/www.elternforen.com\/Blog\/wp-json\/wp\/v2\/categories?post=473"},{"taxonomy":"post_tag","embeddable":true,"href":"https:\/\/www.elternforen.com\/Blog\/wp-json\/wp\/v2\/tags?post=473"}],"curies":[{"name":"wp","href":"https:\/\/api.w.org\/{rel}","templated":true}]}}