{"id":478,"date":"2012-03-20T10:20:15","date_gmt":"2012-03-20T09:20:15","guid":{"rendered":"http:\/\/www.elternforen.com\/Blog\/?p=478"},"modified":"2012-03-20T10:20:15","modified_gmt":"2012-03-20T09:20:15","slug":"gelungene-premiere-der-messe-hallo-baby-478","status":"publish","type":"post","link":"https:\/\/www.elternforen.com\/Blog\/gelungene-premiere-der-messe-hallo-baby-478\/","title":{"rendered":"Gelungene Premiere der Messe Hallo Baby!"},"content":{"rendered":"ANZEIGE - <p>Am 11. M\u00e4rz fand die Messe Hallo Baby! zum ersten Mal statt. In der Stadthalle Verden (Aller) pr\u00e4sentieren sich 35 Aussteller den 700 gro\u00dfen und rund 200 kleinen Besuchern.<\/p>\n<p>Die Aussteller kamen sowohl aus der Region Verden\/Bremen, aber auch aus Hamburg, Nienburg und Hannover.<\/p>\n<p>Gezeigt wurden unter anderem Umstandsmode, Babybekleidung und Ausstattung, Geschenkideen zur Geburt und Spielzeug. Dar\u00fcber hinaus wurden die Besucher unter anderem zu den Themen Erste Hilfe am und mit dem Kind, Familienversicherung und Sicherheit auf dem Fahrrad beraten. Hebammen, Fotografen und Babykurse haben das Angebot der Messe abgerundet.<\/p>\n<p>F\u00fcr die Kleinen gab es ein besonderes Highlight: Im Spielparadies gab es die M\u00f6glichkeit zu Toben und zu Spielen, w\u00e4hrend Mama und Papa in Ruhe Shoppen gehen konnten.<\/p>\n<p>Die n\u00e4chste Messe Hallo Baby! findet am 29. April in der Stadthalle Holzminden statt.<\/p>\n<p>Link zur Messe: <a href=\"http:\/\/www.chevents.de\/\" rel=\"nofollow\">www.chevents.de<\/a> Hier wird in den n\u00e4chsten Wochen auch der Termin f\u00fcr Verden 2013 bekannt gegeben.<\/p>\n<p>&nbsp;<\/p>\n","protected":false},"excerpt":{"rendered":"<p>ANZEIGE &#8211; Am 11. M\u00e4rz fand die Messe Hallo Baby! zum ersten Mal statt. In der Stadthalle Verden (Aller) pr\u00e4sentieren sich 35 Aussteller den 700 gro\u00dfen und rund 200 kleinen Besuchern. Die Aussteller kamen sowohl aus der Region Verden\/Bremen, aber auch aus Hamburg, Nienburg und Hannover. Gezeigt wurden unter anderem Umstandsmode, Babybekleidung und Ausstattung, Geschenkideen [&hellip;]<\/p>\n","protected":false},"author":61,"featured_media":0,"comment_status":"closed","ping_status":"closed","sticky":false,"template":"","format":"standard","meta":{"_acf_changed":false,"ep_exclude_from_search":false,"_jetpack_memberships_contains_paid_content":false,"footnotes":""},"categories":[2],"tags":[],"class_list":["post-478","post","type-post","status-publish","format-standard","hentry","category-blogroll"],"acf":[],"yoast_head":"<!-- This site is optimized with the Yoast SEO plugin v27.5 - https:\/\/yoast.com\/product\/yoast-seo-wordpress\/ -->\n<title>Gelungene Premiere der Messe Hallo Baby! - elternforen.com - Ratgeber-Magazin<\/title>\n<meta name=\"robots\" content=\"index, follow, max-snippet:-1, max-image-preview:large, max-video-preview:-1\" \/>\n<link rel=\"canonical\" href=\"https:\/\/www.elternforen.com\/Blog\/gelungene-premiere-der-messe-hallo-baby-478\/\" \/>\n<meta property=\"og:locale\" content=\"de_DE\" \/>\n<meta property=\"og:type\" content=\"article\" \/>\n<meta property=\"og:title\" content=\"Gelungene Premiere der Messe Hallo Baby! - elternforen.com - Ratgeber-Magazin\" \/>\n<meta property=\"og:description\" content=\"ANZEIGE - Am 11. M\u00e4rz fand die Messe Hallo Baby! zum ersten Mal statt. In der Stadthalle Verden (Aller) pr\u00e4sentieren sich 35 Aussteller den 700 gro\u00dfen und rund 200 kleinen Besuchern. Die Aussteller kamen sowohl aus der Region Verden\/Bremen, aber auch aus Hamburg, Nienburg und Hannover. Gezeigt wurden unter anderem Umstandsmode, Babybekleidung und Ausstattung, Geschenkideen [&hellip;]\" \/>\n<meta property=\"og:url\" content=\"https:\/\/www.elternforen.com\/Blog\/gelungene-premiere-der-messe-hallo-baby-478\/\" \/>\n<meta property=\"og:site_name\" content=\"elternforen.com - Ratgeber-Magazin\" \/>\n<meta property=\"article:published_time\" content=\"2012-03-20T09:20:15+00:00\" \/>\n<meta name=\"author\" content=\"C.H. EVENTS\" \/>\n<meta name=\"twitter:card\" content=\"summary_large_image\" \/>\n<meta name=\"twitter:label1\" content=\"Verfasst von\" \/>\n\t<meta name=\"twitter:data1\" content=\"C.H. EVENTS\" \/>\n\t<meta name=\"twitter:label2\" content=\"Gesch\u00e4tzte Lesezeit\" \/>\n\t<meta name=\"twitter:data2\" content=\"1\u00a0Minute\" \/>\n<script type=\"application\/ld+json\" class=\"yoast-schema-graph\">{\"@context\":\"https:\\\/\\\/schema.org\",\"@graph\":[{\"@type\":\"Article\",\"@id\":\"https:\\\/\\\/www.elternforen.com\\\/Blog\\\/gelungene-premiere-der-messe-hallo-baby-478\\\/#article\",\"isPartOf\":{\"@id\":\"https:\\\/\\\/www.elternforen.com\\\/Blog\\\/gelungene-premiere-der-messe-hallo-baby-478\\\/\"},\"author\":{\"name\":\"C.H. EVENTS\",\"@id\":\"https:\\\/\\\/www.elternforen.com\\\/Blog\\\/#\\\/schema\\\/person\\\/3765c80c10baf95272b1a6682f54e407\"},\"headline\":\"Gelungene Premiere der Messe Hallo Baby!\",\"datePublished\":\"2012-03-20T09:20:15+00:00\",\"mainEntityOfPage\":{\"@id\":\"https:\\\/\\\/www.elternforen.com\\\/Blog\\\/gelungene-premiere-der-messe-hallo-baby-478\\\/\"},\"wordCount\":165,\"articleSection\":[\"Blogroll - Allgemeines\"],\"inLanguage\":\"de\"},{\"@type\":\"WebPage\",\"@id\":\"https:\\\/\\\/www.elternforen.com\\\/Blog\\\/gelungene-premiere-der-messe-hallo-baby-478\\\/\",\"url\":\"https:\\\/\\\/www.elternforen.com\\\/Blog\\\/gelungene-premiere-der-messe-hallo-baby-478\\\/\",\"name\":\"Gelungene Premiere der Messe Hallo Baby! - elternforen.com - Ratgeber-Magazin\",\"isPartOf\":{\"@id\":\"https:\\\/\\\/www.elternforen.com\\\/Blog\\\/#website\"},\"datePublished\":\"2012-03-20T09:20:15+00:00\",\"author\":{\"@id\":\"https:\\\/\\\/www.elternforen.com\\\/Blog\\\/#\\\/schema\\\/person\\\/3765c80c10baf95272b1a6682f54e407\"},\"breadcrumb\":{\"@id\":\"https:\\\/\\\/www.elternforen.com\\\/Blog\\\/gelungene-premiere-der-messe-hallo-baby-478\\\/#breadcrumb\"},\"inLanguage\":\"de\",\"potentialAction\":[{\"@type\":\"ReadAction\",\"target\":[\"https:\\\/\\\/www.elternforen.com\\\/Blog\\\/gelungene-premiere-der-messe-hallo-baby-478\\\/\"]}]},{\"@type\":\"BreadcrumbList\",\"@id\":\"https:\\\/\\\/www.elternforen.com\\\/Blog\\\/gelungene-premiere-der-messe-hallo-baby-478\\\/#breadcrumb\",\"itemListElement\":[{\"@type\":\"ListItem\",\"position\":1,\"name\":\"Home\",\"item\":\"https:\\\/\\\/www.elternforen.com\\\/Blog\\\/\"},{\"@type\":\"ListItem\",\"position\":2,\"name\":\"Gelungene Premiere der Messe Hallo Baby!\"}]},{\"@type\":\"WebSite\",\"@id\":\"https:\\\/\\\/www.elternforen.com\\\/Blog\\\/#website\",\"url\":\"https:\\\/\\\/www.elternforen.com\\\/Blog\\\/\",\"name\":\"elternforen.com - Ratgeber-Magazin\",\"description\":\"Der Blog \u00fcber Familie, Schwangerschaft, Babys und Kinder\",\"potentialAction\":[{\"@type\":\"SearchAction\",\"target\":{\"@type\":\"EntryPoint\",\"urlTemplate\":\"https:\\\/\\\/www.elternforen.com\\\/Blog\\\/?s={search_term_string}\"},\"query-input\":{\"@type\":\"PropertyValueSpecification\",\"valueRequired\":true,\"valueName\":\"search_term_string\"}}],\"inLanguage\":\"de\"},{\"@type\":\"Person\",\"@id\":\"https:\\\/\\\/www.elternforen.com\\\/Blog\\\/#\\\/schema\\\/person\\\/3765c80c10baf95272b1a6682f54e407\",\"name\":\"C.H. EVENTS\",\"url\":\"https:\\\/\\\/www.elternforen.com\\\/Blog\\\/author\\\/c-h-events\\\/\"}]}<\/script>\n<!-- \/ Yoast SEO plugin. -->","yoast_head_json":{"title":"Gelungene Premiere der Messe Hallo Baby! - elternforen.com - Ratgeber-Magazin","robots":{"index":"index","follow":"follow","max-snippet":"max-snippet:-1","max-image-preview":"max-image-preview:large","max-video-preview":"max-video-preview:-1"},"canonical":"https:\/\/www.elternforen.com\/Blog\/gelungene-premiere-der-messe-hallo-baby-478\/","og_locale":"de_DE","og_type":"article","og_title":"Gelungene Premiere der Messe Hallo Baby! - elternforen.com - Ratgeber-Magazin","og_description":"ANZEIGE - Am 11. M\u00e4rz fand die Messe Hallo Baby! zum ersten Mal statt. In der Stadthalle Verden (Aller) pr\u00e4sentieren sich 35 Aussteller den 700 gro\u00dfen und rund 200 kleinen Besuchern. Die Aussteller kamen sowohl aus der Region Verden\/Bremen, aber auch aus Hamburg, Nienburg und Hannover. Gezeigt wurden unter anderem Umstandsmode, Babybekleidung und Ausstattung, Geschenkideen [&hellip;]","og_url":"https:\/\/www.elternforen.com\/Blog\/gelungene-premiere-der-messe-hallo-baby-478\/","og_site_name":"elternforen.com - Ratgeber-Magazin","article_published_time":"2012-03-20T09:20:15+00:00","author":"C.H. EVENTS","twitter_card":"summary_large_image","twitter_misc":{"Verfasst von":"C.H. EVENTS","Gesch\u00e4tzte Lesezeit":"1\u00a0Minute"},"schema":{"@context":"https:\/\/schema.org","@graph":[{"@type":"Article","@id":"https:\/\/www.elternforen.com\/Blog\/gelungene-premiere-der-messe-hallo-baby-478\/#article","isPartOf":{"@id":"https:\/\/www.elternforen.com\/Blog\/gelungene-premiere-der-messe-hallo-baby-478\/"},"author":{"name":"C.H. EVENTS","@id":"https:\/\/www.elternforen.com\/Blog\/#\/schema\/person\/3765c80c10baf95272b1a6682f54e407"},"headline":"Gelungene Premiere der Messe Hallo Baby!","datePublished":"2012-03-20T09:20:15+00:00","mainEntityOfPage":{"@id":"https:\/\/www.elternforen.com\/Blog\/gelungene-premiere-der-messe-hallo-baby-478\/"},"wordCount":165,"articleSection":["Blogroll - Allgemeines"],"inLanguage":"de"},{"@type":"WebPage","@id":"https:\/\/www.elternforen.com\/Blog\/gelungene-premiere-der-messe-hallo-baby-478\/","url":"https:\/\/www.elternforen.com\/Blog\/gelungene-premiere-der-messe-hallo-baby-478\/","name":"Gelungene Premiere der Messe Hallo Baby! - elternforen.com - Ratgeber-Magazin","isPartOf":{"@id":"https:\/\/www.elternforen.com\/Blog\/#website"},"datePublished":"2012-03-20T09:20:15+00:00","author":{"@id":"https:\/\/www.elternforen.com\/Blog\/#\/schema\/person\/3765c80c10baf95272b1a6682f54e407"},"breadcrumb":{"@id":"https:\/\/www.elternforen.com\/Blog\/gelungene-premiere-der-messe-hallo-baby-478\/#breadcrumb"},"inLanguage":"de","potentialAction":[{"@type":"ReadAction","target":["https:\/\/www.elternforen.com\/Blog\/gelungene-premiere-der-messe-hallo-baby-478\/"]}]},{"@type":"BreadcrumbList","@id":"https:\/\/www.elternforen.com\/Blog\/gelungene-premiere-der-messe-hallo-baby-478\/#breadcrumb","itemListElement":[{"@type":"ListItem","position":1,"name":"Home","item":"https:\/\/www.elternforen.com\/Blog\/"},{"@type":"ListItem","position":2,"name":"Gelungene Premiere der Messe Hallo Baby!"}]},{"@type":"WebSite","@id":"https:\/\/www.elternforen.com\/Blog\/#website","url":"https:\/\/www.elternforen.com\/Blog\/","name":"elternforen.com - Ratgeber-Magazin","description":"Der Blog \u00fcber Familie, Schwangerschaft, Babys und Kinder","potentialAction":[{"@type":"SearchAction","target":{"@type":"EntryPoint","urlTemplate":"https:\/\/www.elternforen.com\/Blog\/?s={search_term_string}"},"query-input":{"@type":"PropertyValueSpecification","valueRequired":true,"valueName":"search_term_string"}}],"inLanguage":"de"},{"@type":"Person","@id":"https:\/\/www.elternforen.com\/Blog\/#\/schema\/person\/3765c80c10baf95272b1a6682f54e407","name":"C.H. EVENTS","url":"https:\/\/www.elternforen.com\/Blog\/author\/c-h-events\/"}]}},"jetpack_featured_media_url":"","jetpack_sharing_enabled":true,"_links":{"self":[{"href":"https:\/\/www.elternforen.com\/Blog\/wp-json\/wp\/v2\/posts\/478","targetHints":{"allow":["GET"]}}],"collection":[{"href":"https:\/\/www.elternforen.com\/Blog\/wp-json\/wp\/v2\/posts"}],"about":[{"href":"https:\/\/www.elternforen.com\/Blog\/wp-json\/wp\/v2\/types\/post"}],"author":[{"embeddable":true,"href":"https:\/\/www.elternforen.com\/Blog\/wp-json\/wp\/v2\/users\/61"}],"replies":[{"embeddable":true,"href":"https:\/\/www.elternforen.com\/Blog\/wp-json\/wp\/v2\/comments?post=478"}],"version-history":[{"count":1,"href":"https:\/\/www.elternforen.com\/Blog\/wp-json\/wp\/v2\/posts\/478\/revisions"}],"predecessor-version":[{"id":479,"href":"https:\/\/www.elternforen.com\/Blog\/wp-json\/wp\/v2\/posts\/478\/revisions\/479"}],"wp:attachment":[{"href":"https:\/\/www.elternforen.com\/Blog\/wp-json\/wp\/v2\/media?parent=478"}],"wp:term":[{"taxonomy":"category","embeddable":true,"href":"https:\/\/www.elternforen.com\/Blog\/wp-json\/wp\/v2\/categories?post=478"},{"taxonomy":"post_tag","embeddable":true,"href":"https:\/\/www.elternforen.com\/Blog\/wp-json\/wp\/v2\/tags?post=478"}],"curies":[{"name":"wp","href":"https:\/\/api.w.org\/{rel}","templated":true}]}}