{"id":5023,"date":"2020-03-23T15:53:01","date_gmt":"2020-03-23T14:53:01","guid":{"rendered":"http:\/\/www.elternforen.com\/Blog\/?p=5023"},"modified":"2022-06-08T08:42:34","modified_gmt":"2022-06-08T06:42:34","slug":"du-bist-nicht-schuld-uebergewicht-bei-kindern-als-familiendynamisches-und-soziales-phaenomen-5023","status":"publish","type":"post","link":"https:\/\/www.elternforen.com\/Blog\/du-bist-nicht-schuld-uebergewicht-bei-kindern-als-familiendynamisches-und-soziales-phaenomen-5023\/","title":{"rendered":"Du bist nicht schuld! \u00dcbergewicht bei Kindern als familiendynamisches und soziales Ph\u00e4nomen"},"content":{"rendered":"ANZEIGE - <p>Wenn es um Krankheiten und Abnormalit\u00e4ten geht, dann neigt man doch des \u00f6fteren dazu, die dahinterliegende Probleme zu individualisieren. Der- oder diejenige sei doch im Grunde selbst schuld, sei zu faul. Man tut dann so, als w\u00e4ren Betroffene f\u00fcr ihre Situation in vollem Ma\u00dfe selbst verantwortlich und als k\u00f6nnten sie diese von heute auf morgen per Entscheidung einfach \u00e4ndern &#8211; als m\u00fcssten sie es nur wollen. Die Realit\u00e4t sieht da jedoch ganz anders aus. Krankheit und Abweichung sind nie nur individuelle Ph\u00e4nomene, sondern entstehen im Zusammenspiel familiendynamischer sowie sozialer Faktoren. Bei keiner Erkrankung ist dies derart virulent, wie beim <a href=\"http:\/\/www.elternforen.com\/Blog\/kinder\/us-studie-ubergewicht-bei-kindern-fordern-durch-lange-flaschenfutterung-424\/\">\u00dcbergewicht<\/a>. \u00dcbergewichtige Menschen werden als bewegungsfaul stigmatisiert; vor allem Kinder werden von <a href=\"https:\/\/dict.leo.org\/englisch-deutsch\/peers\">Peers<\/a> sowie von Lehrern diskriminiert und f\u00fcr ihre Situation alleinig verantwortlich gemacht, was das Problem umgekehrt nat\u00fcrlich noch weiter verst\u00e4rkt. Doch wie entsteht \u00dcbergewicht bei Kindern genau? Welche Rolle spielen Familie und Gesellschaft dabei?<\/p>\n<h2>\u00dcbergewicht nicht blo\u00df auf Bewegungsmangel und ungesunde Ern\u00e4hrung r\u00fcckf\u00fchrbar<\/h2>\n<p>Die Ursachen f\u00fcr \u00dcbergewicht sind sehr vielschichtig. Zwar kommt es zu einer Gewichtszunahme grunds\u00e4tzlich vor allem dadurch, dass man sich ungesund ern\u00e4hrt und zu wenig bewegt. Doch die Ursachen daf\u00fcr, warum man solche ung\u00fcnstigen Ern\u00e4hrungs- und Bewegungsgewohnheiten \u00fcberhaupt hat, liegen weitaus tiefer. So wei\u00df man heute, dass solche Gewohnheiten und damit verbunden \u00dcbergewicht vor allem in sogenannten bildungsfernen Familien vermehrt auftritt. Dies haben beispielsweise Forscherinnen und Forscher des Forschungsverbundes PreVENT, das vom Bundesministerium f\u00fcr Bildung und Forschung (<a href=\"http:\/\/BMBF: Bundesministerium f\u00fcr Bildung und Forschungwww.bmbf.de\">BMBF<\/a>) gef\u00f6rdert wird, festgestellt. Kinder von Alleinerziehenden sowie Kinder mit <a href=\"http:\/\/www.elternforen.com\/Blog\/kinder\/lehrer-werden-beim-studium-nicht-ausreichend-auf-sprachprobleme-vorbereitet-512\/\">Migrationshintergrund<\/a> haben ebenfalls ein h\u00f6heres Risiko \u00fcbergewichtig zu werden. \u00c4hnliche Muster kennt man auch bereits aus der Sportaktivit\u00e4tsforschung: Menschen mit geringem Bildungsgrad treiben weniger Sport &#8211; und das sowohl in der Kindheit und Jugend als auch im Erwachsenenalter. Die Wahrscheinlichkeit, dass jemand sein Leben lang Sport treibt nimmt entsprechend zu, je h\u00f6her sein sowie der Bildungsgrad seiner Eltern ist. Schlie\u00dflich werden diese Befunde aber auch von der Altersforschung best\u00e4tigt: Menschen mit einer h\u00f6heren Bildung gehen einem grunds\u00e4tzlich ges\u00fcnderen Lebensstil nach und werden im Schnitt \u00e4lter als Menschen mit geringer Bildung.<\/p>\n<p>All dies hat viel mit \u00f6konomischen Aspekten zu tun. Nat\u00fcrlich haben Menschen mit einer h\u00f6heren Bildung auch ein h\u00f6heres Einkommen und k\u00f6nnen sich daher auch hochwertigere Lebensmittel genehmigen. Auch k\u00f6nnen sie sich bestimmte Ger\u00e4te, die zur Gesundheitserhaltung und -\u00fcberwachung wichtig sind, wie etwa eine <a href=\"https:\/\/www.medisana.de\/Gesundheitskontrolle\/Personenwaagen\/\">Personenwaage<\/a>, eher leisten. Schlie\u00dflich, und das ist der wichtigste Punkt, verf\u00fcgen sie aber ebenfalls \u00fcber ein umfassenderes Wissen bez\u00fcglich Ern\u00e4hrung und Bewegung, das sie von ihren Eltern qua Sozialisation vermittelt bekommen haben und das sie auf dieselbe Weise eben auch an ihre eigenen Kinder weitervermitteln.<\/p>\n<h2>Soziale Ungleichheit als wesentlicher Faktor f\u00fcr \u00dcbergewicht<\/h2>\n<p>Es zeigt sich also, dass \u00f6konomische Faktoren und die durch sie mit produzierte soziale Ungleichheit eine gro\u00dfe Rolle bei der Entstehung ungesunder Lebensstile und damit mitunter auch von \u00dcbergewicht spielen. Kinder aus \u00f6konomisch schlechter gestellten Familien sind nicht etwa weniger intelligent als ihre besser betuchten Peers, sondern wachsen schlichtweg in einer anderen Wissens- und Lebensumgebung auf. Sie \u00fcbernehmen Routinen ungesunden Essverhaltens und entwickeln \u00dcbergewicht ohne, dass sie es irgendwie direkt beabsichtigen w\u00fcrden.<\/p>\n<p>Doch genau das wird ihnen gesellschaftlich oftmals unterstellt, wodurch das eigentliche Problem nicht angegangen, sondern verschlimmert bzw. verlagert wird. Nicht selten wird sogar der Wissensmangel selbst als etwas Selbstverschuldetes dargestellt, nach dem Motto: &#8222;Wenn sie wollten, dann k\u00f6nnten sie sich das Wissen ja aneignen und dann entsprechend gegen ihr \u00dcbergewicht vorgehen&#8220;. Dem ist nat\u00fcrlich nicht so. Denn Kinder von hochgebildeten Eltern bekommen dieses Wissen gleichsam automatisch, naturw\u00fcchsig mit, w\u00e4hrend Kinder aus bildungsfernen Haushalten es weder explizit vermittelt kriegen, noch \u00fcber die Ressourcen finanzieller oder sprachlicher Art verf\u00fcgen, um es sich im Alleingang anzueignen. Stattdessen bed\u00fcrfen sie in dieser Hinsicht der Unterst\u00fctzung, um den &#8222;Vorsprung&#8220;, den Kinder aus bildungsnahen Familien ihnen gegen\u00fcber in dieser Hinsicht nun einmal haben, aufholen zu k\u00f6nnen. Hier ist im \u00dcbrigen ebenfalls darauf hinzuweisen, dass auch Lehrer die soziale Ungleichheit reproduzieren k\u00f6nnen, indem sie n\u00e4mlich Kinder aus bildungsfernen Familien &#8211; gr\u00f6\u00dftenteils v\u00f6llig unbewusst &#8211; benachteiligen, weil sie beispielsweise ihre, gegen\u00fcber den Kindern aus bildungsnahen Familien als einfach erscheinende Sprache als Ausdruck geringerer Leistungsf\u00e4higkeit bzw. Intelligenz betrachten. Der Graben der sozialen Ungleichheit wird dadurch noch gr\u00f6\u00dfer.<\/p>\n<p>Nat\u00fcrlich darf man aber auch nicht die Familiendynamik als solche bei der Entstehung von \u00dcbergewicht aus den Augen lassen. Denn viele famili\u00e4re Konflikte werden von Kindern beispielsweise durch ein ungez\u00fcgeltes Essverhalten bearbeitet, was eben zu \u00dcbergewicht oder sogar zu Adipositas f\u00fchren kann. Auch hier hat man es also nicht mit einem g\u00e4nzlich individuellen Problem zu tun, sondern mit einer das einzelne Kind \u00fcbergreifenden Dynamik. Das sollte man folglich beim Thema &#8222;\u00dcbergewicht&#8220; &#8211; besonders bei Kindern &#8211; stets mitbedenken.<\/p>\n","protected":false},"excerpt":{"rendered":"<p>ANZEIGE &#8211; Wenn es um Krankheiten und Abnormalit\u00e4ten geht, dann neigt man doch des \u00f6fteren dazu, die dahinterliegende Probleme zu individualisieren. Der- oder diejenige sei doch im Grunde selbst schuld, sei zu faul. Man tut dann so, als w\u00e4ren Betroffene f\u00fcr ihre Situation in vollem Ma\u00dfe selbst verantwortlich und als k\u00f6nnten sie diese von heute [&hellip;]<\/p>\n","protected":false},"author":62,"featured_media":5025,"comment_status":"closed","ping_status":"closed","sticky":false,"template":"","format":"standard","meta":{"_acf_changed":false,"ep_exclude_from_search":false,"_jetpack_memberships_contains_paid_content":false,"footnotes":""},"categories":[340],"tags":[],"class_list":["post-5023","post","type-post","status-publish","format-standard","has-post-thumbnail","hentry","category-ernaehrung"],"acf":[],"yoast_head":"<!-- This site is optimized with the Yoast SEO plugin v27.5 - https:\/\/yoast.com\/product\/yoast-seo-wordpress\/ -->\n<title>Du bist nicht schuld! \u00dcbergewicht bei Kindern als familiendynamisches und soziales Ph\u00e4nomen - elternforen.com - Ratgeber-Magazin<\/title>\n<meta name=\"robots\" content=\"index, follow, max-snippet:-1, max-image-preview:large, max-video-preview:-1\" \/>\n<link rel=\"canonical\" href=\"https:\/\/www.elternforen.com\/Blog\/du-bist-nicht-schuld-uebergewicht-bei-kindern-als-familiendynamisches-und-soziales-phaenomen-5023\/\" \/>\n<meta property=\"og:locale\" content=\"de_DE\" \/>\n<meta property=\"og:type\" content=\"article\" \/>\n<meta property=\"og:title\" content=\"Du bist nicht schuld! \u00dcbergewicht bei Kindern als familiendynamisches und soziales Ph\u00e4nomen - elternforen.com - Ratgeber-Magazin\" \/>\n<meta property=\"og:description\" content=\"ANZEIGE - Wenn es um Krankheiten und Abnormalit\u00e4ten geht, dann neigt man doch des \u00f6fteren dazu, die dahinterliegende Probleme zu individualisieren. Der- oder diejenige sei doch im Grunde selbst schuld, sei zu faul. Man tut dann so, als w\u00e4ren Betroffene f\u00fcr ihre Situation in vollem Ma\u00dfe selbst verantwortlich und als k\u00f6nnten sie diese von heute [&hellip;]\" \/>\n<meta property=\"og:url\" content=\"https:\/\/www.elternforen.com\/Blog\/du-bist-nicht-schuld-uebergewicht-bei-kindern-als-familiendynamisches-und-soziales-phaenomen-5023\/\" \/>\n<meta property=\"og:site_name\" content=\"elternforen.com - Ratgeber-Magazin\" \/>\n<meta property=\"article:published_time\" content=\"2020-03-23T14:53:01+00:00\" \/>\n<meta property=\"article:modified_time\" content=\"2022-06-08T06:42:34+00:00\" \/>\n<meta property=\"og:image\" content=\"https:\/\/www.elternforen.com\/Blog\/wp-content\/uploads\/2020\/03\/child-3231933_1920.jpg\" \/>\n\t<meta property=\"og:image:width\" content=\"1920\" \/>\n\t<meta property=\"og:image:height\" content=\"1280\" \/>\n\t<meta property=\"og:image:type\" content=\"image\/jpeg\" \/>\n<meta name=\"author\" content=\"redaktion\" \/>\n<meta name=\"twitter:card\" content=\"summary_large_image\" \/>\n<meta name=\"twitter:label1\" content=\"Verfasst von\" \/>\n\t<meta name=\"twitter:data1\" content=\"redaktion\" \/>\n\t<meta name=\"twitter:label2\" content=\"Gesch\u00e4tzte Lesezeit\" \/>\n\t<meta name=\"twitter:data2\" content=\"5\u00a0Minuten\" \/>\n<script type=\"application\/ld+json\" class=\"yoast-schema-graph\">{\"@context\":\"https:\\\/\\\/schema.org\",\"@graph\":[{\"@type\":\"Article\",\"@id\":\"https:\\\/\\\/www.elternforen.com\\\/Blog\\\/du-bist-nicht-schuld-uebergewicht-bei-kindern-als-familiendynamisches-und-soziales-phaenomen-5023\\\/#article\",\"isPartOf\":{\"@id\":\"https:\\\/\\\/www.elternforen.com\\\/Blog\\\/du-bist-nicht-schuld-uebergewicht-bei-kindern-als-familiendynamisches-und-soziales-phaenomen-5023\\\/\"},\"author\":{\"name\":\"redaktion\",\"@id\":\"https:\\\/\\\/www.elternforen.com\\\/Blog\\\/#\\\/schema\\\/person\\\/979a88c5d2ec2beabc8f0e00243558c3\"},\"headline\":\"Du bist nicht schuld! \u00dcbergewicht bei Kindern als familiendynamisches und soziales Ph\u00e4nomen\",\"datePublished\":\"2020-03-23T14:53:01+00:00\",\"dateModified\":\"2022-06-08T06:42:34+00:00\",\"mainEntityOfPage\":{\"@id\":\"https:\\\/\\\/www.elternforen.com\\\/Blog\\\/du-bist-nicht-schuld-uebergewicht-bei-kindern-als-familiendynamisches-und-soziales-phaenomen-5023\\\/\"},\"wordCount\":833,\"image\":{\"@id\":\"https:\\\/\\\/www.elternforen.com\\\/Blog\\\/du-bist-nicht-schuld-uebergewicht-bei-kindern-als-familiendynamisches-und-soziales-phaenomen-5023\\\/#primaryimage\"},\"thumbnailUrl\":\"https:\\\/\\\/www.elternforen.com\\\/Blog\\\/wp-content\\\/uploads\\\/2020\\\/03\\\/child-3231933_1920.jpg\",\"articleSection\":[\"Ern\u00e4hrung\"],\"inLanguage\":\"de\"},{\"@type\":\"WebPage\",\"@id\":\"https:\\\/\\\/www.elternforen.com\\\/Blog\\\/du-bist-nicht-schuld-uebergewicht-bei-kindern-als-familiendynamisches-und-soziales-phaenomen-5023\\\/\",\"url\":\"https:\\\/\\\/www.elternforen.com\\\/Blog\\\/du-bist-nicht-schuld-uebergewicht-bei-kindern-als-familiendynamisches-und-soziales-phaenomen-5023\\\/\",\"name\":\"Du bist nicht schuld! \u00dcbergewicht bei Kindern als familiendynamisches und soziales Ph\u00e4nomen - elternforen.com - Ratgeber-Magazin\",\"isPartOf\":{\"@id\":\"https:\\\/\\\/www.elternforen.com\\\/Blog\\\/#website\"},\"primaryImageOfPage\":{\"@id\":\"https:\\\/\\\/www.elternforen.com\\\/Blog\\\/du-bist-nicht-schuld-uebergewicht-bei-kindern-als-familiendynamisches-und-soziales-phaenomen-5023\\\/#primaryimage\"},\"image\":{\"@id\":\"https:\\\/\\\/www.elternforen.com\\\/Blog\\\/du-bist-nicht-schuld-uebergewicht-bei-kindern-als-familiendynamisches-und-soziales-phaenomen-5023\\\/#primaryimage\"},\"thumbnailUrl\":\"https:\\\/\\\/www.elternforen.com\\\/Blog\\\/wp-content\\\/uploads\\\/2020\\\/03\\\/child-3231933_1920.jpg\",\"datePublished\":\"2020-03-23T14:53:01+00:00\",\"dateModified\":\"2022-06-08T06:42:34+00:00\",\"author\":{\"@id\":\"https:\\\/\\\/www.elternforen.com\\\/Blog\\\/#\\\/schema\\\/person\\\/979a88c5d2ec2beabc8f0e00243558c3\"},\"breadcrumb\":{\"@id\":\"https:\\\/\\\/www.elternforen.com\\\/Blog\\\/du-bist-nicht-schuld-uebergewicht-bei-kindern-als-familiendynamisches-und-soziales-phaenomen-5023\\\/#breadcrumb\"},\"inLanguage\":\"de\",\"potentialAction\":[{\"@type\":\"ReadAction\",\"target\":[\"https:\\\/\\\/www.elternforen.com\\\/Blog\\\/du-bist-nicht-schuld-uebergewicht-bei-kindern-als-familiendynamisches-und-soziales-phaenomen-5023\\\/\"]}]},{\"@type\":\"ImageObject\",\"inLanguage\":\"de\",\"@id\":\"https:\\\/\\\/www.elternforen.com\\\/Blog\\\/du-bist-nicht-schuld-uebergewicht-bei-kindern-als-familiendynamisches-und-soziales-phaenomen-5023\\\/#primaryimage\",\"url\":\"https:\\\/\\\/www.elternforen.com\\\/Blog\\\/wp-content\\\/uploads\\\/2020\\\/03\\\/child-3231933_1920.jpg\",\"contentUrl\":\"https:\\\/\\\/www.elternforen.com\\\/Blog\\\/wp-content\\\/uploads\\\/2020\\\/03\\\/child-3231933_1920.jpg\",\"width\":1920,\"height\":1280},{\"@type\":\"BreadcrumbList\",\"@id\":\"https:\\\/\\\/www.elternforen.com\\\/Blog\\\/du-bist-nicht-schuld-uebergewicht-bei-kindern-als-familiendynamisches-und-soziales-phaenomen-5023\\\/#breadcrumb\",\"itemListElement\":[{\"@type\":\"ListItem\",\"position\":1,\"name\":\"Home\",\"item\":\"https:\\\/\\\/www.elternforen.com\\\/Blog\\\/\"},{\"@type\":\"ListItem\",\"position\":2,\"name\":\"Du bist nicht schuld! \u00dcbergewicht bei Kindern als familiendynamisches und soziales Ph\u00e4nomen\"}]},{\"@type\":\"WebSite\",\"@id\":\"https:\\\/\\\/www.elternforen.com\\\/Blog\\\/#website\",\"url\":\"https:\\\/\\\/www.elternforen.com\\\/Blog\\\/\",\"name\":\"elternforen.com - Ratgeber-Magazin\",\"description\":\"Der Blog \u00fcber Familie, Schwangerschaft, Babys und Kinder\",\"potentialAction\":[{\"@type\":\"SearchAction\",\"target\":{\"@type\":\"EntryPoint\",\"urlTemplate\":\"https:\\\/\\\/www.elternforen.com\\\/Blog\\\/?s={search_term_string}\"},\"query-input\":{\"@type\":\"PropertyValueSpecification\",\"valueRequired\":true,\"valueName\":\"search_term_string\"}}],\"inLanguage\":\"de\"},{\"@type\":\"Person\",\"@id\":\"https:\\\/\\\/www.elternforen.com\\\/Blog\\\/#\\\/schema\\\/person\\\/979a88c5d2ec2beabc8f0e00243558c3\",\"name\":\"redaktion\",\"url\":\"https:\\\/\\\/www.elternforen.com\\\/Blog\\\/author\\\/stefan\\\/\"}]}<\/script>\n<!-- \/ Yoast SEO plugin. -->","yoast_head_json":{"title":"Du bist nicht schuld! \u00dcbergewicht bei Kindern als familiendynamisches und soziales Ph\u00e4nomen - elternforen.com - Ratgeber-Magazin","robots":{"index":"index","follow":"follow","max-snippet":"max-snippet:-1","max-image-preview":"max-image-preview:large","max-video-preview":"max-video-preview:-1"},"canonical":"https:\/\/www.elternforen.com\/Blog\/du-bist-nicht-schuld-uebergewicht-bei-kindern-als-familiendynamisches-und-soziales-phaenomen-5023\/","og_locale":"de_DE","og_type":"article","og_title":"Du bist nicht schuld! \u00dcbergewicht bei Kindern als familiendynamisches und soziales Ph\u00e4nomen - elternforen.com - Ratgeber-Magazin","og_description":"ANZEIGE - Wenn es um Krankheiten und Abnormalit\u00e4ten geht, dann neigt man doch des \u00f6fteren dazu, die dahinterliegende Probleme zu individualisieren. Der- oder diejenige sei doch im Grunde selbst schuld, sei zu faul. Man tut dann so, als w\u00e4ren Betroffene f\u00fcr ihre Situation in vollem Ma\u00dfe selbst verantwortlich und als k\u00f6nnten sie diese von heute [&hellip;]","og_url":"https:\/\/www.elternforen.com\/Blog\/du-bist-nicht-schuld-uebergewicht-bei-kindern-als-familiendynamisches-und-soziales-phaenomen-5023\/","og_site_name":"elternforen.com - Ratgeber-Magazin","article_published_time":"2020-03-23T14:53:01+00:00","article_modified_time":"2022-06-08T06:42:34+00:00","og_image":[{"width":1920,"height":1280,"url":"https:\/\/www.elternforen.com\/Blog\/wp-content\/uploads\/2020\/03\/child-3231933_1920.jpg","type":"image\/jpeg"}],"author":"redaktion","twitter_card":"summary_large_image","twitter_misc":{"Verfasst von":"redaktion","Gesch\u00e4tzte Lesezeit":"5\u00a0Minuten"},"schema":{"@context":"https:\/\/schema.org","@graph":[{"@type":"Article","@id":"https:\/\/www.elternforen.com\/Blog\/du-bist-nicht-schuld-uebergewicht-bei-kindern-als-familiendynamisches-und-soziales-phaenomen-5023\/#article","isPartOf":{"@id":"https:\/\/www.elternforen.com\/Blog\/du-bist-nicht-schuld-uebergewicht-bei-kindern-als-familiendynamisches-und-soziales-phaenomen-5023\/"},"author":{"name":"redaktion","@id":"https:\/\/www.elternforen.com\/Blog\/#\/schema\/person\/979a88c5d2ec2beabc8f0e00243558c3"},"headline":"Du bist nicht schuld! \u00dcbergewicht bei Kindern als familiendynamisches und soziales Ph\u00e4nomen","datePublished":"2020-03-23T14:53:01+00:00","dateModified":"2022-06-08T06:42:34+00:00","mainEntityOfPage":{"@id":"https:\/\/www.elternforen.com\/Blog\/du-bist-nicht-schuld-uebergewicht-bei-kindern-als-familiendynamisches-und-soziales-phaenomen-5023\/"},"wordCount":833,"image":{"@id":"https:\/\/www.elternforen.com\/Blog\/du-bist-nicht-schuld-uebergewicht-bei-kindern-als-familiendynamisches-und-soziales-phaenomen-5023\/#primaryimage"},"thumbnailUrl":"https:\/\/www.elternforen.com\/Blog\/wp-content\/uploads\/2020\/03\/child-3231933_1920.jpg","articleSection":["Ern\u00e4hrung"],"inLanguage":"de"},{"@type":"WebPage","@id":"https:\/\/www.elternforen.com\/Blog\/du-bist-nicht-schuld-uebergewicht-bei-kindern-als-familiendynamisches-und-soziales-phaenomen-5023\/","url":"https:\/\/www.elternforen.com\/Blog\/du-bist-nicht-schuld-uebergewicht-bei-kindern-als-familiendynamisches-und-soziales-phaenomen-5023\/","name":"Du bist nicht schuld! \u00dcbergewicht bei Kindern als familiendynamisches und soziales Ph\u00e4nomen - elternforen.com - Ratgeber-Magazin","isPartOf":{"@id":"https:\/\/www.elternforen.com\/Blog\/#website"},"primaryImageOfPage":{"@id":"https:\/\/www.elternforen.com\/Blog\/du-bist-nicht-schuld-uebergewicht-bei-kindern-als-familiendynamisches-und-soziales-phaenomen-5023\/#primaryimage"},"image":{"@id":"https:\/\/www.elternforen.com\/Blog\/du-bist-nicht-schuld-uebergewicht-bei-kindern-als-familiendynamisches-und-soziales-phaenomen-5023\/#primaryimage"},"thumbnailUrl":"https:\/\/www.elternforen.com\/Blog\/wp-content\/uploads\/2020\/03\/child-3231933_1920.jpg","datePublished":"2020-03-23T14:53:01+00:00","dateModified":"2022-06-08T06:42:34+00:00","author":{"@id":"https:\/\/www.elternforen.com\/Blog\/#\/schema\/person\/979a88c5d2ec2beabc8f0e00243558c3"},"breadcrumb":{"@id":"https:\/\/www.elternforen.com\/Blog\/du-bist-nicht-schuld-uebergewicht-bei-kindern-als-familiendynamisches-und-soziales-phaenomen-5023\/#breadcrumb"},"inLanguage":"de","potentialAction":[{"@type":"ReadAction","target":["https:\/\/www.elternforen.com\/Blog\/du-bist-nicht-schuld-uebergewicht-bei-kindern-als-familiendynamisches-und-soziales-phaenomen-5023\/"]}]},{"@type":"ImageObject","inLanguage":"de","@id":"https:\/\/www.elternforen.com\/Blog\/du-bist-nicht-schuld-uebergewicht-bei-kindern-als-familiendynamisches-und-soziales-phaenomen-5023\/#primaryimage","url":"https:\/\/www.elternforen.com\/Blog\/wp-content\/uploads\/2020\/03\/child-3231933_1920.jpg","contentUrl":"https:\/\/www.elternforen.com\/Blog\/wp-content\/uploads\/2020\/03\/child-3231933_1920.jpg","width":1920,"height":1280},{"@type":"BreadcrumbList","@id":"https:\/\/www.elternforen.com\/Blog\/du-bist-nicht-schuld-uebergewicht-bei-kindern-als-familiendynamisches-und-soziales-phaenomen-5023\/#breadcrumb","itemListElement":[{"@type":"ListItem","position":1,"name":"Home","item":"https:\/\/www.elternforen.com\/Blog\/"},{"@type":"ListItem","position":2,"name":"Du bist nicht schuld! \u00dcbergewicht bei Kindern als familiendynamisches und soziales Ph\u00e4nomen"}]},{"@type":"WebSite","@id":"https:\/\/www.elternforen.com\/Blog\/#website","url":"https:\/\/www.elternforen.com\/Blog\/","name":"elternforen.com - Ratgeber-Magazin","description":"Der Blog \u00fcber Familie, Schwangerschaft, Babys und Kinder","potentialAction":[{"@type":"SearchAction","target":{"@type":"EntryPoint","urlTemplate":"https:\/\/www.elternforen.com\/Blog\/?s={search_term_string}"},"query-input":{"@type":"PropertyValueSpecification","valueRequired":true,"valueName":"search_term_string"}}],"inLanguage":"de"},{"@type":"Person","@id":"https:\/\/www.elternforen.com\/Blog\/#\/schema\/person\/979a88c5d2ec2beabc8f0e00243558c3","name":"redaktion","url":"https:\/\/www.elternforen.com\/Blog\/author\/stefan\/"}]}},"jetpack_featured_media_url":"https:\/\/www.elternforen.com\/Blog\/wp-content\/uploads\/2020\/03\/child-3231933_1920.jpg","jetpack_sharing_enabled":true,"_links":{"self":[{"href":"https:\/\/www.elternforen.com\/Blog\/wp-json\/wp\/v2\/posts\/5023","targetHints":{"allow":["GET"]}}],"collection":[{"href":"https:\/\/www.elternforen.com\/Blog\/wp-json\/wp\/v2\/posts"}],"about":[{"href":"https:\/\/www.elternforen.com\/Blog\/wp-json\/wp\/v2\/types\/post"}],"author":[{"embeddable":true,"href":"https:\/\/www.elternforen.com\/Blog\/wp-json\/wp\/v2\/users\/62"}],"replies":[{"embeddable":true,"href":"https:\/\/www.elternforen.com\/Blog\/wp-json\/wp\/v2\/comments?post=5023"}],"version-history":[{"count":6,"href":"https:\/\/www.elternforen.com\/Blog\/wp-json\/wp\/v2\/posts\/5023\/revisions"}],"predecessor-version":[{"id":8888,"href":"https:\/\/www.elternforen.com\/Blog\/wp-json\/wp\/v2\/posts\/5023\/revisions\/8888"}],"wp:featuredmedia":[{"embeddable":true,"href":"https:\/\/www.elternforen.com\/Blog\/wp-json\/wp\/v2\/media\/5025"}],"wp:attachment":[{"href":"https:\/\/www.elternforen.com\/Blog\/wp-json\/wp\/v2\/media?parent=5023"}],"wp:term":[{"taxonomy":"category","embeddable":true,"href":"https:\/\/www.elternforen.com\/Blog\/wp-json\/wp\/v2\/categories?post=5023"},{"taxonomy":"post_tag","embeddable":true,"href":"https:\/\/www.elternforen.com\/Blog\/wp-json\/wp\/v2\/tags?post=5023"}],"curies":[{"name":"wp","href":"https:\/\/api.w.org\/{rel}","templated":true}]}}