{"id":5038,"date":"2020-03-08T12:48:43","date_gmt":"2020-03-08T11:48:43","guid":{"rendered":"http:\/\/www.elternforen.com\/Blog\/?p=5038"},"modified":"2020-04-05T23:20:58","modified_gmt":"2020-04-05T21:20:58","slug":"sollte-man-den-namenstag-statt-dem-geburtstag-feiern-5038","status":"publish","type":"post","link":"https:\/\/www.elternforen.com\/Blog\/sollte-man-den-namenstag-statt-dem-geburtstag-feiern-5038\/","title":{"rendered":"Sollte man den Namenstag statt dem Geburtstag feiern?"},"content":{"rendered":"ANZEIGE - <p>F\u00fcr jeden Menschen ist der Geburtstag etwas Besonderes. Es ist der eine Tag im Jahr, an dem man sich selbst feiern darf. Daneben gibt es noch den Namenstag, der jedoch bei den meisten regelrecht in Vergessenheit geraten ist. Urspr\u00fcnglich war dieser Brauch vor allem bei Katholiken sehr beliebt. Doch woher kommt er und lohnt es sich, ihn nicht eher zu feiern als den eigenen Geburtstag?<\/p>\n<h2>Was hat es mit dem Namenstag auf sich?<\/h2>\n<p>Der Namenstag war schon lange vor dem eigentlichen Geburtstag ein Feiertag, den man in Gedenken an namensgleiche Heilige oder Selige beging. Zu Zeiten des Mittelalters war es Sitte, einem Kind den Namen eines Heiligen zu geben. In der Regel vergab man den entsprechenden Namen bei der Taufe und w\u00e4hlte somit den Namen des &#8222;Heiligen des Tages&#8220;. Tauf- und Namenstag fielen somit stets zusammen.<\/p>\n<p>Im Kirchenbuch wurde gleichwohl das Taufdatum, nicht aber das Geburtsdatum des Kindes eingetragen.<\/p>\n<p>Der Grund f\u00fcr die besondere Namensgebung: Der katholische Glauben sprach bestimmten Personen besondere F\u00e4higkeiten zu, erkannte sie gar als Wunder an. In der Kirche verwob man die Namen der betreffenden Personen mit Mythen und Legenden, um ihnen eine besondere Bedeutung beizumessen. Oftmals hatten sie die Eigenschaft, Krankheiten zu heilen, sowie ein Ungl\u00fcck abzuwenden. Wer den Namen einer solchen Person besa\u00df, genoss praktisch den Schutz des namensgebenden Heiligen.<\/p>\n<p>Unter Katholiken ist es daher auch heutzutage noch ein Brauch, eher den eigenen Namenstag zu feiern, statt den Geburtstag. Denn ihm wird einfach eine h\u00f6here Bedeutung beigemessen. Inzwischen w\u00e4hlt man in den betroffenen Kreisen statt eines heiligen Vornamens jedoch eher einen entsprechenden Beinamen, der zus\u00e4tzlich zum <a href=\"http:\/\/www.elternforen.com\/Fachinformationen\/Baby_Vornamen.htm\">gew\u00e4hlten Vornamen<\/a> getragen wird.<\/p>\n<h2>Heute noch den Namenstag feiern?<\/h2>\n<p>Innerhalb der letzten Jahrzehnte ist es eher in Vergessenheit geraten, den eigenen Namenstag zu feiern. Zudem heutzutage viele Kinder Namen tragen, die nicht einmal mehr als heilig eingestuft werden. Sofern sie also keinen solchen Beinamen tragen, kommt eine Feier des Namenstages f\u00fcr sie gar nicht erst in Frage.<\/p>\n<p>Sofern man jedoch einen entsprechenden Namen besitzt, ist es nat\u00fcrlich v\u00f6llig in Ordnung, den besonderen Tag zu feiern. Auf welchen Tag dieser genau f\u00e4llt, ist anhand des sogenannten Generalkalenders herauszufinden. In diesem werden sowohl die Namen der Heiligen gef\u00fchrt, als auch ihre Bedeutung erl\u00e4utert. Das Gute: Er besitzt weltweite G\u00fcltigkeit.<\/p>\n<p>Aktuell gibt es nach wie vor einige L\u00e4nder, in denen der Namenstag regelm\u00e4\u00dfig gefeiert wird. Dies ist besonders in den \u00f6stlichen und s\u00fcdlichen L\u00e4ndern Europas der Fall. Mit dazu geh\u00f6ren beispielsweise Polen, Ungarn, Lettland, <a href=\"https:\/\/finland.fi\/de\/leben-amp-gesellschaft\/so-feiert-man-in-finnland-den-namenstag\/\">Finnland<\/a> und Spanien. Innerhalb Deutschlands sind es vor allem einige Regionen im S\u00fcden, die dem Namenstag noch gr\u00f6\u00dfere Bedeutung beimessen.<\/p>\n<h2>Wie k\u00f6nnte solch eine Feier aussehen?<\/h2>\n<p>Im Prinzip bleibt es dem Betroffenen \u00fcberlassen, wie er dieses Ereignis feiert. Es spricht nichts dagegen, die Feier gr\u00f6\u00dfer oder kleiner zu gestalten. In manchen L\u00e4ndern werden sowohl Verwandte als auch Freunde und Arbeitskollegen eingeladen, sowie Nachbarn.<\/p>\n<p>Andere wiederum gestalten diesen Tag in kleinem Kreis. Man trifft sich beispielsweise in einem Restaurant und isst etwas leckeres zusammen. Der Namenstr\u00e4ger erh\u00e4lt in der Regel auch ein paar kleine Geschenke. Dazu geh\u00f6ren S\u00fc\u00dfigkeiten oder Blumen, ebenso ist ein Buch ein gelungenes Pr\u00e4sent.<\/p>\n<p>Eine sch\u00f6ne Idee besteht darin, sich gemeinsam auf ein St\u00fcck Kuchen zu treffen. Der Kuchen ist hierbei nicht zwingend vom Namenstr\u00e4ger selbst gebacken, sondern wird von den Mitfeiernden mitgebracht. Alternativ zum Kuchen bietet sich selbstverst\u00e4ndlich auch Kleingeb\u00e4ck, wie <a href=\"https:\/\/www.backbibel.de\/cake-pop-maker-test\/\">Cake Pops<\/a> oder Muffins an, die lecker zum Kaffee schmecken.<\/p>\n<h2>Fazit &#8211; Namenstag feiern ist durchaus legitim<\/h2>\n<p>Selbst wenn er in einigen Kreisen in Vergessenheit geraten ist, so feiern viele Katholiken den Namenstag auch heute noch und ziehen diesen dem eigenen Geburtstag vor. Ob man sich nun f\u00fcr eine Feier entscheidet, oder nicht, obliegt jedem Einzelnen selbst. Es spricht in keinem Fall etwas dagegen, sofern es der eigene Wunsch ist, dieses Ereignis geb\u00fchrend zu ehren.<\/p>\n","protected":false},"excerpt":{"rendered":"<p>ANZEIGE &#8211; F\u00fcr jeden Menschen ist der Geburtstag etwas Besonderes. Es ist der eine Tag im Jahr, an dem man sich selbst feiern darf. Daneben gibt es noch den Namenstag, der jedoch bei den meisten regelrecht in Vergessenheit geraten ist. Urspr\u00fcnglich war dieser Brauch vor allem bei Katholiken sehr beliebt. Doch woher kommt er und [&hellip;]<\/p>\n","protected":false},"author":62,"featured_media":5039,"comment_status":"closed","ping_status":"closed","sticky":false,"template":"","format":"standard","meta":{"_acf_changed":false,"ep_exclude_from_search":false,"_jetpack_memberships_contains_paid_content":false,"footnotes":""},"categories":[13],"tags":[],"class_list":["post-5038","post","type-post","status-publish","format-standard","has-post-thumbnail","hentry","category-freizeit-und-hobby"],"acf":[],"yoast_head":"<!-- This site is optimized with the Yoast SEO plugin v27.5 - https:\/\/yoast.com\/product\/yoast-seo-wordpress\/ -->\n<title>Sollte man den Namenstag statt dem Geburtstag feiern? - elternforen.com - Ratgeber-Magazin<\/title>\n<meta name=\"robots\" content=\"index, follow, max-snippet:-1, max-image-preview:large, max-video-preview:-1\" \/>\n<link rel=\"canonical\" href=\"https:\/\/www.elternforen.com\/Blog\/sollte-man-den-namenstag-statt-dem-geburtstag-feiern\/\" \/>\n<meta property=\"og:locale\" content=\"de_DE\" \/>\n<meta property=\"og:type\" content=\"article\" \/>\n<meta property=\"og:title\" content=\"Sollte man den Namenstag statt dem Geburtstag feiern? - elternforen.com - Ratgeber-Magazin\" \/>\n<meta property=\"og:description\" content=\"ANZEIGE - F\u00fcr jeden Menschen ist der Geburtstag etwas Besonderes. Es ist der eine Tag im Jahr, an dem man sich selbst feiern darf. Daneben gibt es noch den Namenstag, der jedoch bei den meisten regelrecht in Vergessenheit geraten ist. Urspr\u00fcnglich war dieser Brauch vor allem bei Katholiken sehr beliebt. Doch woher kommt er und [&hellip;]\" \/>\n<meta property=\"og:url\" content=\"https:\/\/www.elternforen.com\/Blog\/sollte-man-den-namenstag-statt-dem-geburtstag-feiern\/\" \/>\n<meta property=\"og:site_name\" content=\"elternforen.com - Ratgeber-Magazin\" \/>\n<meta property=\"article:published_time\" content=\"2020-03-08T11:48:43+00:00\" \/>\n<meta property=\"article:modified_time\" content=\"2020-04-05T21:20:58+00:00\" \/>\n<meta property=\"og:image\" content=\"https:\/\/www.elternforen.com\/Blog\/wp-content\/uploads\/2020\/03\/jasper-alina-kevin-niklas-write-on-chalkboard-204997-scaled.jpg\" \/>\n\t<meta property=\"og:image:width\" content=\"2560\" \/>\n\t<meta property=\"og:image:height\" content=\"1707\" \/>\n\t<meta property=\"og:image:type\" content=\"image\/jpeg\" \/>\n<meta name=\"author\" content=\"redaktion\" \/>\n<meta name=\"twitter:card\" content=\"summary_large_image\" \/>\n<meta name=\"twitter:label1\" content=\"Verfasst von\" \/>\n\t<meta name=\"twitter:data1\" content=\"redaktion\" \/>\n\t<meta name=\"twitter:label2\" content=\"Gesch\u00e4tzte Lesezeit\" \/>\n\t<meta name=\"twitter:data2\" content=\"3\u00a0Minuten\" \/>\n<script type=\"application\/ld+json\" class=\"yoast-schema-graph\">{\"@context\":\"https:\\\/\\\/schema.org\",\"@graph\":[{\"@type\":\"Article\",\"@id\":\"https:\\\/\\\/www.elternforen.com\\\/Blog\\\/sollte-man-den-namenstag-statt-dem-geburtstag-feiern\\\/#article\",\"isPartOf\":{\"@id\":\"https:\\\/\\\/www.elternforen.com\\\/Blog\\\/sollte-man-den-namenstag-statt-dem-geburtstag-feiern\\\/\"},\"author\":{\"name\":\"redaktion\",\"@id\":\"https:\\\/\\\/www.elternforen.com\\\/Blog\\\/#\\\/schema\\\/person\\\/979a88c5d2ec2beabc8f0e00243558c3\"},\"headline\":\"Sollte man den Namenstag statt dem Geburtstag feiern?\",\"datePublished\":\"2020-03-08T11:48:43+00:00\",\"dateModified\":\"2020-04-05T21:20:58+00:00\",\"mainEntityOfPage\":{\"@id\":\"https:\\\/\\\/www.elternforen.com\\\/Blog\\\/sollte-man-den-namenstag-statt-dem-geburtstag-feiern\\\/\"},\"wordCount\":669,\"image\":{\"@id\":\"https:\\\/\\\/www.elternforen.com\\\/Blog\\\/sollte-man-den-namenstag-statt-dem-geburtstag-feiern\\\/#primaryimage\"},\"thumbnailUrl\":\"https:\\\/\\\/www.elternforen.com\\\/Blog\\\/wp-content\\\/uploads\\\/2020\\\/03\\\/jasper-alina-kevin-niklas-write-on-chalkboard-204997-scaled.jpg\",\"articleSection\":[\"Freizeit und Hobby\"],\"inLanguage\":\"de\"},{\"@type\":\"WebPage\",\"@id\":\"https:\\\/\\\/www.elternforen.com\\\/Blog\\\/sollte-man-den-namenstag-statt-dem-geburtstag-feiern\\\/\",\"url\":\"https:\\\/\\\/www.elternforen.com\\\/Blog\\\/sollte-man-den-namenstag-statt-dem-geburtstag-feiern\\\/\",\"name\":\"Sollte man den Namenstag statt dem Geburtstag feiern? - elternforen.com - Ratgeber-Magazin\",\"isPartOf\":{\"@id\":\"https:\\\/\\\/www.elternforen.com\\\/Blog\\\/#website\"},\"primaryImageOfPage\":{\"@id\":\"https:\\\/\\\/www.elternforen.com\\\/Blog\\\/sollte-man-den-namenstag-statt-dem-geburtstag-feiern\\\/#primaryimage\"},\"image\":{\"@id\":\"https:\\\/\\\/www.elternforen.com\\\/Blog\\\/sollte-man-den-namenstag-statt-dem-geburtstag-feiern\\\/#primaryimage\"},\"thumbnailUrl\":\"https:\\\/\\\/www.elternforen.com\\\/Blog\\\/wp-content\\\/uploads\\\/2020\\\/03\\\/jasper-alina-kevin-niklas-write-on-chalkboard-204997-scaled.jpg\",\"datePublished\":\"2020-03-08T11:48:43+00:00\",\"dateModified\":\"2020-04-05T21:20:58+00:00\",\"author\":{\"@id\":\"https:\\\/\\\/www.elternforen.com\\\/Blog\\\/#\\\/schema\\\/person\\\/979a88c5d2ec2beabc8f0e00243558c3\"},\"breadcrumb\":{\"@id\":\"https:\\\/\\\/www.elternforen.com\\\/Blog\\\/sollte-man-den-namenstag-statt-dem-geburtstag-feiern\\\/#breadcrumb\"},\"inLanguage\":\"de\",\"potentialAction\":[{\"@type\":\"ReadAction\",\"target\":[\"https:\\\/\\\/www.elternforen.com\\\/Blog\\\/sollte-man-den-namenstag-statt-dem-geburtstag-feiern\\\/\"]}]},{\"@type\":\"ImageObject\",\"inLanguage\":\"de\",\"@id\":\"https:\\\/\\\/www.elternforen.com\\\/Blog\\\/sollte-man-den-namenstag-statt-dem-geburtstag-feiern\\\/#primaryimage\",\"url\":\"https:\\\/\\\/www.elternforen.com\\\/Blog\\\/wp-content\\\/uploads\\\/2020\\\/03\\\/jasper-alina-kevin-niklas-write-on-chalkboard-204997-scaled.jpg\",\"contentUrl\":\"https:\\\/\\\/www.elternforen.com\\\/Blog\\\/wp-content\\\/uploads\\\/2020\\\/03\\\/jasper-alina-kevin-niklas-write-on-chalkboard-204997-scaled.jpg\",\"width\":2560,\"height\":1707},{\"@type\":\"BreadcrumbList\",\"@id\":\"https:\\\/\\\/www.elternforen.com\\\/Blog\\\/sollte-man-den-namenstag-statt-dem-geburtstag-feiern\\\/#breadcrumb\",\"itemListElement\":[{\"@type\":\"ListItem\",\"position\":1,\"name\":\"Home\",\"item\":\"https:\\\/\\\/www.elternforen.com\\\/Blog\\\/\"},{\"@type\":\"ListItem\",\"position\":2,\"name\":\"Sollte man den Namenstag statt dem Geburtstag feiern?\"}]},{\"@type\":\"WebSite\",\"@id\":\"https:\\\/\\\/www.elternforen.com\\\/Blog\\\/#website\",\"url\":\"https:\\\/\\\/www.elternforen.com\\\/Blog\\\/\",\"name\":\"elternforen.com - Ratgeber-Magazin\",\"description\":\"Der Blog \u00fcber Familie, Schwangerschaft, Babys und Kinder\",\"potentialAction\":[{\"@type\":\"SearchAction\",\"target\":{\"@type\":\"EntryPoint\",\"urlTemplate\":\"https:\\\/\\\/www.elternforen.com\\\/Blog\\\/?s={search_term_string}\"},\"query-input\":{\"@type\":\"PropertyValueSpecification\",\"valueRequired\":true,\"valueName\":\"search_term_string\"}}],\"inLanguage\":\"de\"},{\"@type\":\"Person\",\"@id\":\"https:\\\/\\\/www.elternforen.com\\\/Blog\\\/#\\\/schema\\\/person\\\/979a88c5d2ec2beabc8f0e00243558c3\",\"name\":\"redaktion\",\"url\":\"https:\\\/\\\/www.elternforen.com\\\/Blog\\\/author\\\/stefan\\\/\"}]}<\/script>\n<!-- \/ Yoast SEO plugin. -->","yoast_head_json":{"title":"Sollte man den Namenstag statt dem Geburtstag feiern? - elternforen.com - Ratgeber-Magazin","robots":{"index":"index","follow":"follow","max-snippet":"max-snippet:-1","max-image-preview":"max-image-preview:large","max-video-preview":"max-video-preview:-1"},"canonical":"https:\/\/www.elternforen.com\/Blog\/sollte-man-den-namenstag-statt-dem-geburtstag-feiern\/","og_locale":"de_DE","og_type":"article","og_title":"Sollte man den Namenstag statt dem Geburtstag feiern? - elternforen.com - Ratgeber-Magazin","og_description":"ANZEIGE - F\u00fcr jeden Menschen ist der Geburtstag etwas Besonderes. Es ist der eine Tag im Jahr, an dem man sich selbst feiern darf. Daneben gibt es noch den Namenstag, der jedoch bei den meisten regelrecht in Vergessenheit geraten ist. Urspr\u00fcnglich war dieser Brauch vor allem bei Katholiken sehr beliebt. Doch woher kommt er und [&hellip;]","og_url":"https:\/\/www.elternforen.com\/Blog\/sollte-man-den-namenstag-statt-dem-geburtstag-feiern\/","og_site_name":"elternforen.com - Ratgeber-Magazin","article_published_time":"2020-03-08T11:48:43+00:00","article_modified_time":"2020-04-05T21:20:58+00:00","og_image":[{"width":2560,"height":1707,"url":"https:\/\/www.elternforen.com\/Blog\/wp-content\/uploads\/2020\/03\/jasper-alina-kevin-niklas-write-on-chalkboard-204997-scaled.jpg","type":"image\/jpeg"}],"author":"redaktion","twitter_card":"summary_large_image","twitter_misc":{"Verfasst von":"redaktion","Gesch\u00e4tzte Lesezeit":"3\u00a0Minuten"},"schema":{"@context":"https:\/\/schema.org","@graph":[{"@type":"Article","@id":"https:\/\/www.elternforen.com\/Blog\/sollte-man-den-namenstag-statt-dem-geburtstag-feiern\/#article","isPartOf":{"@id":"https:\/\/www.elternforen.com\/Blog\/sollte-man-den-namenstag-statt-dem-geburtstag-feiern\/"},"author":{"name":"redaktion","@id":"https:\/\/www.elternforen.com\/Blog\/#\/schema\/person\/979a88c5d2ec2beabc8f0e00243558c3"},"headline":"Sollte man den Namenstag statt dem Geburtstag feiern?","datePublished":"2020-03-08T11:48:43+00:00","dateModified":"2020-04-05T21:20:58+00:00","mainEntityOfPage":{"@id":"https:\/\/www.elternforen.com\/Blog\/sollte-man-den-namenstag-statt-dem-geburtstag-feiern\/"},"wordCount":669,"image":{"@id":"https:\/\/www.elternforen.com\/Blog\/sollte-man-den-namenstag-statt-dem-geburtstag-feiern\/#primaryimage"},"thumbnailUrl":"https:\/\/www.elternforen.com\/Blog\/wp-content\/uploads\/2020\/03\/jasper-alina-kevin-niklas-write-on-chalkboard-204997-scaled.jpg","articleSection":["Freizeit und Hobby"],"inLanguage":"de"},{"@type":"WebPage","@id":"https:\/\/www.elternforen.com\/Blog\/sollte-man-den-namenstag-statt-dem-geburtstag-feiern\/","url":"https:\/\/www.elternforen.com\/Blog\/sollte-man-den-namenstag-statt-dem-geburtstag-feiern\/","name":"Sollte man den Namenstag statt dem Geburtstag feiern? - elternforen.com - Ratgeber-Magazin","isPartOf":{"@id":"https:\/\/www.elternforen.com\/Blog\/#website"},"primaryImageOfPage":{"@id":"https:\/\/www.elternforen.com\/Blog\/sollte-man-den-namenstag-statt-dem-geburtstag-feiern\/#primaryimage"},"image":{"@id":"https:\/\/www.elternforen.com\/Blog\/sollte-man-den-namenstag-statt-dem-geburtstag-feiern\/#primaryimage"},"thumbnailUrl":"https:\/\/www.elternforen.com\/Blog\/wp-content\/uploads\/2020\/03\/jasper-alina-kevin-niklas-write-on-chalkboard-204997-scaled.jpg","datePublished":"2020-03-08T11:48:43+00:00","dateModified":"2020-04-05T21:20:58+00:00","author":{"@id":"https:\/\/www.elternforen.com\/Blog\/#\/schema\/person\/979a88c5d2ec2beabc8f0e00243558c3"},"breadcrumb":{"@id":"https:\/\/www.elternforen.com\/Blog\/sollte-man-den-namenstag-statt-dem-geburtstag-feiern\/#breadcrumb"},"inLanguage":"de","potentialAction":[{"@type":"ReadAction","target":["https:\/\/www.elternforen.com\/Blog\/sollte-man-den-namenstag-statt-dem-geburtstag-feiern\/"]}]},{"@type":"ImageObject","inLanguage":"de","@id":"https:\/\/www.elternforen.com\/Blog\/sollte-man-den-namenstag-statt-dem-geburtstag-feiern\/#primaryimage","url":"https:\/\/www.elternforen.com\/Blog\/wp-content\/uploads\/2020\/03\/jasper-alina-kevin-niklas-write-on-chalkboard-204997-scaled.jpg","contentUrl":"https:\/\/www.elternforen.com\/Blog\/wp-content\/uploads\/2020\/03\/jasper-alina-kevin-niklas-write-on-chalkboard-204997-scaled.jpg","width":2560,"height":1707},{"@type":"BreadcrumbList","@id":"https:\/\/www.elternforen.com\/Blog\/sollte-man-den-namenstag-statt-dem-geburtstag-feiern\/#breadcrumb","itemListElement":[{"@type":"ListItem","position":1,"name":"Home","item":"https:\/\/www.elternforen.com\/Blog\/"},{"@type":"ListItem","position":2,"name":"Sollte man den Namenstag statt dem Geburtstag feiern?"}]},{"@type":"WebSite","@id":"https:\/\/www.elternforen.com\/Blog\/#website","url":"https:\/\/www.elternforen.com\/Blog\/","name":"elternforen.com - Ratgeber-Magazin","description":"Der Blog \u00fcber Familie, Schwangerschaft, Babys und Kinder","potentialAction":[{"@type":"SearchAction","target":{"@type":"EntryPoint","urlTemplate":"https:\/\/www.elternforen.com\/Blog\/?s={search_term_string}"},"query-input":{"@type":"PropertyValueSpecification","valueRequired":true,"valueName":"search_term_string"}}],"inLanguage":"de"},{"@type":"Person","@id":"https:\/\/www.elternforen.com\/Blog\/#\/schema\/person\/979a88c5d2ec2beabc8f0e00243558c3","name":"redaktion","url":"https:\/\/www.elternforen.com\/Blog\/author\/stefan\/"}]}},"jetpack_featured_media_url":"https:\/\/www.elternforen.com\/Blog\/wp-content\/uploads\/2020\/03\/jasper-alina-kevin-niklas-write-on-chalkboard-204997-scaled.jpg","jetpack_sharing_enabled":false,"_links":{"self":[{"href":"https:\/\/www.elternforen.com\/Blog\/wp-json\/wp\/v2\/posts\/5038","targetHints":{"allow":["GET"]}}],"collection":[{"href":"https:\/\/www.elternforen.com\/Blog\/wp-json\/wp\/v2\/posts"}],"about":[{"href":"https:\/\/www.elternforen.com\/Blog\/wp-json\/wp\/v2\/types\/post"}],"author":[{"embeddable":true,"href":"https:\/\/www.elternforen.com\/Blog\/wp-json\/wp\/v2\/users\/62"}],"replies":[{"embeddable":true,"href":"https:\/\/www.elternforen.com\/Blog\/wp-json\/wp\/v2\/comments?post=5038"}],"version-history":[{"count":1,"href":"https:\/\/www.elternforen.com\/Blog\/wp-json\/wp\/v2\/posts\/5038\/revisions"}],"predecessor-version":[{"id":5040,"href":"https:\/\/www.elternforen.com\/Blog\/wp-json\/wp\/v2\/posts\/5038\/revisions\/5040"}],"wp:featuredmedia":[{"embeddable":true,"href":"https:\/\/www.elternforen.com\/Blog\/wp-json\/wp\/v2\/media\/5039"}],"wp:attachment":[{"href":"https:\/\/www.elternforen.com\/Blog\/wp-json\/wp\/v2\/media?parent=5038"}],"wp:term":[{"taxonomy":"category","embeddable":true,"href":"https:\/\/www.elternforen.com\/Blog\/wp-json\/wp\/v2\/categories?post=5038"},{"taxonomy":"post_tag","embeddable":true,"href":"https:\/\/www.elternforen.com\/Blog\/wp-json\/wp\/v2\/tags?post=5038"}],"curies":[{"name":"wp","href":"https:\/\/api.w.org\/{rel}","templated":true}]}}