{"id":576,"date":"2012-06-29T10:50:05","date_gmt":"2012-06-29T08:50:05","guid":{"rendered":"http:\/\/www.elternforen.com\/Blog\/?p=576"},"modified":"2012-06-29T10:50:05","modified_gmt":"2012-06-29T08:50:05","slug":"studie-deutsche-jugendliche-schlecht-in-geschichte-576","status":"publish","type":"post","link":"https:\/\/www.elternforen.com\/Blog\/studie-deutsche-jugendliche-schlecht-in-geschichte-576\/","title":{"rendered":"Studie: Deutsche Jugendliche schlecht in Geschichte"},"content":{"rendered":"ANZEIGE - <p>Viele Jugendliche kennen sich nicht gut in der Geschichte aus, speziell in der deutschen. Zu diesem traurigen Urteil kommt eine Studie der Freien Universit\u00e4t Berlin. Befragt wurden zwischen 2009 und 2012 rund 5000 Sch\u00fcler aus f\u00fcnf Bundesl\u00e4ndern. Weiterhin wurden \u00fcber 2000 Sch\u00fcler befragt, die Gedenkst\u00e4tten besucht haben. Am besten schnitten die Sch\u00fcler ab, die in Th\u00fcringen und Sachsen-Anhalt die Schulbank dr\u00fccken.<\/p>\n<p>Laut der Befragung war sich die H\u00e4lfte der Sch\u00fcler sicher, dass Nazi-Deutschland eine Diktatur war. Noch katastrophaler sieht es in der j\u00fcngeren Geschichte aus: Die Bundesrepublik vor 1990 sei demnach f\u00fcr die H\u00e4lfte keine Demokratie gewesen und der aktuelle Staat ist nur f\u00fcr 60% demokratisch verankert. Die DDR ist bei einem Drittel der befragten Sch\u00fcler eine Diktatur gewesen.<\/p>\n<p>Die Forscher halten das geringe politisch-historische Wissen der Sch\u00fcler f\u00fcr die Ursache. Man sollte dringend den Lehrplan dahingehend \u00fcberarbeiten, dass eine wertorientierte Kenntnisvermittlung im Sinne der freiheitlich-demokratischen Grundordnung stattfinde, so die Autoren weiter. Am schlechtesten schnitten bei der Untersuchung Sch\u00fcler aus Nordrhein-Westfalen ab.<\/p>\n<p>Interessant ist zudem, dass die Ergebnisse offenbar auch vom sozialen Hintergrund abh\u00e4ngen. Sch\u00fcler, deren Eltern die DDR miterlebt haben oder einen Elternteil aus dem Ausland haben, sahen die DDR und den Nationalsozialismus postiver als jene, deren Eltern auch in der Bundesrepublik aufgewachsen sind. Bei Deutschland nach der Wiedervereinigung sind die Vorzeichen genau umgekehrt. In Elternh\u00e4usern aus der DDR oder mit Migrationshintergrund ist die aktuelle Staatsform weniger beliebt als bei Bundesdeutschen Familien.<\/p>\n<p>Weiterhin wurde untersucht, was der Besuch von Gedenkst\u00e4tten bringt &#8211; Ergebnis: Es gebe keinen eindeutig positiven Effekt. Die Forscher sehen die Ursache darin, dass Sch\u00fcler gar nicht korrekt einordnen k\u00f6nnen, was sie dort sehen. Schulen sollen sich vom Gedanken trennen, m\u00f6glichst viele Wandertage zu historischen Denkm\u00e4lern zu veranstalten und stattdessen auf eine gr\u00fcndlichere Vor- und Nachbereitung setzen.<\/p>\n[via <a href=\"http:\/\/www.n-tv.de\/politik\/Schueler-Wissen-ein-Desaster-article6599676.html\" rel=\"nofollow\">n-tv<\/a>]\n","protected":false},"excerpt":{"rendered":"<p>ANZEIGE &#8211; Viele Jugendliche kennen sich nicht gut in der Geschichte aus, speziell in der deutschen. Zu diesem traurigen Urteil kommt eine Studie der Freien Universit\u00e4t Berlin. Befragt wurden zwischen 2009 und 2012 rund 5000 Sch\u00fcler aus f\u00fcnf Bundesl\u00e4ndern. Weiterhin wurden \u00fcber 2000 Sch\u00fcler befragt, die Gedenkst\u00e4tten besucht haben. Am besten schnitten die Sch\u00fcler ab, [&hellip;]<\/p>\n","protected":false},"author":62,"featured_media":0,"comment_status":"closed","ping_status":"closed","sticky":false,"template":"","format":"standard","meta":{"_acf_changed":false,"ep_exclude_from_search":false,"_jetpack_memberships_contains_paid_content":false,"footnotes":""},"categories":[2],"tags":[141,144,142,140,63,143],"class_list":["post-576","post","type-post","status-publish","format-standard","hentry","category-blogroll","tag-bildung","tag-fu-berlin","tag-geschichte","tag-jugendliche","tag-schule","tag-studie"],"acf":[],"yoast_head":"<!-- This site is optimized with the Yoast SEO plugin v27.5 - https:\/\/yoast.com\/product\/yoast-seo-wordpress\/ -->\n<title>Studie: Deutsche Jugendliche schlecht in Geschichte - elternforen.com - Ratgeber-Magazin<\/title>\n<meta name=\"robots\" content=\"index, follow, max-snippet:-1, max-image-preview:large, max-video-preview:-1\" \/>\n<link rel=\"canonical\" href=\"https:\/\/www.elternforen.com\/Blog\/studie-deutsche-jugendliche-schlecht-in-geschichte-576\/\" \/>\n<meta property=\"og:locale\" content=\"de_DE\" \/>\n<meta property=\"og:type\" content=\"article\" \/>\n<meta property=\"og:title\" content=\"Studie: Deutsche Jugendliche schlecht in Geschichte - elternforen.com - Ratgeber-Magazin\" \/>\n<meta property=\"og:description\" content=\"ANZEIGE - Viele Jugendliche kennen sich nicht gut in der Geschichte aus, speziell in der deutschen. Zu diesem traurigen Urteil kommt eine Studie der Freien Universit\u00e4t Berlin. Befragt wurden zwischen 2009 und 2012 rund 5000 Sch\u00fcler aus f\u00fcnf Bundesl\u00e4ndern. Weiterhin wurden \u00fcber 2000 Sch\u00fcler befragt, die Gedenkst\u00e4tten besucht haben. Am besten schnitten die Sch\u00fcler ab, [&hellip;]\" \/>\n<meta property=\"og:url\" content=\"https:\/\/www.elternforen.com\/Blog\/studie-deutsche-jugendliche-schlecht-in-geschichte-576\/\" \/>\n<meta property=\"og:site_name\" content=\"elternforen.com - Ratgeber-Magazin\" \/>\n<meta property=\"article:published_time\" content=\"2012-06-29T08:50:05+00:00\" \/>\n<meta property=\"og:image\" content=\"https:\/\/www.elternforen.com\/Blog\/wp-content\/uploads\/2012\/06\/pisa.jpg\" \/>\n\t<meta property=\"og:image:width\" content=\"750\" \/>\n\t<meta property=\"og:image:height\" content=\"1000\" \/>\n\t<meta property=\"og:image:type\" content=\"image\/jpeg\" \/>\n<meta name=\"author\" content=\"redaktion\" \/>\n<meta name=\"twitter:card\" content=\"summary_large_image\" \/>\n<meta name=\"twitter:label1\" content=\"Verfasst von\" \/>\n\t<meta name=\"twitter:data1\" content=\"redaktion\" \/>\n\t<meta name=\"twitter:label2\" content=\"Gesch\u00e4tzte Lesezeit\" \/>\n\t<meta name=\"twitter:data2\" content=\"2\u00a0Minuten\" \/>\n<script type=\"application\/ld+json\" class=\"yoast-schema-graph\">{\"@context\":\"https:\\\/\\\/schema.org\",\"@graph\":[{\"@type\":\"Article\",\"@id\":\"https:\\\/\\\/www.elternforen.com\\\/Blog\\\/studie-deutsche-jugendliche-schlecht-in-geschichte-576\\\/#article\",\"isPartOf\":{\"@id\":\"https:\\\/\\\/www.elternforen.com\\\/Blog\\\/studie-deutsche-jugendliche-schlecht-in-geschichte-576\\\/\"},\"author\":{\"name\":\"redaktion\",\"@id\":\"https:\\\/\\\/www.elternforen.com\\\/Blog\\\/#\\\/schema\\\/person\\\/979a88c5d2ec2beabc8f0e00243558c3\"},\"headline\":\"Studie: Deutsche Jugendliche schlecht in Geschichte\",\"datePublished\":\"2012-06-29T08:50:05+00:00\",\"mainEntityOfPage\":{\"@id\":\"https:\\\/\\\/www.elternforen.com\\\/Blog\\\/studie-deutsche-jugendliche-schlecht-in-geschichte-576\\\/\"},\"wordCount\":320,\"keywords\":[\"Bildung\",\"FU Berlin\",\"Geschichte\",\"Jugendliche\",\"Schule\",\"Studie\"],\"articleSection\":[\"Blogroll - Allgemeines\"],\"inLanguage\":\"de\"},{\"@type\":\"WebPage\",\"@id\":\"https:\\\/\\\/www.elternforen.com\\\/Blog\\\/studie-deutsche-jugendliche-schlecht-in-geschichte-576\\\/\",\"url\":\"https:\\\/\\\/www.elternforen.com\\\/Blog\\\/studie-deutsche-jugendliche-schlecht-in-geschichte-576\\\/\",\"name\":\"Studie: Deutsche Jugendliche schlecht in Geschichte - elternforen.com - Ratgeber-Magazin\",\"isPartOf\":{\"@id\":\"https:\\\/\\\/www.elternforen.com\\\/Blog\\\/#website\"},\"datePublished\":\"2012-06-29T08:50:05+00:00\",\"author\":{\"@id\":\"https:\\\/\\\/www.elternforen.com\\\/Blog\\\/#\\\/schema\\\/person\\\/979a88c5d2ec2beabc8f0e00243558c3\"},\"breadcrumb\":{\"@id\":\"https:\\\/\\\/www.elternforen.com\\\/Blog\\\/studie-deutsche-jugendliche-schlecht-in-geschichte-576\\\/#breadcrumb\"},\"inLanguage\":\"de\",\"potentialAction\":[{\"@type\":\"ReadAction\",\"target\":[\"https:\\\/\\\/www.elternforen.com\\\/Blog\\\/studie-deutsche-jugendliche-schlecht-in-geschichte-576\\\/\"]}]},{\"@type\":\"BreadcrumbList\",\"@id\":\"https:\\\/\\\/www.elternforen.com\\\/Blog\\\/studie-deutsche-jugendliche-schlecht-in-geschichte-576\\\/#breadcrumb\",\"itemListElement\":[{\"@type\":\"ListItem\",\"position\":1,\"name\":\"Home\",\"item\":\"https:\\\/\\\/www.elternforen.com\\\/Blog\\\/\"},{\"@type\":\"ListItem\",\"position\":2,\"name\":\"Studie: Deutsche Jugendliche schlecht in Geschichte\"}]},{\"@type\":\"WebSite\",\"@id\":\"https:\\\/\\\/www.elternforen.com\\\/Blog\\\/#website\",\"url\":\"https:\\\/\\\/www.elternforen.com\\\/Blog\\\/\",\"name\":\"elternforen.com - Ratgeber-Magazin\",\"description\":\"Der Blog \u00fcber Familie, Schwangerschaft, Babys und Kinder\",\"potentialAction\":[{\"@type\":\"SearchAction\",\"target\":{\"@type\":\"EntryPoint\",\"urlTemplate\":\"https:\\\/\\\/www.elternforen.com\\\/Blog\\\/?s={search_term_string}\"},\"query-input\":{\"@type\":\"PropertyValueSpecification\",\"valueRequired\":true,\"valueName\":\"search_term_string\"}}],\"inLanguage\":\"de\"},{\"@type\":\"Person\",\"@id\":\"https:\\\/\\\/www.elternforen.com\\\/Blog\\\/#\\\/schema\\\/person\\\/979a88c5d2ec2beabc8f0e00243558c3\",\"name\":\"redaktion\",\"url\":\"https:\\\/\\\/www.elternforen.com\\\/Blog\\\/author\\\/stefan\\\/\"}]}<\/script>\n<!-- \/ Yoast SEO plugin. -->","yoast_head_json":{"title":"Studie: Deutsche Jugendliche schlecht in Geschichte - elternforen.com - Ratgeber-Magazin","robots":{"index":"index","follow":"follow","max-snippet":"max-snippet:-1","max-image-preview":"max-image-preview:large","max-video-preview":"max-video-preview:-1"},"canonical":"https:\/\/www.elternforen.com\/Blog\/studie-deutsche-jugendliche-schlecht-in-geschichte-576\/","og_locale":"de_DE","og_type":"article","og_title":"Studie: Deutsche Jugendliche schlecht in Geschichte - elternforen.com - Ratgeber-Magazin","og_description":"ANZEIGE - Viele Jugendliche kennen sich nicht gut in der Geschichte aus, speziell in der deutschen. Zu diesem traurigen Urteil kommt eine Studie der Freien Universit\u00e4t Berlin. Befragt wurden zwischen 2009 und 2012 rund 5000 Sch\u00fcler aus f\u00fcnf Bundesl\u00e4ndern. Weiterhin wurden \u00fcber 2000 Sch\u00fcler befragt, die Gedenkst\u00e4tten besucht haben. Am besten schnitten die Sch\u00fcler ab, [&hellip;]","og_url":"https:\/\/www.elternforen.com\/Blog\/studie-deutsche-jugendliche-schlecht-in-geschichte-576\/","og_site_name":"elternforen.com - Ratgeber-Magazin","article_published_time":"2012-06-29T08:50:05+00:00","og_image":[{"width":750,"height":1000,"url":"https:\/\/www.elternforen.com\/Blog\/wp-content\/uploads\/2012\/06\/pisa.jpg","type":"image\/jpeg"}],"author":"redaktion","twitter_card":"summary_large_image","twitter_misc":{"Verfasst von":"redaktion","Gesch\u00e4tzte Lesezeit":"2\u00a0Minuten"},"schema":{"@context":"https:\/\/schema.org","@graph":[{"@type":"Article","@id":"https:\/\/www.elternforen.com\/Blog\/studie-deutsche-jugendliche-schlecht-in-geschichte-576\/#article","isPartOf":{"@id":"https:\/\/www.elternforen.com\/Blog\/studie-deutsche-jugendliche-schlecht-in-geschichte-576\/"},"author":{"name":"redaktion","@id":"https:\/\/www.elternforen.com\/Blog\/#\/schema\/person\/979a88c5d2ec2beabc8f0e00243558c3"},"headline":"Studie: Deutsche Jugendliche schlecht in Geschichte","datePublished":"2012-06-29T08:50:05+00:00","mainEntityOfPage":{"@id":"https:\/\/www.elternforen.com\/Blog\/studie-deutsche-jugendliche-schlecht-in-geschichte-576\/"},"wordCount":320,"keywords":["Bildung","FU Berlin","Geschichte","Jugendliche","Schule","Studie"],"articleSection":["Blogroll - Allgemeines"],"inLanguage":"de"},{"@type":"WebPage","@id":"https:\/\/www.elternforen.com\/Blog\/studie-deutsche-jugendliche-schlecht-in-geschichte-576\/","url":"https:\/\/www.elternforen.com\/Blog\/studie-deutsche-jugendliche-schlecht-in-geschichte-576\/","name":"Studie: Deutsche Jugendliche schlecht in Geschichte - elternforen.com - Ratgeber-Magazin","isPartOf":{"@id":"https:\/\/www.elternforen.com\/Blog\/#website"},"datePublished":"2012-06-29T08:50:05+00:00","author":{"@id":"https:\/\/www.elternforen.com\/Blog\/#\/schema\/person\/979a88c5d2ec2beabc8f0e00243558c3"},"breadcrumb":{"@id":"https:\/\/www.elternforen.com\/Blog\/studie-deutsche-jugendliche-schlecht-in-geschichte-576\/#breadcrumb"},"inLanguage":"de","potentialAction":[{"@type":"ReadAction","target":["https:\/\/www.elternforen.com\/Blog\/studie-deutsche-jugendliche-schlecht-in-geschichte-576\/"]}]},{"@type":"BreadcrumbList","@id":"https:\/\/www.elternforen.com\/Blog\/studie-deutsche-jugendliche-schlecht-in-geschichte-576\/#breadcrumb","itemListElement":[{"@type":"ListItem","position":1,"name":"Home","item":"https:\/\/www.elternforen.com\/Blog\/"},{"@type":"ListItem","position":2,"name":"Studie: Deutsche Jugendliche schlecht in Geschichte"}]},{"@type":"WebSite","@id":"https:\/\/www.elternforen.com\/Blog\/#website","url":"https:\/\/www.elternforen.com\/Blog\/","name":"elternforen.com - Ratgeber-Magazin","description":"Der Blog \u00fcber Familie, Schwangerschaft, Babys und Kinder","potentialAction":[{"@type":"SearchAction","target":{"@type":"EntryPoint","urlTemplate":"https:\/\/www.elternforen.com\/Blog\/?s={search_term_string}"},"query-input":{"@type":"PropertyValueSpecification","valueRequired":true,"valueName":"search_term_string"}}],"inLanguage":"de"},{"@type":"Person","@id":"https:\/\/www.elternforen.com\/Blog\/#\/schema\/person\/979a88c5d2ec2beabc8f0e00243558c3","name":"redaktion","url":"https:\/\/www.elternforen.com\/Blog\/author\/stefan\/"}]}},"jetpack_featured_media_url":"","jetpack_sharing_enabled":true,"_links":{"self":[{"href":"https:\/\/www.elternforen.com\/Blog\/wp-json\/wp\/v2\/posts\/576","targetHints":{"allow":["GET"]}}],"collection":[{"href":"https:\/\/www.elternforen.com\/Blog\/wp-json\/wp\/v2\/posts"}],"about":[{"href":"https:\/\/www.elternforen.com\/Blog\/wp-json\/wp\/v2\/types\/post"}],"author":[{"embeddable":true,"href":"https:\/\/www.elternforen.com\/Blog\/wp-json\/wp\/v2\/users\/62"}],"replies":[{"embeddable":true,"href":"https:\/\/www.elternforen.com\/Blog\/wp-json\/wp\/v2\/comments?post=576"}],"version-history":[{"count":3,"href":"https:\/\/www.elternforen.com\/Blog\/wp-json\/wp\/v2\/posts\/576\/revisions"}],"predecessor-version":[{"id":580,"href":"https:\/\/www.elternforen.com\/Blog\/wp-json\/wp\/v2\/posts\/576\/revisions\/580"}],"wp:attachment":[{"href":"https:\/\/www.elternforen.com\/Blog\/wp-json\/wp\/v2\/media?parent=576"}],"wp:term":[{"taxonomy":"category","embeddable":true,"href":"https:\/\/www.elternforen.com\/Blog\/wp-json\/wp\/v2\/categories?post=576"},{"taxonomy":"post_tag","embeddable":true,"href":"https:\/\/www.elternforen.com\/Blog\/wp-json\/wp\/v2\/tags?post=576"}],"curies":[{"name":"wp","href":"https:\/\/api.w.org\/{rel}","templated":true}]}}