{"id":581,"date":"2012-07-02T21:45:13","date_gmt":"2012-07-02T19:45:13","guid":{"rendered":"http:\/\/www.elternforen.com\/Blog\/?p=581"},"modified":"2022-09-21T17:00:02","modified_gmt":"2022-09-21T15:00:02","slug":"deutsche-post-porto-erhohung-fur-briefe-in-sicht-581","status":"publish","type":"post","link":"https:\/\/www.elternforen.com\/Blog\/deutsche-post-porto-erhohung-fur-briefe-in-sicht-581\/","title":{"rendered":"Deutsche Post: Porto-Erh\u00f6hung f\u00fcr Briefe in Sicht?"},"content":{"rendered":"ANZEIGE - <p>Laut Bericht der Frankfurter Allgemeinen Zeitung denkt die Deutsche Post dar\u00fcber nach, die Preise f\u00fcr die Bef\u00f6rderung von Briefen zu erh\u00f6hen. Seit vier Jahren sei dies schon nicht mehr geschehen und im Herbst wolle man pr\u00fcfen, ob die Rahmenbedingungen eine Preiserh\u00f6hung erm\u00f6glichen, hei\u00dft es.<\/p>\n<p>Gr\u00fcnde hierf\u00fcr liegen in den Auswirkungen der Euro-Krise im Luftfrachtbereich. Unternehmen seien dazu \u00fcbergegangen, den g\u00fcnstigeren Transport per Schiff zu bevorzugen. Die Post sieht aber trotzdem keine Probleme, ihre Prognosen f\u00fcr das laufende Gesch\u00e4ftsjahr zu erreichen &#8211; man rechnet mit einem operativen Ergebnis von 2,5 bis 2,6 Milliarden Euro, im vorigen Jahr waren es 2,4 Milliarden.<\/p>\n<p>Nicht vergessen darf man aber einen Deal mit den Finanzbeh\u00f6rden, der die Post zwingt, die Mehrwertsteuer nachzuzahlen. Dieses wird das Ergebnis um 180 Millionen Euro schm\u00e4lern &#8211; insgesamt kommt die gelbe Briefbef\u00f6rderung so auf 516 Millionen Euro f\u00fcr den Staat.<\/p>\n[via <a href=\"http:\/\/www.sueddeutsche.de\/geld\/porto-erhoehung-post-erwaegt-hoehere-preise-fuer-briefmarken-1.1397970\" rel=\"nofollow\">S\u00fcddeutsche Zeitung<\/a>]\n","protected":false},"excerpt":{"rendered":"<p>ANZEIGE &#8211; Laut Bericht der Frankfurter Allgemeinen Zeitung denkt die Deutsche Post dar\u00fcber nach, die Preise f\u00fcr die Bef\u00f6rderung von Briefen zu erh\u00f6hen. Seit vier Jahren sei dies schon nicht mehr geschehen und im Herbst wolle man pr\u00fcfen, ob die Rahmenbedingungen eine Preiserh\u00f6hung erm\u00f6glichen, hei\u00dft es. Gr\u00fcnde hierf\u00fcr liegen in den Auswirkungen der Euro-Krise im [&hellip;]<\/p>\n","protected":false},"author":62,"featured_media":9583,"comment_status":"closed","ping_status":"closed","sticky":false,"template":"","format":"standard","meta":{"_acf_changed":false,"ep_exclude_from_search":false,"_jetpack_memberships_contains_paid_content":false,"footnotes":""},"categories":[2],"tags":[146,107,147,145,148],"class_list":["post-581","post","type-post","status-publish","format-standard","has-post-thumbnail","hentry","category-blogroll","tag-brief","tag-geld","tag-porto","tag-post","tag-preiserhohung"],"acf":[],"yoast_head":"<!-- This site is optimized with the Yoast SEO plugin v27.5 - https:\/\/yoast.com\/product\/yoast-seo-wordpress\/ -->\n<title>Deutsche Post: Porto-Erh\u00f6hung f\u00fcr Briefe in Sicht? - elternforen.com - Ratgeber-Magazin<\/title>\n<meta name=\"robots\" content=\"index, follow, max-snippet:-1, max-image-preview:large, max-video-preview:-1\" \/>\n<link rel=\"canonical\" href=\"https:\/\/www.elternforen.com\/Blog\/deutsche-post-porto-erhohung-fur-briefe-in-sicht-581\/\" \/>\n<meta property=\"og:locale\" content=\"de_DE\" \/>\n<meta property=\"og:type\" content=\"article\" \/>\n<meta property=\"og:title\" content=\"Deutsche Post: Porto-Erh\u00f6hung f\u00fcr Briefe in Sicht? - elternforen.com - Ratgeber-Magazin\" \/>\n<meta property=\"og:description\" content=\"ANZEIGE - Laut Bericht der Frankfurter Allgemeinen Zeitung denkt die Deutsche Post dar\u00fcber nach, die Preise f\u00fcr die Bef\u00f6rderung von Briefen zu erh\u00f6hen. Seit vier Jahren sei dies schon nicht mehr geschehen und im Herbst wolle man pr\u00fcfen, ob die Rahmenbedingungen eine Preiserh\u00f6hung erm\u00f6glichen, hei\u00dft es. Gr\u00fcnde hierf\u00fcr liegen in den Auswirkungen der Euro-Krise im [&hellip;]\" \/>\n<meta property=\"og:url\" content=\"https:\/\/www.elternforen.com\/Blog\/deutsche-post-porto-erhohung-fur-briefe-in-sicht-581\/\" \/>\n<meta property=\"og:site_name\" content=\"elternforen.com - Ratgeber-Magazin\" \/>\n<meta property=\"article:published_time\" content=\"2012-07-02T19:45:13+00:00\" \/>\n<meta property=\"article:modified_time\" content=\"2022-09-21T15:00:02+00:00\" \/>\n<meta property=\"og:image\" content=\"https:\/\/www.elternforen.com\/Blog\/wp-content\/uploads\/2012\/07\/post-letter-2828146-scaled.jpg\" \/>\n\t<meta property=\"og:image:width\" content=\"2560\" \/>\n\t<meta property=\"og:image:height\" content=\"1707\" \/>\n\t<meta property=\"og:image:type\" content=\"image\/jpeg\" \/>\n<meta name=\"author\" content=\"redaktion\" \/>\n<meta name=\"twitter:card\" content=\"summary_large_image\" \/>\n<meta name=\"twitter:label1\" content=\"Verfasst von\" \/>\n\t<meta name=\"twitter:data1\" content=\"redaktion\" \/>\n\t<meta name=\"twitter:label2\" content=\"Gesch\u00e4tzte Lesezeit\" \/>\n\t<meta name=\"twitter:data2\" content=\"1\u00a0Minute\" \/>\n<script type=\"application\/ld+json\" class=\"yoast-schema-graph\">{\"@context\":\"https:\\\/\\\/schema.org\",\"@graph\":[{\"@type\":\"Article\",\"@id\":\"https:\\\/\\\/www.elternforen.com\\\/Blog\\\/deutsche-post-porto-erhohung-fur-briefe-in-sicht-581\\\/#article\",\"isPartOf\":{\"@id\":\"https:\\\/\\\/www.elternforen.com\\\/Blog\\\/deutsche-post-porto-erhohung-fur-briefe-in-sicht-581\\\/\"},\"author\":{\"name\":\"redaktion\",\"@id\":\"https:\\\/\\\/www.elternforen.com\\\/Blog\\\/#\\\/schema\\\/person\\\/979a88c5d2ec2beabc8f0e00243558c3\"},\"headline\":\"Deutsche Post: Porto-Erh\u00f6hung f\u00fcr Briefe in Sicht?\",\"datePublished\":\"2012-07-02T19:45:13+00:00\",\"dateModified\":\"2022-09-21T15:00:02+00:00\",\"mainEntityOfPage\":{\"@id\":\"https:\\\/\\\/www.elternforen.com\\\/Blog\\\/deutsche-post-porto-erhohung-fur-briefe-in-sicht-581\\\/\"},\"wordCount\":165,\"image\":{\"@id\":\"https:\\\/\\\/www.elternforen.com\\\/Blog\\\/deutsche-post-porto-erhohung-fur-briefe-in-sicht-581\\\/#primaryimage\"},\"thumbnailUrl\":\"https:\\\/\\\/www.elternforen.com\\\/Blog\\\/wp-content\\\/uploads\\\/2012\\\/07\\\/post-letter-2828146-scaled.jpg\",\"keywords\":[\"Brief\",\"Geld\",\"Porto\",\"Post\",\"Preiserh\u00f6hung\"],\"articleSection\":[\"Blogroll - Allgemeines\"],\"inLanguage\":\"de\"},{\"@type\":\"WebPage\",\"@id\":\"https:\\\/\\\/www.elternforen.com\\\/Blog\\\/deutsche-post-porto-erhohung-fur-briefe-in-sicht-581\\\/\",\"url\":\"https:\\\/\\\/www.elternforen.com\\\/Blog\\\/deutsche-post-porto-erhohung-fur-briefe-in-sicht-581\\\/\",\"name\":\"Deutsche Post: Porto-Erh\u00f6hung f\u00fcr Briefe in Sicht? - elternforen.com - Ratgeber-Magazin\",\"isPartOf\":{\"@id\":\"https:\\\/\\\/www.elternforen.com\\\/Blog\\\/#website\"},\"primaryImageOfPage\":{\"@id\":\"https:\\\/\\\/www.elternforen.com\\\/Blog\\\/deutsche-post-porto-erhohung-fur-briefe-in-sicht-581\\\/#primaryimage\"},\"image\":{\"@id\":\"https:\\\/\\\/www.elternforen.com\\\/Blog\\\/deutsche-post-porto-erhohung-fur-briefe-in-sicht-581\\\/#primaryimage\"},\"thumbnailUrl\":\"https:\\\/\\\/www.elternforen.com\\\/Blog\\\/wp-content\\\/uploads\\\/2012\\\/07\\\/post-letter-2828146-scaled.jpg\",\"datePublished\":\"2012-07-02T19:45:13+00:00\",\"dateModified\":\"2022-09-21T15:00:02+00:00\",\"author\":{\"@id\":\"https:\\\/\\\/www.elternforen.com\\\/Blog\\\/#\\\/schema\\\/person\\\/979a88c5d2ec2beabc8f0e00243558c3\"},\"breadcrumb\":{\"@id\":\"https:\\\/\\\/www.elternforen.com\\\/Blog\\\/deutsche-post-porto-erhohung-fur-briefe-in-sicht-581\\\/#breadcrumb\"},\"inLanguage\":\"de\",\"potentialAction\":[{\"@type\":\"ReadAction\",\"target\":[\"https:\\\/\\\/www.elternforen.com\\\/Blog\\\/deutsche-post-porto-erhohung-fur-briefe-in-sicht-581\\\/\"]}]},{\"@type\":\"ImageObject\",\"inLanguage\":\"de\",\"@id\":\"https:\\\/\\\/www.elternforen.com\\\/Blog\\\/deutsche-post-porto-erhohung-fur-briefe-in-sicht-581\\\/#primaryimage\",\"url\":\"https:\\\/\\\/www.elternforen.com\\\/Blog\\\/wp-content\\\/uploads\\\/2012\\\/07\\\/post-letter-2828146-scaled.jpg\",\"contentUrl\":\"https:\\\/\\\/www.elternforen.com\\\/Blog\\\/wp-content\\\/uploads\\\/2012\\\/07\\\/post-letter-2828146-scaled.jpg\",\"width\":2560,\"height\":1707},{\"@type\":\"BreadcrumbList\",\"@id\":\"https:\\\/\\\/www.elternforen.com\\\/Blog\\\/deutsche-post-porto-erhohung-fur-briefe-in-sicht-581\\\/#breadcrumb\",\"itemListElement\":[{\"@type\":\"ListItem\",\"position\":1,\"name\":\"Home\",\"item\":\"https:\\\/\\\/www.elternforen.com\\\/Blog\\\/\"},{\"@type\":\"ListItem\",\"position\":2,\"name\":\"Deutsche Post: Porto-Erh\u00f6hung f\u00fcr Briefe in Sicht?\"}]},{\"@type\":\"WebSite\",\"@id\":\"https:\\\/\\\/www.elternforen.com\\\/Blog\\\/#website\",\"url\":\"https:\\\/\\\/www.elternforen.com\\\/Blog\\\/\",\"name\":\"elternforen.com - Ratgeber-Magazin\",\"description\":\"Der Blog \u00fcber Familie, Schwangerschaft, Babys und Kinder\",\"potentialAction\":[{\"@type\":\"SearchAction\",\"target\":{\"@type\":\"EntryPoint\",\"urlTemplate\":\"https:\\\/\\\/www.elternforen.com\\\/Blog\\\/?s={search_term_string}\"},\"query-input\":{\"@type\":\"PropertyValueSpecification\",\"valueRequired\":true,\"valueName\":\"search_term_string\"}}],\"inLanguage\":\"de\"},{\"@type\":\"Person\",\"@id\":\"https:\\\/\\\/www.elternforen.com\\\/Blog\\\/#\\\/schema\\\/person\\\/979a88c5d2ec2beabc8f0e00243558c3\",\"name\":\"redaktion\",\"url\":\"https:\\\/\\\/www.elternforen.com\\\/Blog\\\/author\\\/stefan\\\/\"}]}<\/script>\n<!-- \/ Yoast SEO plugin. -->","yoast_head_json":{"title":"Deutsche Post: Porto-Erh\u00f6hung f\u00fcr Briefe in Sicht? - elternforen.com - Ratgeber-Magazin","robots":{"index":"index","follow":"follow","max-snippet":"max-snippet:-1","max-image-preview":"max-image-preview:large","max-video-preview":"max-video-preview:-1"},"canonical":"https:\/\/www.elternforen.com\/Blog\/deutsche-post-porto-erhohung-fur-briefe-in-sicht-581\/","og_locale":"de_DE","og_type":"article","og_title":"Deutsche Post: Porto-Erh\u00f6hung f\u00fcr Briefe in Sicht? - elternforen.com - Ratgeber-Magazin","og_description":"ANZEIGE - Laut Bericht der Frankfurter Allgemeinen Zeitung denkt die Deutsche Post dar\u00fcber nach, die Preise f\u00fcr die Bef\u00f6rderung von Briefen zu erh\u00f6hen. Seit vier Jahren sei dies schon nicht mehr geschehen und im Herbst wolle man pr\u00fcfen, ob die Rahmenbedingungen eine Preiserh\u00f6hung erm\u00f6glichen, hei\u00dft es. Gr\u00fcnde hierf\u00fcr liegen in den Auswirkungen der Euro-Krise im [&hellip;]","og_url":"https:\/\/www.elternforen.com\/Blog\/deutsche-post-porto-erhohung-fur-briefe-in-sicht-581\/","og_site_name":"elternforen.com - Ratgeber-Magazin","article_published_time":"2012-07-02T19:45:13+00:00","article_modified_time":"2022-09-21T15:00:02+00:00","og_image":[{"width":2560,"height":1707,"url":"https:\/\/www.elternforen.com\/Blog\/wp-content\/uploads\/2012\/07\/post-letter-2828146-scaled.jpg","type":"image\/jpeg"}],"author":"redaktion","twitter_card":"summary_large_image","twitter_misc":{"Verfasst von":"redaktion","Gesch\u00e4tzte Lesezeit":"1\u00a0Minute"},"schema":{"@context":"https:\/\/schema.org","@graph":[{"@type":"Article","@id":"https:\/\/www.elternforen.com\/Blog\/deutsche-post-porto-erhohung-fur-briefe-in-sicht-581\/#article","isPartOf":{"@id":"https:\/\/www.elternforen.com\/Blog\/deutsche-post-porto-erhohung-fur-briefe-in-sicht-581\/"},"author":{"name":"redaktion","@id":"https:\/\/www.elternforen.com\/Blog\/#\/schema\/person\/979a88c5d2ec2beabc8f0e00243558c3"},"headline":"Deutsche Post: Porto-Erh\u00f6hung f\u00fcr Briefe in Sicht?","datePublished":"2012-07-02T19:45:13+00:00","dateModified":"2022-09-21T15:00:02+00:00","mainEntityOfPage":{"@id":"https:\/\/www.elternforen.com\/Blog\/deutsche-post-porto-erhohung-fur-briefe-in-sicht-581\/"},"wordCount":165,"image":{"@id":"https:\/\/www.elternforen.com\/Blog\/deutsche-post-porto-erhohung-fur-briefe-in-sicht-581\/#primaryimage"},"thumbnailUrl":"https:\/\/www.elternforen.com\/Blog\/wp-content\/uploads\/2012\/07\/post-letter-2828146-scaled.jpg","keywords":["Brief","Geld","Porto","Post","Preiserh\u00f6hung"],"articleSection":["Blogroll - Allgemeines"],"inLanguage":"de"},{"@type":"WebPage","@id":"https:\/\/www.elternforen.com\/Blog\/deutsche-post-porto-erhohung-fur-briefe-in-sicht-581\/","url":"https:\/\/www.elternforen.com\/Blog\/deutsche-post-porto-erhohung-fur-briefe-in-sicht-581\/","name":"Deutsche Post: Porto-Erh\u00f6hung f\u00fcr Briefe in Sicht? - elternforen.com - Ratgeber-Magazin","isPartOf":{"@id":"https:\/\/www.elternforen.com\/Blog\/#website"},"primaryImageOfPage":{"@id":"https:\/\/www.elternforen.com\/Blog\/deutsche-post-porto-erhohung-fur-briefe-in-sicht-581\/#primaryimage"},"image":{"@id":"https:\/\/www.elternforen.com\/Blog\/deutsche-post-porto-erhohung-fur-briefe-in-sicht-581\/#primaryimage"},"thumbnailUrl":"https:\/\/www.elternforen.com\/Blog\/wp-content\/uploads\/2012\/07\/post-letter-2828146-scaled.jpg","datePublished":"2012-07-02T19:45:13+00:00","dateModified":"2022-09-21T15:00:02+00:00","author":{"@id":"https:\/\/www.elternforen.com\/Blog\/#\/schema\/person\/979a88c5d2ec2beabc8f0e00243558c3"},"breadcrumb":{"@id":"https:\/\/www.elternforen.com\/Blog\/deutsche-post-porto-erhohung-fur-briefe-in-sicht-581\/#breadcrumb"},"inLanguage":"de","potentialAction":[{"@type":"ReadAction","target":["https:\/\/www.elternforen.com\/Blog\/deutsche-post-porto-erhohung-fur-briefe-in-sicht-581\/"]}]},{"@type":"ImageObject","inLanguage":"de","@id":"https:\/\/www.elternforen.com\/Blog\/deutsche-post-porto-erhohung-fur-briefe-in-sicht-581\/#primaryimage","url":"https:\/\/www.elternforen.com\/Blog\/wp-content\/uploads\/2012\/07\/post-letter-2828146-scaled.jpg","contentUrl":"https:\/\/www.elternforen.com\/Blog\/wp-content\/uploads\/2012\/07\/post-letter-2828146-scaled.jpg","width":2560,"height":1707},{"@type":"BreadcrumbList","@id":"https:\/\/www.elternforen.com\/Blog\/deutsche-post-porto-erhohung-fur-briefe-in-sicht-581\/#breadcrumb","itemListElement":[{"@type":"ListItem","position":1,"name":"Home","item":"https:\/\/www.elternforen.com\/Blog\/"},{"@type":"ListItem","position":2,"name":"Deutsche Post: Porto-Erh\u00f6hung f\u00fcr Briefe in Sicht?"}]},{"@type":"WebSite","@id":"https:\/\/www.elternforen.com\/Blog\/#website","url":"https:\/\/www.elternforen.com\/Blog\/","name":"elternforen.com - Ratgeber-Magazin","description":"Der Blog \u00fcber Familie, Schwangerschaft, Babys und Kinder","potentialAction":[{"@type":"SearchAction","target":{"@type":"EntryPoint","urlTemplate":"https:\/\/www.elternforen.com\/Blog\/?s={search_term_string}"},"query-input":{"@type":"PropertyValueSpecification","valueRequired":true,"valueName":"search_term_string"}}],"inLanguage":"de"},{"@type":"Person","@id":"https:\/\/www.elternforen.com\/Blog\/#\/schema\/person\/979a88c5d2ec2beabc8f0e00243558c3","name":"redaktion","url":"https:\/\/www.elternforen.com\/Blog\/author\/stefan\/"}]}},"jetpack_featured_media_url":"https:\/\/www.elternforen.com\/Blog\/wp-content\/uploads\/2012\/07\/post-letter-2828146-scaled.jpg","jetpack_sharing_enabled":true,"_links":{"self":[{"href":"https:\/\/www.elternforen.com\/Blog\/wp-json\/wp\/v2\/posts\/581","targetHints":{"allow":["GET"]}}],"collection":[{"href":"https:\/\/www.elternforen.com\/Blog\/wp-json\/wp\/v2\/posts"}],"about":[{"href":"https:\/\/www.elternforen.com\/Blog\/wp-json\/wp\/v2\/types\/post"}],"author":[{"embeddable":true,"href":"https:\/\/www.elternforen.com\/Blog\/wp-json\/wp\/v2\/users\/62"}],"replies":[{"embeddable":true,"href":"https:\/\/www.elternforen.com\/Blog\/wp-json\/wp\/v2\/comments?post=581"}],"version-history":[{"count":4,"href":"https:\/\/www.elternforen.com\/Blog\/wp-json\/wp\/v2\/posts\/581\/revisions"}],"predecessor-version":[{"id":9584,"href":"https:\/\/www.elternforen.com\/Blog\/wp-json\/wp\/v2\/posts\/581\/revisions\/9584"}],"wp:featuredmedia":[{"embeddable":true,"href":"https:\/\/www.elternforen.com\/Blog\/wp-json\/wp\/v2\/media\/9583"}],"wp:attachment":[{"href":"https:\/\/www.elternforen.com\/Blog\/wp-json\/wp\/v2\/media?parent=581"}],"wp:term":[{"taxonomy":"category","embeddable":true,"href":"https:\/\/www.elternforen.com\/Blog\/wp-json\/wp\/v2\/categories?post=581"},{"taxonomy":"post_tag","embeddable":true,"href":"https:\/\/www.elternforen.com\/Blog\/wp-json\/wp\/v2\/tags?post=581"}],"curies":[{"name":"wp","href":"https:\/\/api.w.org\/{rel}","templated":true}]}}