{"id":5958,"date":"2021-11-29T12:29:21","date_gmt":"2021-11-29T11:29:21","guid":{"rendered":"https:\/\/www.elternforen.com\/Blog\/?p=5958"},"modified":"2021-11-29T12:29:21","modified_gmt":"2021-11-29T11:29:21","slug":"kalter-winter-warme-haende-5958","status":"publish","type":"post","link":"https:\/\/www.elternforen.com\/Blog\/kalter-winter-warme-haende-5958\/","title":{"rendered":"Kalter Winter &#8211; warme H\u00e4nde"},"content":{"rendered":"ANZEIGE - <p>Die kalten Tage kommen schneller als man denkt. Die Shorts und T-shirts h\u00e4ngen wieder im Schrank, die dicke Jacke wird wieder raus gekramt. Im Cafe sitzt man wieder drinnen und die Sonne geht auch gef\u00fchlt wieder unter nachdem sie gerade erst aufgegangen ist.&ldquo; Ja der Sommer ist vorbei. Aber auch der Winter kann sch\u00f6n sein, wenn man nicht frieren muss. Im Winter mit dem Rad zur Arbeit fahren? Winterspaziergang? Wintersport? Oder man leidet sogar an einer K\u00e4ltekrankheit, wie das Raynaud Syndrom? Die Handschuhe die man hat sehen zwar sch\u00f6n aus, aber w\u00e4rmen tun sie auch nicht so richtig. Wenn es da nur eine tolle L\u00f6sung f\u00fcr gebe. Die gibt es!<\/p>\n<h2>Beheizbare Handschuhe<\/h2>\n<p>Ihre H\u00e4nde sind immer das Erste das sich kalt anf\u00fchlt. Beheizte Handschuhe werden vielerlei angeboten, von billiger China-Ware bis zu etablierten Marken. Es gibt es einen realen Markt f\u00fcr die oben genannten Probleme. Beheizbare Handschuhe von verschiedenen Herstellern wurden getestet, aber die beheizbaren Handschuhe von <a href=\"https:\/\/www.beheizte-kleidung.de\/brands\/bertschat\/\">BERTSCHAT\u00c3\u201a\u00ae<\/a> haben sehr stark im Test \u00fcberzeugt. Etwas teurer als das mittlere Segment, aber mit Qualit\u00e4tsetiketten wie HIPORA\u00c3\u201a\u00ae , 3M Thinsulate und leistungsstarken Akkus. Die beheizbaren Handschuhe sind f\u00fcr die hervorragende Qualit\u00e4t, enorme W\u00e4rmeabgabe und W\u00e4rmeoberfl\u00e4che gelobt worden.<\/p>\n<h2>Ultrad\u00fcnne, daf\u00fcr superwarme Handschuhe<\/h2>\n<p>Es gibt nur wenige H\u00e4ndler, die <a href=\"https:\/\/www.beheizte-kleidung.de\/beheizbare-handschuhe\/\">beheizbare Handschuhe anbieten<\/a>. Da diese ultrad\u00fcnnen, beheizbaren Handschuhe keine Isolationsschicht haben, k\u00f6nnen sie problemlos unter den Arbeitshandschuhen getragen werden. Die beheizbaren Handschuhe funktionieren mithilfe von 7.4 Volt und 2200 mAh-Akkus, wodurch sie eine Heizdauer von bis zu 8 Stunden erreichen. Die Dauer ist abh\u00e4ngig von der H\u00f6he der Heizungsstufe. Die Akkus haben die Gr\u00f6\u00dfe einer kleinen Z\u00fcndholzschachtel und sind \u00fcberhaupt nicht st\u00f6rend. Die Akkus werden einfach in dem Fach untergebracht, das sich unter dem Handgelenk befindet.<\/p>\n<h2>Hoher Isolationswert<\/h2>\n<p>Wenn Sie in den Skiurlaub fahren oder mit extrem niedrigen Temperaturen zu tun haben, empfehlen sich beheizbare Handschuhe mit einem hohen Isolationswert. Alle beheizte Handschuhe werden warm, aber der Isolationswert sorgt daf\u00fcr, dass die beheizten Handschuhe auch warm bleiben. Die beheizte Handschuhe von BERTSCHAT\u00c3\u201a\u00ae tragen die Qualit\u00e4tszeichen von HIPORA und 3M Thinsulate. Die Heizfl\u00e4che dieser beheizten Handschuhe reicht vom Handgelenk bis in die Fingerkuppen und bedeckt eine gigantische Fl\u00e4che. Die beheizten Handschuhe verf\u00fcgen \u00fcber leistungsstarke Akkus, sodass Sie stundenlang im Freien verbringen k\u00f6nnen, ohne kalte H\u00e4nde zu bekommen.<\/p>\n","protected":false},"excerpt":{"rendered":"<p>ANZEIGE &#8211; Die kalten Tage kommen schneller als man denkt. Die Shorts und T-shirts h\u00e4ngen wieder im Schrank, die dicke Jacke wird wieder raus gekramt. Im Cafe sitzt man wieder drinnen und die Sonne geht auch gef\u00fchlt wieder unter nachdem sie gerade erst aufgegangen ist.&ldquo; Ja der Sommer ist vorbei. Aber auch der Winter kann [&hellip;]<\/p>\n","protected":false},"author":62,"featured_media":5959,"comment_status":"closed","ping_status":"closed","sticky":false,"template":"","format":"standard","meta":{"_acf_changed":false,"ep_exclude_from_search":false,"_jetpack_memberships_contains_paid_content":false,"footnotes":""},"categories":[13],"tags":[],"class_list":["post-5958","post","type-post","status-publish","format-standard","has-post-thumbnail","hentry","category-freizeit-und-hobby"],"acf":[],"yoast_head":"<!-- This site is optimized with the Yoast SEO plugin v27.5 - https:\/\/yoast.com\/product\/yoast-seo-wordpress\/ -->\n<title>Kalter Winter - warme H\u00e4nde - elternforen.com - Ratgeber-Magazin<\/title>\n<meta name=\"robots\" content=\"index, follow, max-snippet:-1, max-image-preview:large, max-video-preview:-1\" \/>\n<link rel=\"canonical\" href=\"https:\/\/www.elternforen.com\/Blog\/kalter-winter-warme-haende\/\" \/>\n<meta property=\"og:locale\" content=\"de_DE\" \/>\n<meta property=\"og:type\" content=\"article\" \/>\n<meta property=\"og:title\" content=\"Kalter Winter - warme H\u00e4nde - elternforen.com - Ratgeber-Magazin\" \/>\n<meta property=\"og:description\" content=\"ANZEIGE - Die kalten Tage kommen schneller als man denkt. Die Shorts und T-shirts h\u00e4ngen wieder im Schrank, die dicke Jacke wird wieder raus gekramt. Im Cafe sitzt man wieder drinnen und die Sonne geht auch gef\u00fchlt wieder unter nachdem sie gerade erst aufgegangen ist.&ldquo; Ja der Sommer ist vorbei. Aber auch der Winter kann [&hellip;]\" \/>\n<meta property=\"og:url\" content=\"https:\/\/www.elternforen.com\/Blog\/kalter-winter-warme-haende\/\" \/>\n<meta property=\"og:site_name\" content=\"elternforen.com - Ratgeber-Magazin\" \/>\n<meta property=\"article:published_time\" content=\"2021-11-29T11:29:21+00:00\" \/>\n<meta property=\"og:image\" content=\"https:\/\/www.elternforen.com\/Blog\/wp-content\/uploads\/2021\/11\/folded-hands-987629-scaled.jpg\" \/>\n\t<meta property=\"og:image:width\" content=\"2560\" \/>\n\t<meta property=\"og:image:height\" content=\"1707\" \/>\n\t<meta property=\"og:image:type\" content=\"image\/jpeg\" \/>\n<meta name=\"author\" content=\"redaktion\" \/>\n<meta name=\"twitter:card\" content=\"summary_large_image\" \/>\n<meta name=\"twitter:label1\" content=\"Verfasst von\" \/>\n\t<meta name=\"twitter:data1\" content=\"redaktion\" \/>\n\t<meta name=\"twitter:label2\" content=\"Gesch\u00e4tzte Lesezeit\" \/>\n\t<meta name=\"twitter:data2\" content=\"2\u00a0Minuten\" \/>\n<script type=\"application\/ld+json\" class=\"yoast-schema-graph\">{\"@context\":\"https:\\\/\\\/schema.org\",\"@graph\":[{\"@type\":\"Article\",\"@id\":\"https:\\\/\\\/www.elternforen.com\\\/Blog\\\/kalter-winter-warme-haende\\\/#article\",\"isPartOf\":{\"@id\":\"https:\\\/\\\/www.elternforen.com\\\/Blog\\\/kalter-winter-warme-haende\\\/\"},\"author\":{\"name\":\"redaktion\",\"@id\":\"https:\\\/\\\/www.elternforen.com\\\/Blog\\\/#\\\/schema\\\/person\\\/979a88c5d2ec2beabc8f0e00243558c3\"},\"headline\":\"Kalter Winter &#8211; warme H\u00e4nde\",\"datePublished\":\"2021-11-29T11:29:21+00:00\",\"mainEntityOfPage\":{\"@id\":\"https:\\\/\\\/www.elternforen.com\\\/Blog\\\/kalter-winter-warme-haende\\\/\"},\"wordCount\":408,\"image\":{\"@id\":\"https:\\\/\\\/www.elternforen.com\\\/Blog\\\/kalter-winter-warme-haende\\\/#primaryimage\"},\"thumbnailUrl\":\"https:\\\/\\\/www.elternforen.com\\\/Blog\\\/wp-content\\\/uploads\\\/2021\\\/11\\\/folded-hands-987629-scaled.jpg\",\"articleSection\":[\"Freizeit und Hobby\"],\"inLanguage\":\"de\"},{\"@type\":\"WebPage\",\"@id\":\"https:\\\/\\\/www.elternforen.com\\\/Blog\\\/kalter-winter-warme-haende\\\/\",\"url\":\"https:\\\/\\\/www.elternforen.com\\\/Blog\\\/kalter-winter-warme-haende\\\/\",\"name\":\"Kalter Winter - warme H\u00e4nde - elternforen.com - Ratgeber-Magazin\",\"isPartOf\":{\"@id\":\"https:\\\/\\\/www.elternforen.com\\\/Blog\\\/#website\"},\"primaryImageOfPage\":{\"@id\":\"https:\\\/\\\/www.elternforen.com\\\/Blog\\\/kalter-winter-warme-haende\\\/#primaryimage\"},\"image\":{\"@id\":\"https:\\\/\\\/www.elternforen.com\\\/Blog\\\/kalter-winter-warme-haende\\\/#primaryimage\"},\"thumbnailUrl\":\"https:\\\/\\\/www.elternforen.com\\\/Blog\\\/wp-content\\\/uploads\\\/2021\\\/11\\\/folded-hands-987629-scaled.jpg\",\"datePublished\":\"2021-11-29T11:29:21+00:00\",\"author\":{\"@id\":\"https:\\\/\\\/www.elternforen.com\\\/Blog\\\/#\\\/schema\\\/person\\\/979a88c5d2ec2beabc8f0e00243558c3\"},\"breadcrumb\":{\"@id\":\"https:\\\/\\\/www.elternforen.com\\\/Blog\\\/kalter-winter-warme-haende\\\/#breadcrumb\"},\"inLanguage\":\"de\",\"potentialAction\":[{\"@type\":\"ReadAction\",\"target\":[\"https:\\\/\\\/www.elternforen.com\\\/Blog\\\/kalter-winter-warme-haende\\\/\"]}]},{\"@type\":\"ImageObject\",\"inLanguage\":\"de\",\"@id\":\"https:\\\/\\\/www.elternforen.com\\\/Blog\\\/kalter-winter-warme-haende\\\/#primaryimage\",\"url\":\"https:\\\/\\\/www.elternforen.com\\\/Blog\\\/wp-content\\\/uploads\\\/2021\\\/11\\\/folded-hands-987629-scaled.jpg\",\"contentUrl\":\"https:\\\/\\\/www.elternforen.com\\\/Blog\\\/wp-content\\\/uploads\\\/2021\\\/11\\\/folded-hands-987629-scaled.jpg\",\"width\":2560,\"height\":1707},{\"@type\":\"BreadcrumbList\",\"@id\":\"https:\\\/\\\/www.elternforen.com\\\/Blog\\\/kalter-winter-warme-haende\\\/#breadcrumb\",\"itemListElement\":[{\"@type\":\"ListItem\",\"position\":1,\"name\":\"Home\",\"item\":\"https:\\\/\\\/www.elternforen.com\\\/Blog\\\/\"},{\"@type\":\"ListItem\",\"position\":2,\"name\":\"Kalter Winter &#8211; warme H\u00c3\u00a4nde\"}]},{\"@type\":\"WebSite\",\"@id\":\"https:\\\/\\\/www.elternforen.com\\\/Blog\\\/#website\",\"url\":\"https:\\\/\\\/www.elternforen.com\\\/Blog\\\/\",\"name\":\"elternforen.com - Ratgeber-Magazin\",\"description\":\"Der Blog \u00fcber Familie, Schwangerschaft, Babys und Kinder\",\"potentialAction\":[{\"@type\":\"SearchAction\",\"target\":{\"@type\":\"EntryPoint\",\"urlTemplate\":\"https:\\\/\\\/www.elternforen.com\\\/Blog\\\/?s={search_term_string}\"},\"query-input\":{\"@type\":\"PropertyValueSpecification\",\"valueRequired\":true,\"valueName\":\"search_term_string\"}}],\"inLanguage\":\"de\"},{\"@type\":\"Person\",\"@id\":\"https:\\\/\\\/www.elternforen.com\\\/Blog\\\/#\\\/schema\\\/person\\\/979a88c5d2ec2beabc8f0e00243558c3\",\"name\":\"redaktion\",\"url\":\"https:\\\/\\\/www.elternforen.com\\\/Blog\\\/author\\\/stefan\\\/\"}]}<\/script>\n<!-- \/ Yoast SEO plugin. -->","yoast_head_json":{"title":"Kalter Winter - warme H\u00e4nde - elternforen.com - Ratgeber-Magazin","robots":{"index":"index","follow":"follow","max-snippet":"max-snippet:-1","max-image-preview":"max-image-preview:large","max-video-preview":"max-video-preview:-1"},"canonical":"https:\/\/www.elternforen.com\/Blog\/kalter-winter-warme-haende\/","og_locale":"de_DE","og_type":"article","og_title":"Kalter Winter - warme H\u00e4nde - elternforen.com - Ratgeber-Magazin","og_description":"ANZEIGE - Die kalten Tage kommen schneller als man denkt. Die Shorts und T-shirts h\u00e4ngen wieder im Schrank, die dicke Jacke wird wieder raus gekramt. Im Cafe sitzt man wieder drinnen und die Sonne geht auch gef\u00fchlt wieder unter nachdem sie gerade erst aufgegangen ist.&ldquo; Ja der Sommer ist vorbei. Aber auch der Winter kann [&hellip;]","og_url":"https:\/\/www.elternforen.com\/Blog\/kalter-winter-warme-haende\/","og_site_name":"elternforen.com - Ratgeber-Magazin","article_published_time":"2021-11-29T11:29:21+00:00","og_image":[{"width":2560,"height":1707,"url":"https:\/\/www.elternforen.com\/Blog\/wp-content\/uploads\/2021\/11\/folded-hands-987629-scaled.jpg","type":"image\/jpeg"}],"author":"redaktion","twitter_card":"summary_large_image","twitter_misc":{"Verfasst von":"redaktion","Gesch\u00e4tzte Lesezeit":"2\u00a0Minuten"},"schema":{"@context":"https:\/\/schema.org","@graph":[{"@type":"Article","@id":"https:\/\/www.elternforen.com\/Blog\/kalter-winter-warme-haende\/#article","isPartOf":{"@id":"https:\/\/www.elternforen.com\/Blog\/kalter-winter-warme-haende\/"},"author":{"name":"redaktion","@id":"https:\/\/www.elternforen.com\/Blog\/#\/schema\/person\/979a88c5d2ec2beabc8f0e00243558c3"},"headline":"Kalter Winter &#8211; warme H\u00e4nde","datePublished":"2021-11-29T11:29:21+00:00","mainEntityOfPage":{"@id":"https:\/\/www.elternforen.com\/Blog\/kalter-winter-warme-haende\/"},"wordCount":408,"image":{"@id":"https:\/\/www.elternforen.com\/Blog\/kalter-winter-warme-haende\/#primaryimage"},"thumbnailUrl":"https:\/\/www.elternforen.com\/Blog\/wp-content\/uploads\/2021\/11\/folded-hands-987629-scaled.jpg","articleSection":["Freizeit und Hobby"],"inLanguage":"de"},{"@type":"WebPage","@id":"https:\/\/www.elternforen.com\/Blog\/kalter-winter-warme-haende\/","url":"https:\/\/www.elternforen.com\/Blog\/kalter-winter-warme-haende\/","name":"Kalter Winter - warme H\u00e4nde - elternforen.com - Ratgeber-Magazin","isPartOf":{"@id":"https:\/\/www.elternforen.com\/Blog\/#website"},"primaryImageOfPage":{"@id":"https:\/\/www.elternforen.com\/Blog\/kalter-winter-warme-haende\/#primaryimage"},"image":{"@id":"https:\/\/www.elternforen.com\/Blog\/kalter-winter-warme-haende\/#primaryimage"},"thumbnailUrl":"https:\/\/www.elternforen.com\/Blog\/wp-content\/uploads\/2021\/11\/folded-hands-987629-scaled.jpg","datePublished":"2021-11-29T11:29:21+00:00","author":{"@id":"https:\/\/www.elternforen.com\/Blog\/#\/schema\/person\/979a88c5d2ec2beabc8f0e00243558c3"},"breadcrumb":{"@id":"https:\/\/www.elternforen.com\/Blog\/kalter-winter-warme-haende\/#breadcrumb"},"inLanguage":"de","potentialAction":[{"@type":"ReadAction","target":["https:\/\/www.elternforen.com\/Blog\/kalter-winter-warme-haende\/"]}]},{"@type":"ImageObject","inLanguage":"de","@id":"https:\/\/www.elternforen.com\/Blog\/kalter-winter-warme-haende\/#primaryimage","url":"https:\/\/www.elternforen.com\/Blog\/wp-content\/uploads\/2021\/11\/folded-hands-987629-scaled.jpg","contentUrl":"https:\/\/www.elternforen.com\/Blog\/wp-content\/uploads\/2021\/11\/folded-hands-987629-scaled.jpg","width":2560,"height":1707},{"@type":"BreadcrumbList","@id":"https:\/\/www.elternforen.com\/Blog\/kalter-winter-warme-haende\/#breadcrumb","itemListElement":[{"@type":"ListItem","position":1,"name":"Home","item":"https:\/\/www.elternforen.com\/Blog\/"},{"@type":"ListItem","position":2,"name":"Kalter Winter &#8211; warme H\u00c3\u00a4nde"}]},{"@type":"WebSite","@id":"https:\/\/www.elternforen.com\/Blog\/#website","url":"https:\/\/www.elternforen.com\/Blog\/","name":"elternforen.com - Ratgeber-Magazin","description":"Der Blog \u00fcber Familie, Schwangerschaft, Babys und Kinder","potentialAction":[{"@type":"SearchAction","target":{"@type":"EntryPoint","urlTemplate":"https:\/\/www.elternforen.com\/Blog\/?s={search_term_string}"},"query-input":{"@type":"PropertyValueSpecification","valueRequired":true,"valueName":"search_term_string"}}],"inLanguage":"de"},{"@type":"Person","@id":"https:\/\/www.elternforen.com\/Blog\/#\/schema\/person\/979a88c5d2ec2beabc8f0e00243558c3","name":"redaktion","url":"https:\/\/www.elternforen.com\/Blog\/author\/stefan\/"}]}},"jetpack_featured_media_url":"https:\/\/www.elternforen.com\/Blog\/wp-content\/uploads\/2021\/11\/folded-hands-987629-scaled.jpg","jetpack_sharing_enabled":true,"_links":{"self":[{"href":"https:\/\/www.elternforen.com\/Blog\/wp-json\/wp\/v2\/posts\/5958","targetHints":{"allow":["GET"]}}],"collection":[{"href":"https:\/\/www.elternforen.com\/Blog\/wp-json\/wp\/v2\/posts"}],"about":[{"href":"https:\/\/www.elternforen.com\/Blog\/wp-json\/wp\/v2\/types\/post"}],"author":[{"embeddable":true,"href":"https:\/\/www.elternforen.com\/Blog\/wp-json\/wp\/v2\/users\/62"}],"replies":[{"embeddable":true,"href":"https:\/\/www.elternforen.com\/Blog\/wp-json\/wp\/v2\/comments?post=5958"}],"version-history":[{"count":1,"href":"https:\/\/www.elternforen.com\/Blog\/wp-json\/wp\/v2\/posts\/5958\/revisions"}],"predecessor-version":[{"id":5960,"href":"https:\/\/www.elternforen.com\/Blog\/wp-json\/wp\/v2\/posts\/5958\/revisions\/5960"}],"wp:featuredmedia":[{"embeddable":true,"href":"https:\/\/www.elternforen.com\/Blog\/wp-json\/wp\/v2\/media\/5959"}],"wp:attachment":[{"href":"https:\/\/www.elternforen.com\/Blog\/wp-json\/wp\/v2\/media?parent=5958"}],"wp:term":[{"taxonomy":"category","embeddable":true,"href":"https:\/\/www.elternforen.com\/Blog\/wp-json\/wp\/v2\/categories?post=5958"},{"taxonomy":"post_tag","embeddable":true,"href":"https:\/\/www.elternforen.com\/Blog\/wp-json\/wp\/v2\/tags?post=5958"}],"curies":[{"name":"wp","href":"https:\/\/api.w.org\/{rel}","templated":true}]}}