{"id":6027,"date":"2021-12-08T06:23:01","date_gmt":"2021-12-08T05:23:01","guid":{"rendered":"https:\/\/www.elternforen.com\/Blog\/?p=6027"},"modified":"2021-12-08T06:24:55","modified_gmt":"2021-12-08T05:24:55","slug":"die-erstausstattung-fuer-den-kindergarten-6027","status":"publish","type":"post","link":"https:\/\/www.elternforen.com\/Blog\/die-erstausstattung-fuer-den-kindergarten-6027\/","title":{"rendered":"Die Erstausstattung f\u00fcr den Kindergarten"},"content":{"rendered":"ANZEIGE - <p>Der Beginn des Kindergartens ist f\u00fcr viele Eltern das erste Mal, dass sie den Nachwuchs f\u00fcr einige Stunden aus der Hand geben und &#8218;alleine&#8216; auf die gro\u00dfe weite Welt zulassen. W\u00e4hrend das in der Regel mit gemischten Gef\u00fchlen einhergeht, kann man f\u00fcr ein etwas besseres Gef\u00fchl zumindest auf die passende Erstausstattung achten. Wenn die Kinder richtig auf den Kindergarten vorbereitet und daf\u00fcr ausger\u00fcstet sind, wird es nicht nur f\u00fcr sie eine einfache Erfahrung am Anfang, sondern es hilft allen Beteiligten.<\/p>\n<h2>Vom Babyzubeh\u00f6r zur Tasche f\u00fcr den Kindergarten<\/h2>\n<p>Nat\u00fcrlich geht es auch beim Einkauf f\u00fcr den ersten eigenen Rucksack vor allem um eine gewisse Robustheit. Der Kindergarten ist Spiel und Toben und genau so muss ein Kind auch f\u00fcr die Besuche ausgestattet sein. Ausreichend Kleidung f\u00fcr den Spa\u00df an der frischen ist eigentlich ebenso eine Selbstverst\u00e4ndlichkeit wie m\u00f6glichst wenig zerbrechliche Gegenst\u00e4nde f\u00fcr den Alltag. Ein guter Rucksack oder Ranzen ist hier schon die halbe Miete, da er in der Regel wenigstens einige der Dinge sch\u00fctzen kann, die jeden Tag mit in den Kindergarten oder die Schule genommen werden k\u00f6nnen. Es ist besser auf ein bisschen Qualit\u00e4t zu setzen, da diese gerade bei solchen Produkten sich langfristig auszahlt und verhindert, dass jedes Jahr eine neue Tasche gekauft werden muss.<\/p>\n<p>Selbst solche Details wie die Lunchbox f\u00fcr Kinder k\u00f6nnen bei der Erfahrung Kindergarten eine wichtige Rolle spielen. Gemeinsam den Snack f\u00fcr den n\u00e4chsten Tag zuzubereiten und ihn mit der eigenen <a href=\"https:\/\/bumpli.de\/products\/lunchbox-brotdose\">Lunchbox f\u00fcr Kinder<\/a> mitgeben ist ein wichtiger Schritt hin zu mehr Selbstst\u00e4ndigkeit und kann dar\u00fcber hinaus ein tolles Ritual werden. Mit einer guten Lunchbox, die ein bisschen was von den Abenteuern des eigenen Nachwuchses aush\u00e4lt, kann man auch hier sicher sein, dass der Spa\u00df lange anh\u00e4lt. Zu teuer sollte sie aber auch nicht sein &#8211; gerade solche Dinge wie Lunchboxen haben die seltsame Eigenschaft, irgendwann einmal zu verschwinden und nicht wieder aufzutauchen.<\/p>\n<h2>Zubeh\u00f6r f\u00fcr den Nachwuchs g\u00fcnstig im Internet kaufen<\/h2>\n<p>Was sich vor allem recht schnell bemerken l\u00e4sst, sind die Kosten rund um all diese Dine. Eine Erstausstattung f\u00fcr den Kindergarten kann schon einmal deutlich auf dem Konto bemerkbar sein &#8211; besonders dann, wenn man bedenkt, dass diese Dinge in der Regel nach einigen Jahren wieder ausgetauscht werden m\u00fcssen. Es kann sich daher f\u00fcr Eltern durchaus lohnen, wenn sie gute aber g\u00fcnstige Angebote aus dem Internet in Anspruch nehmen. Dort finden sich H\u00e4ndler, die vom <a href=\"https:\/\/bumpli.de\">Baby Zubeh\u00f6r<\/a> bis zum Schulranzen oder eben der Lunchbox faire Preise f\u00fcr qualitativ hochwertige Waren anbieten. Durch die Expertise vieler kleinerer Marken, bei denen die Waren noch von Eltern f\u00fcr Eltern produziert werden, werden dar\u00fcber hinaus viele Tipps mit an die Hand gegeben. Die preislichen Vorteile beim Einkauf im Internet machen dar\u00fcber hinaus die Ausstattung f\u00fcr den Kindergarten gleich etwas erschwinglicher.<\/p>\n","protected":false},"excerpt":{"rendered":"<p>ANZEIGE &#8211; Der Beginn des Kindergartens ist f\u00fcr viele Eltern das erste Mal, dass sie den Nachwuchs f\u00fcr einige Stunden aus der Hand geben und &#8218;alleine&#8216; auf die gro\u00dfe weite Welt zulassen. W\u00e4hrend das in der Regel mit gemischten Gef\u00fchlen einhergeht, kann man f\u00fcr ein etwas besseres Gef\u00fchl zumindest auf die passende Erstausstattung achten. Wenn [&hellip;]<\/p>\n","protected":false},"author":62,"featured_media":6028,"comment_status":"closed","ping_status":"closed","sticky":false,"template":"","format":"standard","meta":{"_acf_changed":false,"ep_exclude_from_search":false,"_jetpack_memberships_contains_paid_content":false,"footnotes":""},"categories":[9],"tags":[],"class_list":["post-6027","post","type-post","status-publish","format-standard","has-post-thumbnail","hentry","category-kinder"],"acf":[],"yoast_head":"<!-- This site is optimized with the Yoast SEO plugin v27.5 - https:\/\/yoast.com\/product\/yoast-seo-wordpress\/ -->\n<title>Die Erstausstattung f\u00fcr den Kindergarten - elternforen.com - Ratgeber-Magazin<\/title>\n<meta name=\"robots\" content=\"index, follow, max-snippet:-1, max-image-preview:large, max-video-preview:-1\" \/>\n<link rel=\"canonical\" href=\"https:\/\/www.elternforen.com\/Blog\/die-erstausstattung-fuer-den-kindergarten\/\" \/>\n<meta property=\"og:locale\" content=\"de_DE\" \/>\n<meta property=\"og:type\" content=\"article\" \/>\n<meta property=\"og:title\" content=\"Die Erstausstattung f\u00fcr den Kindergarten - elternforen.com - Ratgeber-Magazin\" \/>\n<meta property=\"og:description\" content=\"ANZEIGE - Der Beginn des Kindergartens ist f\u00fcr viele Eltern das erste Mal, dass sie den Nachwuchs f\u00fcr einige Stunden aus der Hand geben und &#8218;alleine&#8216; auf die gro\u00dfe weite Welt zulassen. W\u00e4hrend das in der Regel mit gemischten Gef\u00fchlen einhergeht, kann man f\u00fcr ein etwas besseres Gef\u00fchl zumindest auf die passende Erstausstattung achten. Wenn [&hellip;]\" \/>\n<meta property=\"og:url\" content=\"https:\/\/www.elternforen.com\/Blog\/die-erstausstattung-fuer-den-kindergarten\/\" \/>\n<meta property=\"og:site_name\" content=\"elternforen.com - Ratgeber-Magazin\" \/>\n<meta property=\"article:published_time\" content=\"2021-12-08T05:23:01+00:00\" \/>\n<meta property=\"article:modified_time\" content=\"2021-12-08T05:24:55+00:00\" \/>\n<meta property=\"og:image\" content=\"https:\/\/www.elternforen.com\/Blog\/wp-content\/uploads\/2021\/12\/gautam-arora-78Ae6N7rNvI-unsplash-scaled.jpg\" \/>\n\t<meta property=\"og:image:width\" content=\"2560\" \/>\n\t<meta property=\"og:image:height\" content=\"1707\" \/>\n\t<meta property=\"og:image:type\" content=\"image\/jpeg\" \/>\n<meta name=\"author\" content=\"redaktion\" \/>\n<meta name=\"twitter:card\" content=\"summary_large_image\" \/>\n<meta name=\"twitter:label1\" content=\"Verfasst von\" \/>\n\t<meta name=\"twitter:data1\" content=\"redaktion\" \/>\n\t<meta name=\"twitter:label2\" content=\"Gesch\u00e4tzte Lesezeit\" \/>\n\t<meta name=\"twitter:data2\" content=\"3\u00a0Minuten\" \/>\n<script type=\"application\/ld+json\" class=\"yoast-schema-graph\">{\"@context\":\"https:\\\/\\\/schema.org\",\"@graph\":[{\"@type\":\"Article\",\"@id\":\"https:\\\/\\\/www.elternforen.com\\\/Blog\\\/die-erstausstattung-fuer-den-kindergarten\\\/#article\",\"isPartOf\":{\"@id\":\"https:\\\/\\\/www.elternforen.com\\\/Blog\\\/die-erstausstattung-fuer-den-kindergarten\\\/\"},\"author\":{\"name\":\"redaktion\",\"@id\":\"https:\\\/\\\/www.elternforen.com\\\/Blog\\\/#\\\/schema\\\/person\\\/979a88c5d2ec2beabc8f0e00243558c3\"},\"headline\":\"Die Erstausstattung f\u00fcr den Kindergarten\",\"datePublished\":\"2021-12-08T05:23:01+00:00\",\"dateModified\":\"2021-12-08T05:24:55+00:00\",\"mainEntityOfPage\":{\"@id\":\"https:\\\/\\\/www.elternforen.com\\\/Blog\\\/die-erstausstattung-fuer-den-kindergarten\\\/\"},\"wordCount\":506,\"image\":{\"@id\":\"https:\\\/\\\/www.elternforen.com\\\/Blog\\\/die-erstausstattung-fuer-den-kindergarten\\\/#primaryimage\"},\"thumbnailUrl\":\"https:\\\/\\\/www.elternforen.com\\\/Blog\\\/wp-content\\\/uploads\\\/2021\\\/12\\\/gautam-arora-78Ae6N7rNvI-unsplash-scaled.jpg\",\"articleSection\":[\"Kinder\"],\"inLanguage\":\"de\"},{\"@type\":\"WebPage\",\"@id\":\"https:\\\/\\\/www.elternforen.com\\\/Blog\\\/die-erstausstattung-fuer-den-kindergarten\\\/\",\"url\":\"https:\\\/\\\/www.elternforen.com\\\/Blog\\\/die-erstausstattung-fuer-den-kindergarten\\\/\",\"name\":\"Die Erstausstattung f\u00fcr den Kindergarten - elternforen.com - Ratgeber-Magazin\",\"isPartOf\":{\"@id\":\"https:\\\/\\\/www.elternforen.com\\\/Blog\\\/#website\"},\"primaryImageOfPage\":{\"@id\":\"https:\\\/\\\/www.elternforen.com\\\/Blog\\\/die-erstausstattung-fuer-den-kindergarten\\\/#primaryimage\"},\"image\":{\"@id\":\"https:\\\/\\\/www.elternforen.com\\\/Blog\\\/die-erstausstattung-fuer-den-kindergarten\\\/#primaryimage\"},\"thumbnailUrl\":\"https:\\\/\\\/www.elternforen.com\\\/Blog\\\/wp-content\\\/uploads\\\/2021\\\/12\\\/gautam-arora-78Ae6N7rNvI-unsplash-scaled.jpg\",\"datePublished\":\"2021-12-08T05:23:01+00:00\",\"dateModified\":\"2021-12-08T05:24:55+00:00\",\"author\":{\"@id\":\"https:\\\/\\\/www.elternforen.com\\\/Blog\\\/#\\\/schema\\\/person\\\/979a88c5d2ec2beabc8f0e00243558c3\"},\"breadcrumb\":{\"@id\":\"https:\\\/\\\/www.elternforen.com\\\/Blog\\\/die-erstausstattung-fuer-den-kindergarten\\\/#breadcrumb\"},\"inLanguage\":\"de\",\"potentialAction\":[{\"@type\":\"ReadAction\",\"target\":[\"https:\\\/\\\/www.elternforen.com\\\/Blog\\\/die-erstausstattung-fuer-den-kindergarten\\\/\"]}]},{\"@type\":\"ImageObject\",\"inLanguage\":\"de\",\"@id\":\"https:\\\/\\\/www.elternforen.com\\\/Blog\\\/die-erstausstattung-fuer-den-kindergarten\\\/#primaryimage\",\"url\":\"https:\\\/\\\/www.elternforen.com\\\/Blog\\\/wp-content\\\/uploads\\\/2021\\\/12\\\/gautam-arora-78Ae6N7rNvI-unsplash-scaled.jpg\",\"contentUrl\":\"https:\\\/\\\/www.elternforen.com\\\/Blog\\\/wp-content\\\/uploads\\\/2021\\\/12\\\/gautam-arora-78Ae6N7rNvI-unsplash-scaled.jpg\",\"width\":2560,\"height\":1707},{\"@type\":\"BreadcrumbList\",\"@id\":\"https:\\\/\\\/www.elternforen.com\\\/Blog\\\/die-erstausstattung-fuer-den-kindergarten\\\/#breadcrumb\",\"itemListElement\":[{\"@type\":\"ListItem\",\"position\":1,\"name\":\"Home\",\"item\":\"https:\\\/\\\/www.elternforen.com\\\/Blog\\\/\"},{\"@type\":\"ListItem\",\"position\":2,\"name\":\"Die Erstausstattung f\u00c3\u00bcr den Kindergarten\"}]},{\"@type\":\"WebSite\",\"@id\":\"https:\\\/\\\/www.elternforen.com\\\/Blog\\\/#website\",\"url\":\"https:\\\/\\\/www.elternforen.com\\\/Blog\\\/\",\"name\":\"elternforen.com - Ratgeber-Magazin\",\"description\":\"Der Blog \u00fcber Familie, Schwangerschaft, Babys und Kinder\",\"potentialAction\":[{\"@type\":\"SearchAction\",\"target\":{\"@type\":\"EntryPoint\",\"urlTemplate\":\"https:\\\/\\\/www.elternforen.com\\\/Blog\\\/?s={search_term_string}\"},\"query-input\":{\"@type\":\"PropertyValueSpecification\",\"valueRequired\":true,\"valueName\":\"search_term_string\"}}],\"inLanguage\":\"de\"},{\"@type\":\"Person\",\"@id\":\"https:\\\/\\\/www.elternforen.com\\\/Blog\\\/#\\\/schema\\\/person\\\/979a88c5d2ec2beabc8f0e00243558c3\",\"name\":\"redaktion\",\"url\":\"https:\\\/\\\/www.elternforen.com\\\/Blog\\\/author\\\/stefan\\\/\"}]}<\/script>\n<!-- \/ Yoast SEO plugin. -->","yoast_head_json":{"title":"Die Erstausstattung f\u00fcr den Kindergarten - elternforen.com - Ratgeber-Magazin","robots":{"index":"index","follow":"follow","max-snippet":"max-snippet:-1","max-image-preview":"max-image-preview:large","max-video-preview":"max-video-preview:-1"},"canonical":"https:\/\/www.elternforen.com\/Blog\/die-erstausstattung-fuer-den-kindergarten\/","og_locale":"de_DE","og_type":"article","og_title":"Die Erstausstattung f\u00fcr den Kindergarten - elternforen.com - Ratgeber-Magazin","og_description":"ANZEIGE - Der Beginn des Kindergartens ist f\u00fcr viele Eltern das erste Mal, dass sie den Nachwuchs f\u00fcr einige Stunden aus der Hand geben und &#8218;alleine&#8216; auf die gro\u00dfe weite Welt zulassen. W\u00e4hrend das in der Regel mit gemischten Gef\u00fchlen einhergeht, kann man f\u00fcr ein etwas besseres Gef\u00fchl zumindest auf die passende Erstausstattung achten. Wenn [&hellip;]","og_url":"https:\/\/www.elternforen.com\/Blog\/die-erstausstattung-fuer-den-kindergarten\/","og_site_name":"elternforen.com - Ratgeber-Magazin","article_published_time":"2021-12-08T05:23:01+00:00","article_modified_time":"2021-12-08T05:24:55+00:00","og_image":[{"width":2560,"height":1707,"url":"https:\/\/www.elternforen.com\/Blog\/wp-content\/uploads\/2021\/12\/gautam-arora-78Ae6N7rNvI-unsplash-scaled.jpg","type":"image\/jpeg"}],"author":"redaktion","twitter_card":"summary_large_image","twitter_misc":{"Verfasst von":"redaktion","Gesch\u00e4tzte Lesezeit":"3\u00a0Minuten"},"schema":{"@context":"https:\/\/schema.org","@graph":[{"@type":"Article","@id":"https:\/\/www.elternforen.com\/Blog\/die-erstausstattung-fuer-den-kindergarten\/#article","isPartOf":{"@id":"https:\/\/www.elternforen.com\/Blog\/die-erstausstattung-fuer-den-kindergarten\/"},"author":{"name":"redaktion","@id":"https:\/\/www.elternforen.com\/Blog\/#\/schema\/person\/979a88c5d2ec2beabc8f0e00243558c3"},"headline":"Die Erstausstattung f\u00fcr den Kindergarten","datePublished":"2021-12-08T05:23:01+00:00","dateModified":"2021-12-08T05:24:55+00:00","mainEntityOfPage":{"@id":"https:\/\/www.elternforen.com\/Blog\/die-erstausstattung-fuer-den-kindergarten\/"},"wordCount":506,"image":{"@id":"https:\/\/www.elternforen.com\/Blog\/die-erstausstattung-fuer-den-kindergarten\/#primaryimage"},"thumbnailUrl":"https:\/\/www.elternforen.com\/Blog\/wp-content\/uploads\/2021\/12\/gautam-arora-78Ae6N7rNvI-unsplash-scaled.jpg","articleSection":["Kinder"],"inLanguage":"de"},{"@type":"WebPage","@id":"https:\/\/www.elternforen.com\/Blog\/die-erstausstattung-fuer-den-kindergarten\/","url":"https:\/\/www.elternforen.com\/Blog\/die-erstausstattung-fuer-den-kindergarten\/","name":"Die Erstausstattung f\u00fcr den Kindergarten - elternforen.com - Ratgeber-Magazin","isPartOf":{"@id":"https:\/\/www.elternforen.com\/Blog\/#website"},"primaryImageOfPage":{"@id":"https:\/\/www.elternforen.com\/Blog\/die-erstausstattung-fuer-den-kindergarten\/#primaryimage"},"image":{"@id":"https:\/\/www.elternforen.com\/Blog\/die-erstausstattung-fuer-den-kindergarten\/#primaryimage"},"thumbnailUrl":"https:\/\/www.elternforen.com\/Blog\/wp-content\/uploads\/2021\/12\/gautam-arora-78Ae6N7rNvI-unsplash-scaled.jpg","datePublished":"2021-12-08T05:23:01+00:00","dateModified":"2021-12-08T05:24:55+00:00","author":{"@id":"https:\/\/www.elternforen.com\/Blog\/#\/schema\/person\/979a88c5d2ec2beabc8f0e00243558c3"},"breadcrumb":{"@id":"https:\/\/www.elternforen.com\/Blog\/die-erstausstattung-fuer-den-kindergarten\/#breadcrumb"},"inLanguage":"de","potentialAction":[{"@type":"ReadAction","target":["https:\/\/www.elternforen.com\/Blog\/die-erstausstattung-fuer-den-kindergarten\/"]}]},{"@type":"ImageObject","inLanguage":"de","@id":"https:\/\/www.elternforen.com\/Blog\/die-erstausstattung-fuer-den-kindergarten\/#primaryimage","url":"https:\/\/www.elternforen.com\/Blog\/wp-content\/uploads\/2021\/12\/gautam-arora-78Ae6N7rNvI-unsplash-scaled.jpg","contentUrl":"https:\/\/www.elternforen.com\/Blog\/wp-content\/uploads\/2021\/12\/gautam-arora-78Ae6N7rNvI-unsplash-scaled.jpg","width":2560,"height":1707},{"@type":"BreadcrumbList","@id":"https:\/\/www.elternforen.com\/Blog\/die-erstausstattung-fuer-den-kindergarten\/#breadcrumb","itemListElement":[{"@type":"ListItem","position":1,"name":"Home","item":"https:\/\/www.elternforen.com\/Blog\/"},{"@type":"ListItem","position":2,"name":"Die Erstausstattung f\u00c3\u00bcr den Kindergarten"}]},{"@type":"WebSite","@id":"https:\/\/www.elternforen.com\/Blog\/#website","url":"https:\/\/www.elternforen.com\/Blog\/","name":"elternforen.com - Ratgeber-Magazin","description":"Der Blog \u00fcber Familie, Schwangerschaft, Babys und Kinder","potentialAction":[{"@type":"SearchAction","target":{"@type":"EntryPoint","urlTemplate":"https:\/\/www.elternforen.com\/Blog\/?s={search_term_string}"},"query-input":{"@type":"PropertyValueSpecification","valueRequired":true,"valueName":"search_term_string"}}],"inLanguage":"de"},{"@type":"Person","@id":"https:\/\/www.elternforen.com\/Blog\/#\/schema\/person\/979a88c5d2ec2beabc8f0e00243558c3","name":"redaktion","url":"https:\/\/www.elternforen.com\/Blog\/author\/stefan\/"}]}},"jetpack_featured_media_url":"https:\/\/www.elternforen.com\/Blog\/wp-content\/uploads\/2021\/12\/gautam-arora-78Ae6N7rNvI-unsplash-scaled.jpg","jetpack_sharing_enabled":true,"_links":{"self":[{"href":"https:\/\/www.elternforen.com\/Blog\/wp-json\/wp\/v2\/posts\/6027","targetHints":{"allow":["GET"]}}],"collection":[{"href":"https:\/\/www.elternforen.com\/Blog\/wp-json\/wp\/v2\/posts"}],"about":[{"href":"https:\/\/www.elternforen.com\/Blog\/wp-json\/wp\/v2\/types\/post"}],"author":[{"embeddable":true,"href":"https:\/\/www.elternforen.com\/Blog\/wp-json\/wp\/v2\/users\/62"}],"replies":[{"embeddable":true,"href":"https:\/\/www.elternforen.com\/Blog\/wp-json\/wp\/v2\/comments?post=6027"}],"version-history":[{"count":2,"href":"https:\/\/www.elternforen.com\/Blog\/wp-json\/wp\/v2\/posts\/6027\/revisions"}],"predecessor-version":[{"id":6030,"href":"https:\/\/www.elternforen.com\/Blog\/wp-json\/wp\/v2\/posts\/6027\/revisions\/6030"}],"wp:featuredmedia":[{"embeddable":true,"href":"https:\/\/www.elternforen.com\/Blog\/wp-json\/wp\/v2\/media\/6028"}],"wp:attachment":[{"href":"https:\/\/www.elternforen.com\/Blog\/wp-json\/wp\/v2\/media?parent=6027"}],"wp:term":[{"taxonomy":"category","embeddable":true,"href":"https:\/\/www.elternforen.com\/Blog\/wp-json\/wp\/v2\/categories?post=6027"},{"taxonomy":"post_tag","embeddable":true,"href":"https:\/\/www.elternforen.com\/Blog\/wp-json\/wp\/v2\/tags?post=6027"}],"curies":[{"name":"wp","href":"https:\/\/api.w.org\/{rel}","templated":true}]}}