{"id":8717,"date":"2022-02-07T10:29:55","date_gmt":"2022-02-07T09:29:55","guid":{"rendered":"https:\/\/www.elternforen.com\/Blog\/?p=6138"},"modified":"2022-02-07T10:29:55","modified_gmt":"2022-02-07T09:29:55","slug":"kuehlen-kopf-bewahren-wie-das-kinderzimmer-im-sommer-ertraeglich-wird-6138","status":"publish","type":"post","link":"https:\/\/www.elternforen.com\/Blog\/kuehlen-kopf-bewahren-wie-das-kinderzimmer-im-sommer-ertraeglich-wird-6138\/","title":{"rendered":"K\u00fchlen Kopf bewahren: Wie das Kinderzimmer im Sommer ertr\u00e4glich wird"},"content":{"rendered":"ANZEIGE - <p>Die Energie von Kindern kann auf Eltern \u00fcberaus belebend wirken. Wer mit dem Nachwuchs spielt, sich mit ihnen besch\u00e4ftigt und eine Auge auf ihn hat, wird keine Zeit zum rasten haben. Gerade im Sommer ist das aber eine Aufgabe, die einen buchst\u00e4blich zum Schwitzen bringen kann. Das Kinderzimmer ist in der Regel das Zentrum der Aktivit\u00e4t und genau hier sp\u00fcrt man auch die Hitze, die durchs toben und durch Spiel und Spa\u00df entsteht. Am Abend wird es dann problematisch, da nicht nur die Eltern Schwierigkeiten haben, bei der Hitze einen erholsamen Schlaf nach einem langen Tag zu finden. Es gibt aber M\u00f6glichkeiten, wie man dieses Problem bek\u00e4mpfen kann.<\/p>\n<h2>Tipps f\u00fcr den Sommer: Das Kinderzimmer k\u00fchl halten<\/h2>\n<p>Wer nicht gut schl\u00e4ft, wird am n\u00e4chsten Tag nicht nur weniger produktiv sein, sondern hat dar\u00fcber hinaus oftmals eine Laune, mit der man eigentlich gar nicht aufstehen m\u00f6chte. Das gilt nicht nur f\u00fcr die Erwachsenen, die sich auf den Weg zur Arbeit machen m\u00fcssen, sondern nat\u00fcrlich auch f\u00fcr die Kinder, die im Kindergarten oder in der Schule ihre Zeit verbringen. Damit das Kinderzimmer am Abend nicht nur zur Qual wird &#8211; was die Temperaturen angeht &#8211; gilt es schon den Tag \u00fcber vorzusorgen und f\u00fcr <a href=\"https:\/\/www.elternforen.com\/Blog\/freizeit-und-hobby\/tropische-temperaturen-mitten-im-herbst-auf-ins-freizeitbad-443\/\">angenehme Temperaturen<\/a> zu sorgen. Das klappt beispielsweise durch konsequente Verdunklung.<\/p>\n<p>Ebenso wie in anderen R\u00e4umen, sollte darauf geachtet werden, dass es die Sonne nicht in den Raum schafft. Am fr\u00fchen Morgen sollte einmal scharf durchgel\u00fcftet werden, solange die Hitze es noch nicht in die Luft geschafft hat. W\u00e4hrend des Tages ist mit der Dunkelheit dann daf\u00fcr gesorgt, dass der Raum sich deutlich weniger schnell aufheizen kann. Vielleicht verlagert man die Aktivit\u00e4ten in dieser Zeit auch raus aus dem Zimmer, nutzt lieber die Zeit an der frischen Luft oder plant einen Ausflug. So wird es ganz automatisch am Abend angenehmer im Raum sein.<\/p>\n<h2>Technische Hilfsmittel sorgen f\u00fcr eine stetige Abk\u00fchlung<\/h2>\n<p>Man kann zwar vielen Tipps folgen, die versprechen, dass man den Raum k\u00fchl halten kann &#8211; am Ende sind es aber in der Regel die technischen Hilfsmittel, die f\u00fcr das beste Ergebnis sorgen. Ventilatoren und Klimaanlagen sind auch in Deutschland inzwischen voll im Trend und k\u00f6nnen f\u00fcr eine bessere Zirkulation der Luft sorgen und dar\u00fcber hinaus die warme Luft aus dem Zimmer blasen. Eine <a href=\"https:\/\/mobileklimaanlage.de\/\">mobile Klimaanlage<\/a> d\u00fcrfte f\u00fcr das Kinderzimmer die beste Wahl sein. Sie werden einfach am Fenster angebracht und pusten die warme Luft aus dem Raum nach drau\u00dfen. Das kann sowohl tags\u00fcber passieren als auch in der Nacht, da die modernen Modelle recht leise sind und daher nicht beim schlafen st\u00f6ren.<\/p>\n<p>Das Investment in eine oder zwei Klimaanlagen f\u00fcr die eigene Wohnung oder den Topf wird sich in jedem Fall lohnen. Da die Sommer in Deutschland immer anstrengender und w\u00e4rmer werden, ist es an der Zeit daf\u00fcr zu sorgen, dass man besser durch diese Zeit kommt. Mit diesen technischen Hilfsmitteln wird nicht nur das Kinderzimmer zu einem angenehmeren Ort <a href=\"https:\/\/praxistipps.focus.de\/zimmer-im-sommer-kuehlen-die-besten-tipps_44059\">in der warmen Jahreszeit<\/a>, sondern nat\u00fcrlich auch die anderen R\u00e4ume im Haushalt.<\/p>\n","protected":false},"excerpt":{"rendered":"<p>ANZEIGE &#8211; Die Energie von Kindern kann auf Eltern \u00fcberaus belebend wirken. Wer mit dem Nachwuchs spielt, sich mit ihnen besch\u00e4ftigt und eine Auge auf ihn hat, wird keine Zeit zum rasten haben. Gerade im Sommer ist das aber eine Aufgabe, die einen buchst\u00e4blich zum Schwitzen bringen kann. Das Kinderzimmer ist in der Regel das [&hellip;]<\/p>\n","protected":false},"author":62,"featured_media":8718,"comment_status":"closed","ping_status":"closed","sticky":false,"template":"","format":"standard","meta":{"_acf_changed":false,"ep_exclude_from_search":false,"_jetpack_memberships_contains_paid_content":false,"footnotes":""},"categories":[9],"tags":[],"class_list":["post-8717","post","type-post","status-publish","format-standard","has-post-thumbnail","hentry","category-kinder"],"acf":[],"yoast_head":"<!-- This site is optimized with the Yoast SEO plugin v27.5 - https:\/\/yoast.com\/product\/yoast-seo-wordpress\/ -->\n<title>K\u00fchlen Kopf bewahren: Wie das Kinderzimmer im Sommer ertr\u00e4glich wird - elternforen.com - Ratgeber-Magazin<\/title>\n<meta name=\"robots\" content=\"index, follow, max-snippet:-1, max-image-preview:large, max-video-preview:-1\" \/>\n<link rel=\"canonical\" href=\"https:\/\/www.elternforen.com\/Blog\/kuehlen-kopf-bewahren-wie-das-kinderzimmer-im-sommer-ertraeglich-wird-6138\/\" \/>\n<meta property=\"og:locale\" content=\"de_DE\" \/>\n<meta property=\"og:type\" content=\"article\" \/>\n<meta property=\"og:title\" content=\"K\u00fchlen Kopf bewahren: Wie das Kinderzimmer im Sommer ertr\u00e4glich wird - elternforen.com - Ratgeber-Magazin\" \/>\n<meta property=\"og:description\" content=\"ANZEIGE - Die Energie von Kindern kann auf Eltern \u00fcberaus belebend wirken. Wer mit dem Nachwuchs spielt, sich mit ihnen besch\u00e4ftigt und eine Auge auf ihn hat, wird keine Zeit zum rasten haben. Gerade im Sommer ist das aber eine Aufgabe, die einen buchst\u00e4blich zum Schwitzen bringen kann. Das Kinderzimmer ist in der Regel das [&hellip;]\" \/>\n<meta property=\"og:url\" content=\"https:\/\/www.elternforen.com\/Blog\/kuehlen-kopf-bewahren-wie-das-kinderzimmer-im-sommer-ertraeglich-wird-6138\/\" \/>\n<meta property=\"og:site_name\" content=\"elternforen.com - Ratgeber-Magazin\" \/>\n<meta property=\"article:published_time\" content=\"2022-02-07T09:29:55+00:00\" \/>\n<meta property=\"og:image\" content=\"https:\/\/www.elternforen.com\/Blog\/wp-content\/uploads\/2022\/02\/kids-5022349-scaled.jpg\" \/>\n\t<meta property=\"og:image:width\" content=\"2560\" \/>\n\t<meta property=\"og:image:height\" content=\"1702\" \/>\n\t<meta property=\"og:image:type\" content=\"image\/jpeg\" \/>\n<meta name=\"author\" content=\"redaktion\" \/>\n<meta name=\"twitter:card\" content=\"summary_large_image\" \/>\n<meta name=\"twitter:label1\" content=\"Verfasst von\" \/>\n\t<meta name=\"twitter:data1\" content=\"redaktion\" \/>\n\t<meta name=\"twitter:label2\" content=\"Gesch\u00e4tzte Lesezeit\" \/>\n\t<meta name=\"twitter:data2\" content=\"3\u00a0Minuten\" \/>\n<script type=\"application\/ld+json\" class=\"yoast-schema-graph\">{\"@context\":\"https:\\\/\\\/schema.org\",\"@graph\":[{\"@type\":\"Article\",\"@id\":\"https:\\\/\\\/www.elternforen.com\\\/Blog\\\/kuehlen-kopf-bewahren-wie-das-kinderzimmer-im-sommer-ertraeglich-wird-6138\\\/#article\",\"isPartOf\":{\"@id\":\"https:\\\/\\\/www.elternforen.com\\\/Blog\\\/kuehlen-kopf-bewahren-wie-das-kinderzimmer-im-sommer-ertraeglich-wird-6138\\\/\"},\"author\":{\"name\":\"redaktion\",\"@id\":\"https:\\\/\\\/www.elternforen.com\\\/Blog\\\/#\\\/schema\\\/person\\\/979a88c5d2ec2beabc8f0e00243558c3\"},\"headline\":\"K\u00fchlen Kopf bewahren: Wie das Kinderzimmer im Sommer ertr\u00e4glich wird\",\"datePublished\":\"2022-02-07T09:29:55+00:00\",\"mainEntityOfPage\":{\"@id\":\"https:\\\/\\\/www.elternforen.com\\\/Blog\\\/kuehlen-kopf-bewahren-wie-das-kinderzimmer-im-sommer-ertraeglich-wird-6138\\\/\"},\"wordCount\":545,\"image\":{\"@id\":\"https:\\\/\\\/www.elternforen.com\\\/Blog\\\/kuehlen-kopf-bewahren-wie-das-kinderzimmer-im-sommer-ertraeglich-wird-6138\\\/#primaryimage\"},\"thumbnailUrl\":\"https:\\\/\\\/www.elternforen.com\\\/Blog\\\/wp-content\\\/uploads\\\/2022\\\/02\\\/kids-5022349-scaled.jpg\",\"articleSection\":[\"Kinder\"],\"inLanguage\":\"de\"},{\"@type\":\"WebPage\",\"@id\":\"https:\\\/\\\/www.elternforen.com\\\/Blog\\\/kuehlen-kopf-bewahren-wie-das-kinderzimmer-im-sommer-ertraeglich-wird-6138\\\/\",\"url\":\"https:\\\/\\\/www.elternforen.com\\\/Blog\\\/kuehlen-kopf-bewahren-wie-das-kinderzimmer-im-sommer-ertraeglich-wird-6138\\\/\",\"name\":\"K\u00fchlen Kopf bewahren: Wie das Kinderzimmer im Sommer ertr\u00e4glich wird - elternforen.com - Ratgeber-Magazin\",\"isPartOf\":{\"@id\":\"https:\\\/\\\/www.elternforen.com\\\/Blog\\\/#website\"},\"primaryImageOfPage\":{\"@id\":\"https:\\\/\\\/www.elternforen.com\\\/Blog\\\/kuehlen-kopf-bewahren-wie-das-kinderzimmer-im-sommer-ertraeglich-wird-6138\\\/#primaryimage\"},\"image\":{\"@id\":\"https:\\\/\\\/www.elternforen.com\\\/Blog\\\/kuehlen-kopf-bewahren-wie-das-kinderzimmer-im-sommer-ertraeglich-wird-6138\\\/#primaryimage\"},\"thumbnailUrl\":\"https:\\\/\\\/www.elternforen.com\\\/Blog\\\/wp-content\\\/uploads\\\/2022\\\/02\\\/kids-5022349-scaled.jpg\",\"datePublished\":\"2022-02-07T09:29:55+00:00\",\"author\":{\"@id\":\"https:\\\/\\\/www.elternforen.com\\\/Blog\\\/#\\\/schema\\\/person\\\/979a88c5d2ec2beabc8f0e00243558c3\"},\"breadcrumb\":{\"@id\":\"https:\\\/\\\/www.elternforen.com\\\/Blog\\\/kuehlen-kopf-bewahren-wie-das-kinderzimmer-im-sommer-ertraeglich-wird-6138\\\/#breadcrumb\"},\"inLanguage\":\"de\",\"potentialAction\":[{\"@type\":\"ReadAction\",\"target\":[\"https:\\\/\\\/www.elternforen.com\\\/Blog\\\/kuehlen-kopf-bewahren-wie-das-kinderzimmer-im-sommer-ertraeglich-wird-6138\\\/\"]}]},{\"@type\":\"ImageObject\",\"inLanguage\":\"de\",\"@id\":\"https:\\\/\\\/www.elternforen.com\\\/Blog\\\/kuehlen-kopf-bewahren-wie-das-kinderzimmer-im-sommer-ertraeglich-wird-6138\\\/#primaryimage\",\"url\":\"https:\\\/\\\/www.elternforen.com\\\/Blog\\\/wp-content\\\/uploads\\\/2022\\\/02\\\/kids-5022349-scaled.jpg\",\"contentUrl\":\"https:\\\/\\\/www.elternforen.com\\\/Blog\\\/wp-content\\\/uploads\\\/2022\\\/02\\\/kids-5022349-scaled.jpg\",\"width\":2560,\"height\":1702},{\"@type\":\"BreadcrumbList\",\"@id\":\"https:\\\/\\\/www.elternforen.com\\\/Blog\\\/kuehlen-kopf-bewahren-wie-das-kinderzimmer-im-sommer-ertraeglich-wird-6138\\\/#breadcrumb\",\"itemListElement\":[{\"@type\":\"ListItem\",\"position\":1,\"name\":\"Home\",\"item\":\"https:\\\/\\\/www.elternforen.com\\\/Blog\\\/\"},{\"@type\":\"ListItem\",\"position\":2,\"name\":\"K\u00fchlen Kopf bewahren: Wie das Kinderzimmer im Sommer ertr\u00e4glich wird\"}]},{\"@type\":\"WebSite\",\"@id\":\"https:\\\/\\\/www.elternforen.com\\\/Blog\\\/#website\",\"url\":\"https:\\\/\\\/www.elternforen.com\\\/Blog\\\/\",\"name\":\"elternforen.com - Ratgeber-Magazin\",\"description\":\"Der Blog \u00fcber Familie, Schwangerschaft, Babys und Kinder\",\"potentialAction\":[{\"@type\":\"SearchAction\",\"target\":{\"@type\":\"EntryPoint\",\"urlTemplate\":\"https:\\\/\\\/www.elternforen.com\\\/Blog\\\/?s={search_term_string}\"},\"query-input\":{\"@type\":\"PropertyValueSpecification\",\"valueRequired\":true,\"valueName\":\"search_term_string\"}}],\"inLanguage\":\"de\"},{\"@type\":\"Person\",\"@id\":\"https:\\\/\\\/www.elternforen.com\\\/Blog\\\/#\\\/schema\\\/person\\\/979a88c5d2ec2beabc8f0e00243558c3\",\"name\":\"redaktion\",\"url\":\"https:\\\/\\\/www.elternforen.com\\\/Blog\\\/author\\\/stefan\\\/\"}]}<\/script>\n<!-- \/ Yoast SEO plugin. -->","yoast_head_json":{"title":"K\u00fchlen Kopf bewahren: Wie das Kinderzimmer im Sommer ertr\u00e4glich wird - elternforen.com - Ratgeber-Magazin","robots":{"index":"index","follow":"follow","max-snippet":"max-snippet:-1","max-image-preview":"max-image-preview:large","max-video-preview":"max-video-preview:-1"},"canonical":"https:\/\/www.elternforen.com\/Blog\/kuehlen-kopf-bewahren-wie-das-kinderzimmer-im-sommer-ertraeglich-wird-6138\/","og_locale":"de_DE","og_type":"article","og_title":"K\u00fchlen Kopf bewahren: Wie das Kinderzimmer im Sommer ertr\u00e4glich wird - elternforen.com - Ratgeber-Magazin","og_description":"ANZEIGE - Die Energie von Kindern kann auf Eltern \u00fcberaus belebend wirken. Wer mit dem Nachwuchs spielt, sich mit ihnen besch\u00e4ftigt und eine Auge auf ihn hat, wird keine Zeit zum rasten haben. Gerade im Sommer ist das aber eine Aufgabe, die einen buchst\u00e4blich zum Schwitzen bringen kann. Das Kinderzimmer ist in der Regel das [&hellip;]","og_url":"https:\/\/www.elternforen.com\/Blog\/kuehlen-kopf-bewahren-wie-das-kinderzimmer-im-sommer-ertraeglich-wird-6138\/","og_site_name":"elternforen.com - Ratgeber-Magazin","article_published_time":"2022-02-07T09:29:55+00:00","og_image":[{"width":2560,"height":1702,"url":"https:\/\/www.elternforen.com\/Blog\/wp-content\/uploads\/2022\/02\/kids-5022349-scaled.jpg","type":"image\/jpeg"}],"author":"redaktion","twitter_card":"summary_large_image","twitter_misc":{"Verfasst von":"redaktion","Gesch\u00e4tzte Lesezeit":"3\u00a0Minuten"},"schema":{"@context":"https:\/\/schema.org","@graph":[{"@type":"Article","@id":"https:\/\/www.elternforen.com\/Blog\/kuehlen-kopf-bewahren-wie-das-kinderzimmer-im-sommer-ertraeglich-wird-6138\/#article","isPartOf":{"@id":"https:\/\/www.elternforen.com\/Blog\/kuehlen-kopf-bewahren-wie-das-kinderzimmer-im-sommer-ertraeglich-wird-6138\/"},"author":{"name":"redaktion","@id":"https:\/\/www.elternforen.com\/Blog\/#\/schema\/person\/979a88c5d2ec2beabc8f0e00243558c3"},"headline":"K\u00fchlen Kopf bewahren: Wie das Kinderzimmer im Sommer ertr\u00e4glich wird","datePublished":"2022-02-07T09:29:55+00:00","mainEntityOfPage":{"@id":"https:\/\/www.elternforen.com\/Blog\/kuehlen-kopf-bewahren-wie-das-kinderzimmer-im-sommer-ertraeglich-wird-6138\/"},"wordCount":545,"image":{"@id":"https:\/\/www.elternforen.com\/Blog\/kuehlen-kopf-bewahren-wie-das-kinderzimmer-im-sommer-ertraeglich-wird-6138\/#primaryimage"},"thumbnailUrl":"https:\/\/www.elternforen.com\/Blog\/wp-content\/uploads\/2022\/02\/kids-5022349-scaled.jpg","articleSection":["Kinder"],"inLanguage":"de"},{"@type":"WebPage","@id":"https:\/\/www.elternforen.com\/Blog\/kuehlen-kopf-bewahren-wie-das-kinderzimmer-im-sommer-ertraeglich-wird-6138\/","url":"https:\/\/www.elternforen.com\/Blog\/kuehlen-kopf-bewahren-wie-das-kinderzimmer-im-sommer-ertraeglich-wird-6138\/","name":"K\u00fchlen Kopf bewahren: Wie das Kinderzimmer im Sommer ertr\u00e4glich wird - elternforen.com - Ratgeber-Magazin","isPartOf":{"@id":"https:\/\/www.elternforen.com\/Blog\/#website"},"primaryImageOfPage":{"@id":"https:\/\/www.elternforen.com\/Blog\/kuehlen-kopf-bewahren-wie-das-kinderzimmer-im-sommer-ertraeglich-wird-6138\/#primaryimage"},"image":{"@id":"https:\/\/www.elternforen.com\/Blog\/kuehlen-kopf-bewahren-wie-das-kinderzimmer-im-sommer-ertraeglich-wird-6138\/#primaryimage"},"thumbnailUrl":"https:\/\/www.elternforen.com\/Blog\/wp-content\/uploads\/2022\/02\/kids-5022349-scaled.jpg","datePublished":"2022-02-07T09:29:55+00:00","author":{"@id":"https:\/\/www.elternforen.com\/Blog\/#\/schema\/person\/979a88c5d2ec2beabc8f0e00243558c3"},"breadcrumb":{"@id":"https:\/\/www.elternforen.com\/Blog\/kuehlen-kopf-bewahren-wie-das-kinderzimmer-im-sommer-ertraeglich-wird-6138\/#breadcrumb"},"inLanguage":"de","potentialAction":[{"@type":"ReadAction","target":["https:\/\/www.elternforen.com\/Blog\/kuehlen-kopf-bewahren-wie-das-kinderzimmer-im-sommer-ertraeglich-wird-6138\/"]}]},{"@type":"ImageObject","inLanguage":"de","@id":"https:\/\/www.elternforen.com\/Blog\/kuehlen-kopf-bewahren-wie-das-kinderzimmer-im-sommer-ertraeglich-wird-6138\/#primaryimage","url":"https:\/\/www.elternforen.com\/Blog\/wp-content\/uploads\/2022\/02\/kids-5022349-scaled.jpg","contentUrl":"https:\/\/www.elternforen.com\/Blog\/wp-content\/uploads\/2022\/02\/kids-5022349-scaled.jpg","width":2560,"height":1702},{"@type":"BreadcrumbList","@id":"https:\/\/www.elternforen.com\/Blog\/kuehlen-kopf-bewahren-wie-das-kinderzimmer-im-sommer-ertraeglich-wird-6138\/#breadcrumb","itemListElement":[{"@type":"ListItem","position":1,"name":"Home","item":"https:\/\/www.elternforen.com\/Blog\/"},{"@type":"ListItem","position":2,"name":"K\u00fchlen Kopf bewahren: Wie das Kinderzimmer im Sommer ertr\u00e4glich wird"}]},{"@type":"WebSite","@id":"https:\/\/www.elternforen.com\/Blog\/#website","url":"https:\/\/www.elternforen.com\/Blog\/","name":"elternforen.com - Ratgeber-Magazin","description":"Der Blog \u00fcber Familie, Schwangerschaft, Babys und Kinder","potentialAction":[{"@type":"SearchAction","target":{"@type":"EntryPoint","urlTemplate":"https:\/\/www.elternforen.com\/Blog\/?s={search_term_string}"},"query-input":{"@type":"PropertyValueSpecification","valueRequired":true,"valueName":"search_term_string"}}],"inLanguage":"de"},{"@type":"Person","@id":"https:\/\/www.elternforen.com\/Blog\/#\/schema\/person\/979a88c5d2ec2beabc8f0e00243558c3","name":"redaktion","url":"https:\/\/www.elternforen.com\/Blog\/author\/stefan\/"}]}},"jetpack_featured_media_url":"https:\/\/www.elternforen.com\/Blog\/wp-content\/uploads\/2022\/02\/kids-5022349-scaled.jpg","jetpack_sharing_enabled":true,"_links":{"self":[{"href":"https:\/\/www.elternforen.com\/Blog\/wp-json\/wp\/v2\/posts\/8717","targetHints":{"allow":["GET"]}}],"collection":[{"href":"https:\/\/www.elternforen.com\/Blog\/wp-json\/wp\/v2\/posts"}],"about":[{"href":"https:\/\/www.elternforen.com\/Blog\/wp-json\/wp\/v2\/types\/post"}],"author":[{"embeddable":true,"href":"https:\/\/www.elternforen.com\/Blog\/wp-json\/wp\/v2\/users\/62"}],"replies":[{"embeddable":true,"href":"https:\/\/www.elternforen.com\/Blog\/wp-json\/wp\/v2\/comments?post=8717"}],"version-history":[{"count":0,"href":"https:\/\/www.elternforen.com\/Blog\/wp-json\/wp\/v2\/posts\/8717\/revisions"}],"wp:featuredmedia":[{"embeddable":true,"href":"https:\/\/www.elternforen.com\/Blog\/wp-json\/wp\/v2\/media\/8718"}],"wp:attachment":[{"href":"https:\/\/www.elternforen.com\/Blog\/wp-json\/wp\/v2\/media?parent=8717"}],"wp:term":[{"taxonomy":"category","embeddable":true,"href":"https:\/\/www.elternforen.com\/Blog\/wp-json\/wp\/v2\/categories?post=8717"},{"taxonomy":"post_tag","embeddable":true,"href":"https:\/\/www.elternforen.com\/Blog\/wp-json\/wp\/v2\/tags?post=8717"}],"curies":[{"name":"wp","href":"https:\/\/api.w.org\/{rel}","templated":true}]}}