{"id":8796,"date":"2022-04-13T09:30:47","date_gmt":"2022-04-13T07:30:47","guid":{"rendered":"https:\/\/www.elternforen.com\/Blog\/?p=6217"},"modified":"2022-04-13T09:30:47","modified_gmt":"2022-04-13T07:30:47","slug":"was-kinder-keinesfalls-tragen-sollten-6217","status":"publish","type":"post","link":"https:\/\/www.elternforen.com\/Blog\/was-kinder-keinesfalls-tragen-sollten-6217\/","title":{"rendered":"Was Kinder keinesfalls tragen sollten"},"content":{"rendered":"ANZEIGE - <p>Kleidung ist f\u00fcr uns etwas Allt\u00e4gliches und auch Kinder haben h\u00e4ufig bereits ihren eigenen Kopf, wenn es darum geht, was sie tragen m\u00f6chten und was nicht. Diese Entscheidung sollten Eltern aber nicht vollst\u00e4ndig dem Nachwuchs \u00fcberlassen, schlie\u00dflich hat die Wahl der <a href=\"https:\/\/www.elternforen.com\/Blog\/besondere-themen\/fairtrade-kleidung-und-ihre-vorteile-5300\/\">Kleidung<\/a> auch Einfluss auf die Sicherheit des Kindes.<\/p>\n<p>Was es zu beachten gibt, beschreiben wir Ihnen in diesem Artikel.<\/p>\n<h2>Die Farbe der Kleidung<\/h2>\n<p>Schwarz ist eine klassische Farbe und passt bekannterma\u00dfen zu allem. F\u00fcr viele Erwachsene sind dunkel und gedeckte T\u00f6ne daher die Basis f\u00fcr ihre Garderobe. Bei einem Kind sollte man aber auf diese Farbe verzichten, vor allem wenn es drau\u00dfen dunkel ist. Dann kann es n\u00e4mlich verst\u00e4rkt dazu kommen, dass <a href=\"https:\/\/www.elternleben.de\/elternwissen\/baby\/gesundheit-und-ernaehrung\/sicherheit-fuer-dein-kind-im-strassenverkehr\/\">Autofahrer oder andere Verkehrsteilnehmer<\/a> die Kleinen \u00fcbersehen.<\/p>\n<p>Aber auch f\u00fcr die Eltern macht es diese Farbe schwer, die Kinder im Dunkeln im Auge zu behalten. Dazu kommt, dass Kinderpsychologen davon abraten, Kindern schwarze Sachen anzuziehen. Setzen Sie stattdessen lieber auf helle oder bunte Kleidung, welche stimmungsaufhellend wirkt.<\/p>\n<p>Auf der anderen Seite sollten Sie nat\u00fcrlich auf wei\u00dfe Kleidung verzichten, wenn das Kind zum Spielen im Sandkasten verabredet ist.<\/p>\n<h2>Die richtigen Schuhe<\/h2>\n<p>Kinderf\u00fc\u00dfe wachsen schnell und so m\u00fcssen immer wieder neue Schuhe her. Beim Kauf sollten Sie jedoch darauf achten, dass diese keine Abs\u00e4tze haben. Setzen Sie vollst\u00e4ndig auf flache Schuhe, denn die Knochen der Kinder befinden sich im Wachstum und selbst ein kleiner Absatz kann zu Haltungssch\u00e4den und Verformungen f\u00fchren.<\/p>\n<p>Gerade bei j\u00fcngeren Kindern k\u00f6nnen Klettverschl\u00fcsse zudem eine gro\u00dfe Erleichterung darstellen. Mit Schn\u00fcrsenkeln besteht zudem die Gefahr, dass Kinder damit h\u00e4ngen bleiben oder \u00fcber diese stolpern.<\/p>\n<p>Da sich die Schuhgr\u00f6\u00dfe der Kinder schnell ver\u00e4ndert, k\u00f6nnen Eltern <a href=\"https:\/\/vado-shoes.com\/\">bequem Kinderschuhe online kaufen<\/a> und sparen so eine Menge Zeit und oftmals auch Geld. So k\u00f6nnen Sie mehrere Gr\u00f6\u00dfen und verschiedene Modelle bequem von zu Hause aus anprobieren.<\/p>\n<h2>Kordeln und Schn\u00fcre<\/h2>\n<p>Bei Schn\u00fcrungen und Kordeln im Halsbereich, wie beispielsweise bei einem Kapuzenpullover, ist Vorsicht geboten. Beim Toben k\u00f6nnen die Kinder damit h\u00e4ngen bleiben, sich verhaken und sich selber strangulieren. Seit 2006 ist die europ\u00e4ische Norm DIN EN 14682 in Kraft, laut der auf diese Schn\u00fcre und Kordeln im Halsbereich bei Kindern bis zum Alter von 14 Jahren verzichtet werden sollte.<br \/>\nDennoch finden sich Kleidungsst\u00fccke, an denen diese verarbeitet werden. Hier m\u00fcssen Eltern vorsichtig sein.<\/p>\n","protected":false},"excerpt":{"rendered":"<p>ANZEIGE &#8211; Kleidung ist f\u00fcr uns etwas Allt\u00e4gliches und auch Kinder haben h\u00e4ufig bereits ihren eigenen Kopf, wenn es darum geht, was sie tragen m\u00f6chten und was nicht. Diese Entscheidung sollten Eltern aber nicht vollst\u00e4ndig dem Nachwuchs \u00fcberlassen, schlie\u00dflich hat die Wahl der Kleidung auch Einfluss auf die Sicherheit des Kindes. Was es zu beachten [&hellip;]<\/p>\n","protected":false},"author":62,"featured_media":8797,"comment_status":"closed","ping_status":"closed","sticky":false,"template":"","format":"standard","meta":{"_acf_changed":false,"ep_exclude_from_search":false,"_jetpack_memberships_contains_paid_content":false,"footnotes":""},"categories":[9],"tags":[],"class_list":["post-8796","post","type-post","status-publish","format-standard","has-post-thumbnail","hentry","category-kinder"],"acf":[],"yoast_head":"<!-- This site is optimized with the Yoast SEO plugin v27.5 - https:\/\/yoast.com\/product\/yoast-seo-wordpress\/ -->\n<title>Was Kinder keinesfalls tragen sollten - elternforen.com - Ratgeber-Magazin<\/title>\n<meta name=\"robots\" content=\"index, follow, max-snippet:-1, max-image-preview:large, max-video-preview:-1\" \/>\n<link rel=\"canonical\" href=\"https:\/\/www.elternforen.com\/Blog\/was-kinder-keinesfalls-tragen-sollten-6217\/\" \/>\n<meta property=\"og:locale\" content=\"de_DE\" \/>\n<meta property=\"og:type\" content=\"article\" \/>\n<meta property=\"og:title\" content=\"Was Kinder keinesfalls tragen sollten - elternforen.com - Ratgeber-Magazin\" \/>\n<meta property=\"og:description\" content=\"ANZEIGE - Kleidung ist f\u00fcr uns etwas Allt\u00e4gliches und auch Kinder haben h\u00e4ufig bereits ihren eigenen Kopf, wenn es darum geht, was sie tragen m\u00f6chten und was nicht. Diese Entscheidung sollten Eltern aber nicht vollst\u00e4ndig dem Nachwuchs \u00fcberlassen, schlie\u00dflich hat die Wahl der Kleidung auch Einfluss auf die Sicherheit des Kindes. Was es zu beachten [&hellip;]\" \/>\n<meta property=\"og:url\" content=\"https:\/\/www.elternforen.com\/Blog\/was-kinder-keinesfalls-tragen-sollten-6217\/\" \/>\n<meta property=\"og:site_name\" content=\"elternforen.com - Ratgeber-Magazin\" \/>\n<meta property=\"article:published_time\" content=\"2022-04-13T07:30:47+00:00\" \/>\n<meta property=\"og:image\" content=\"https:\/\/www.elternforen.com\/Blog\/wp-content\/uploads\/2022\/04\/jairo-gonzalez-EEN1eiUrZYY-unsplash-scaled.jpg\" \/>\n\t<meta property=\"og:image:width\" content=\"2560\" \/>\n\t<meta property=\"og:image:height\" content=\"2048\" \/>\n\t<meta property=\"og:image:type\" content=\"image\/jpeg\" \/>\n<meta name=\"author\" content=\"redaktion\" \/>\n<meta name=\"twitter:card\" content=\"summary_large_image\" \/>\n<meta name=\"twitter:label1\" content=\"Verfasst von\" \/>\n\t<meta name=\"twitter:data1\" content=\"redaktion\" \/>\n\t<meta name=\"twitter:label2\" content=\"Gesch\u00e4tzte Lesezeit\" \/>\n\t<meta name=\"twitter:data2\" content=\"2\u00a0Minuten\" \/>\n<script type=\"application\/ld+json\" class=\"yoast-schema-graph\">{\"@context\":\"https:\\\/\\\/schema.org\",\"@graph\":[{\"@type\":\"Article\",\"@id\":\"https:\\\/\\\/www.elternforen.com\\\/Blog\\\/was-kinder-keinesfalls-tragen-sollten-6217\\\/#article\",\"isPartOf\":{\"@id\":\"https:\\\/\\\/www.elternforen.com\\\/Blog\\\/was-kinder-keinesfalls-tragen-sollten-6217\\\/\"},\"author\":{\"name\":\"redaktion\",\"@id\":\"https:\\\/\\\/www.elternforen.com\\\/Blog\\\/#\\\/schema\\\/person\\\/979a88c5d2ec2beabc8f0e00243558c3\"},\"headline\":\"Was Kinder keinesfalls tragen sollten\",\"datePublished\":\"2022-04-13T07:30:47+00:00\",\"mainEntityOfPage\":{\"@id\":\"https:\\\/\\\/www.elternforen.com\\\/Blog\\\/was-kinder-keinesfalls-tragen-sollten-6217\\\/\"},\"wordCount\":415,\"image\":{\"@id\":\"https:\\\/\\\/www.elternforen.com\\\/Blog\\\/was-kinder-keinesfalls-tragen-sollten-6217\\\/#primaryimage\"},\"thumbnailUrl\":\"https:\\\/\\\/www.elternforen.com\\\/Blog\\\/wp-content\\\/uploads\\\/2022\\\/04\\\/jairo-gonzalez-EEN1eiUrZYY-unsplash-scaled.jpg\",\"articleSection\":[\"Kinder\"],\"inLanguage\":\"de\"},{\"@type\":\"WebPage\",\"@id\":\"https:\\\/\\\/www.elternforen.com\\\/Blog\\\/was-kinder-keinesfalls-tragen-sollten-6217\\\/\",\"url\":\"https:\\\/\\\/www.elternforen.com\\\/Blog\\\/was-kinder-keinesfalls-tragen-sollten-6217\\\/\",\"name\":\"Was Kinder keinesfalls tragen sollten - elternforen.com - Ratgeber-Magazin\",\"isPartOf\":{\"@id\":\"https:\\\/\\\/www.elternforen.com\\\/Blog\\\/#website\"},\"primaryImageOfPage\":{\"@id\":\"https:\\\/\\\/www.elternforen.com\\\/Blog\\\/was-kinder-keinesfalls-tragen-sollten-6217\\\/#primaryimage\"},\"image\":{\"@id\":\"https:\\\/\\\/www.elternforen.com\\\/Blog\\\/was-kinder-keinesfalls-tragen-sollten-6217\\\/#primaryimage\"},\"thumbnailUrl\":\"https:\\\/\\\/www.elternforen.com\\\/Blog\\\/wp-content\\\/uploads\\\/2022\\\/04\\\/jairo-gonzalez-EEN1eiUrZYY-unsplash-scaled.jpg\",\"datePublished\":\"2022-04-13T07:30:47+00:00\",\"author\":{\"@id\":\"https:\\\/\\\/www.elternforen.com\\\/Blog\\\/#\\\/schema\\\/person\\\/979a88c5d2ec2beabc8f0e00243558c3\"},\"breadcrumb\":{\"@id\":\"https:\\\/\\\/www.elternforen.com\\\/Blog\\\/was-kinder-keinesfalls-tragen-sollten-6217\\\/#breadcrumb\"},\"inLanguage\":\"de\",\"potentialAction\":[{\"@type\":\"ReadAction\",\"target\":[\"https:\\\/\\\/www.elternforen.com\\\/Blog\\\/was-kinder-keinesfalls-tragen-sollten-6217\\\/\"]}]},{\"@type\":\"ImageObject\",\"inLanguage\":\"de\",\"@id\":\"https:\\\/\\\/www.elternforen.com\\\/Blog\\\/was-kinder-keinesfalls-tragen-sollten-6217\\\/#primaryimage\",\"url\":\"https:\\\/\\\/www.elternforen.com\\\/Blog\\\/wp-content\\\/uploads\\\/2022\\\/04\\\/jairo-gonzalez-EEN1eiUrZYY-unsplash-scaled.jpg\",\"contentUrl\":\"https:\\\/\\\/www.elternforen.com\\\/Blog\\\/wp-content\\\/uploads\\\/2022\\\/04\\\/jairo-gonzalez-EEN1eiUrZYY-unsplash-scaled.jpg\",\"width\":2560,\"height\":2048},{\"@type\":\"BreadcrumbList\",\"@id\":\"https:\\\/\\\/www.elternforen.com\\\/Blog\\\/was-kinder-keinesfalls-tragen-sollten-6217\\\/#breadcrumb\",\"itemListElement\":[{\"@type\":\"ListItem\",\"position\":1,\"name\":\"Home\",\"item\":\"https:\\\/\\\/www.elternforen.com\\\/Blog\\\/\"},{\"@type\":\"ListItem\",\"position\":2,\"name\":\"Was Kinder keinesfalls tragen sollten\"}]},{\"@type\":\"WebSite\",\"@id\":\"https:\\\/\\\/www.elternforen.com\\\/Blog\\\/#website\",\"url\":\"https:\\\/\\\/www.elternforen.com\\\/Blog\\\/\",\"name\":\"elternforen.com - Ratgeber-Magazin\",\"description\":\"Der Blog \u00fcber Familie, Schwangerschaft, Babys und Kinder\",\"potentialAction\":[{\"@type\":\"SearchAction\",\"target\":{\"@type\":\"EntryPoint\",\"urlTemplate\":\"https:\\\/\\\/www.elternforen.com\\\/Blog\\\/?s={search_term_string}\"},\"query-input\":{\"@type\":\"PropertyValueSpecification\",\"valueRequired\":true,\"valueName\":\"search_term_string\"}}],\"inLanguage\":\"de\"},{\"@type\":\"Person\",\"@id\":\"https:\\\/\\\/www.elternforen.com\\\/Blog\\\/#\\\/schema\\\/person\\\/979a88c5d2ec2beabc8f0e00243558c3\",\"name\":\"redaktion\",\"url\":\"https:\\\/\\\/www.elternforen.com\\\/Blog\\\/author\\\/stefan\\\/\"}]}<\/script>\n<!-- \/ Yoast SEO plugin. -->","yoast_head_json":{"title":"Was Kinder keinesfalls tragen sollten - elternforen.com - Ratgeber-Magazin","robots":{"index":"index","follow":"follow","max-snippet":"max-snippet:-1","max-image-preview":"max-image-preview:large","max-video-preview":"max-video-preview:-1"},"canonical":"https:\/\/www.elternforen.com\/Blog\/was-kinder-keinesfalls-tragen-sollten-6217\/","og_locale":"de_DE","og_type":"article","og_title":"Was Kinder keinesfalls tragen sollten - elternforen.com - Ratgeber-Magazin","og_description":"ANZEIGE - Kleidung ist f\u00fcr uns etwas Allt\u00e4gliches und auch Kinder haben h\u00e4ufig bereits ihren eigenen Kopf, wenn es darum geht, was sie tragen m\u00f6chten und was nicht. Diese Entscheidung sollten Eltern aber nicht vollst\u00e4ndig dem Nachwuchs \u00fcberlassen, schlie\u00dflich hat die Wahl der Kleidung auch Einfluss auf die Sicherheit des Kindes. Was es zu beachten [&hellip;]","og_url":"https:\/\/www.elternforen.com\/Blog\/was-kinder-keinesfalls-tragen-sollten-6217\/","og_site_name":"elternforen.com - Ratgeber-Magazin","article_published_time":"2022-04-13T07:30:47+00:00","og_image":[{"width":2560,"height":2048,"url":"https:\/\/www.elternforen.com\/Blog\/wp-content\/uploads\/2022\/04\/jairo-gonzalez-EEN1eiUrZYY-unsplash-scaled.jpg","type":"image\/jpeg"}],"author":"redaktion","twitter_card":"summary_large_image","twitter_misc":{"Verfasst von":"redaktion","Gesch\u00e4tzte Lesezeit":"2\u00a0Minuten"},"schema":{"@context":"https:\/\/schema.org","@graph":[{"@type":"Article","@id":"https:\/\/www.elternforen.com\/Blog\/was-kinder-keinesfalls-tragen-sollten-6217\/#article","isPartOf":{"@id":"https:\/\/www.elternforen.com\/Blog\/was-kinder-keinesfalls-tragen-sollten-6217\/"},"author":{"name":"redaktion","@id":"https:\/\/www.elternforen.com\/Blog\/#\/schema\/person\/979a88c5d2ec2beabc8f0e00243558c3"},"headline":"Was Kinder keinesfalls tragen sollten","datePublished":"2022-04-13T07:30:47+00:00","mainEntityOfPage":{"@id":"https:\/\/www.elternforen.com\/Blog\/was-kinder-keinesfalls-tragen-sollten-6217\/"},"wordCount":415,"image":{"@id":"https:\/\/www.elternforen.com\/Blog\/was-kinder-keinesfalls-tragen-sollten-6217\/#primaryimage"},"thumbnailUrl":"https:\/\/www.elternforen.com\/Blog\/wp-content\/uploads\/2022\/04\/jairo-gonzalez-EEN1eiUrZYY-unsplash-scaled.jpg","articleSection":["Kinder"],"inLanguage":"de"},{"@type":"WebPage","@id":"https:\/\/www.elternforen.com\/Blog\/was-kinder-keinesfalls-tragen-sollten-6217\/","url":"https:\/\/www.elternforen.com\/Blog\/was-kinder-keinesfalls-tragen-sollten-6217\/","name":"Was Kinder keinesfalls tragen sollten - elternforen.com - Ratgeber-Magazin","isPartOf":{"@id":"https:\/\/www.elternforen.com\/Blog\/#website"},"primaryImageOfPage":{"@id":"https:\/\/www.elternforen.com\/Blog\/was-kinder-keinesfalls-tragen-sollten-6217\/#primaryimage"},"image":{"@id":"https:\/\/www.elternforen.com\/Blog\/was-kinder-keinesfalls-tragen-sollten-6217\/#primaryimage"},"thumbnailUrl":"https:\/\/www.elternforen.com\/Blog\/wp-content\/uploads\/2022\/04\/jairo-gonzalez-EEN1eiUrZYY-unsplash-scaled.jpg","datePublished":"2022-04-13T07:30:47+00:00","author":{"@id":"https:\/\/www.elternforen.com\/Blog\/#\/schema\/person\/979a88c5d2ec2beabc8f0e00243558c3"},"breadcrumb":{"@id":"https:\/\/www.elternforen.com\/Blog\/was-kinder-keinesfalls-tragen-sollten-6217\/#breadcrumb"},"inLanguage":"de","potentialAction":[{"@type":"ReadAction","target":["https:\/\/www.elternforen.com\/Blog\/was-kinder-keinesfalls-tragen-sollten-6217\/"]}]},{"@type":"ImageObject","inLanguage":"de","@id":"https:\/\/www.elternforen.com\/Blog\/was-kinder-keinesfalls-tragen-sollten-6217\/#primaryimage","url":"https:\/\/www.elternforen.com\/Blog\/wp-content\/uploads\/2022\/04\/jairo-gonzalez-EEN1eiUrZYY-unsplash-scaled.jpg","contentUrl":"https:\/\/www.elternforen.com\/Blog\/wp-content\/uploads\/2022\/04\/jairo-gonzalez-EEN1eiUrZYY-unsplash-scaled.jpg","width":2560,"height":2048},{"@type":"BreadcrumbList","@id":"https:\/\/www.elternforen.com\/Blog\/was-kinder-keinesfalls-tragen-sollten-6217\/#breadcrumb","itemListElement":[{"@type":"ListItem","position":1,"name":"Home","item":"https:\/\/www.elternforen.com\/Blog\/"},{"@type":"ListItem","position":2,"name":"Was Kinder keinesfalls tragen sollten"}]},{"@type":"WebSite","@id":"https:\/\/www.elternforen.com\/Blog\/#website","url":"https:\/\/www.elternforen.com\/Blog\/","name":"elternforen.com - Ratgeber-Magazin","description":"Der Blog \u00fcber Familie, Schwangerschaft, Babys und Kinder","potentialAction":[{"@type":"SearchAction","target":{"@type":"EntryPoint","urlTemplate":"https:\/\/www.elternforen.com\/Blog\/?s={search_term_string}"},"query-input":{"@type":"PropertyValueSpecification","valueRequired":true,"valueName":"search_term_string"}}],"inLanguage":"de"},{"@type":"Person","@id":"https:\/\/www.elternforen.com\/Blog\/#\/schema\/person\/979a88c5d2ec2beabc8f0e00243558c3","name":"redaktion","url":"https:\/\/www.elternforen.com\/Blog\/author\/stefan\/"}]}},"jetpack_featured_media_url":"https:\/\/www.elternforen.com\/Blog\/wp-content\/uploads\/2022\/04\/jairo-gonzalez-EEN1eiUrZYY-unsplash-scaled.jpg","jetpack_sharing_enabled":true,"_links":{"self":[{"href":"https:\/\/www.elternforen.com\/Blog\/wp-json\/wp\/v2\/posts\/8796","targetHints":{"allow":["GET"]}}],"collection":[{"href":"https:\/\/www.elternforen.com\/Blog\/wp-json\/wp\/v2\/posts"}],"about":[{"href":"https:\/\/www.elternforen.com\/Blog\/wp-json\/wp\/v2\/types\/post"}],"author":[{"embeddable":true,"href":"https:\/\/www.elternforen.com\/Blog\/wp-json\/wp\/v2\/users\/62"}],"replies":[{"embeddable":true,"href":"https:\/\/www.elternforen.com\/Blog\/wp-json\/wp\/v2\/comments?post=8796"}],"version-history":[{"count":0,"href":"https:\/\/www.elternforen.com\/Blog\/wp-json\/wp\/v2\/posts\/8796\/revisions"}],"wp:featuredmedia":[{"embeddable":true,"href":"https:\/\/www.elternforen.com\/Blog\/wp-json\/wp\/v2\/media\/8797"}],"wp:attachment":[{"href":"https:\/\/www.elternforen.com\/Blog\/wp-json\/wp\/v2\/media?parent=8796"}],"wp:term":[{"taxonomy":"category","embeddable":true,"href":"https:\/\/www.elternforen.com\/Blog\/wp-json\/wp\/v2\/categories?post=8796"},{"taxonomy":"post_tag","embeddable":true,"href":"https:\/\/www.elternforen.com\/Blog\/wp-json\/wp\/v2\/tags?post=8796"}],"curies":[{"name":"wp","href":"https:\/\/api.w.org\/{rel}","templated":true}]}}