{"id":9661,"date":"2022-10-13T13:48:30","date_gmt":"2022-10-13T11:48:30","guid":{"rendered":"https:\/\/www.elternforen.com\/Blog\/?p=9661"},"modified":"2022-10-13T13:48:30","modified_gmt":"2022-10-13T11:48:30","slug":"kinder-und-kontaktlinsen-passt-das","status":"publish","type":"post","link":"https:\/\/www.elternforen.com\/Blog\/kinder-und-kontaktlinsen-passt-das\/","title":{"rendered":"Kinder und Kontaktlinsen \u2013 passt das?"},"content":{"rendered":"ANZEIGE - <p>Kinder als Brillentr\u00e4ger? Ein normales, allt\u00e4gliches Bild. Aber Kinder als Kontaktlinsentr\u00e4ger sind doch irgendwie eine seltsame Vorstellung, oder nicht? Immerhin kommen Kontaktlinsen mit weitaus mehr Aufwand und Arbeit als nur das Auf- und Absetzen eines Brillengestells \u2013 und irgendwie f\u00fchlen sich Linsen doch wie etwas Erwachsenes an. Oder untersch\u00e4tzen wir unsere Kinder hier, wie so oft?<\/p>\n<p>Etwa ein F\u00fcnftel aller Kinder besitzt eine Sehschw\u00e4che, hat der <a href=\"https:\/\/www.augeninfo.de\/offen\/index.php?themenseite=Junge-Augen-schuetzen--Kinderuntersuchungen\">Berufsverband der Augen\u00e4rzte Deutschlands e.V<\/a> festgestellt \u2013 20% aller Minderj\u00e4hrigen, wobei 60% der Sehfehler von Kindern und Jugendlichen unbehandelt bis ins Erwachsenenalter bleiben und sich bis dahin fest entwickelt und \u00a0festgesetzt hat. Das ist zwar immer noch wesentlich weniger als die stolzen zwei Drittel, oder 67% der Erwachsenenbev\u00f6lkerung, die laut <a href=\"https:\/\/www.zva.de\/brillenstudie\">aktuellster Studie<\/a> eine Sehhilfe tragen, aber immer noch hoch genug. Vor allem, da eine fr\u00fche Erkennung einer Sehschw\u00e4che bei Kindern eben jene Schw\u00e4che sogar noch ausgeglichen werden k\u00f6nnte. Das Sehen ist uns angeboren \u2013 gemeistert wird es allerdings erst etwa im Alter des Schuleintritts. Und da Kinder selbst nicht einsch\u00e4tzen k\u00f6nnen, ob sie denn gut oder schlecht sehen \u2013 ist es an uns Eltern, f\u00fcr Erstdiagnose, Arzt und anschlie\u00dfende Sehhilfe zu sorgen.<\/p>\n<p>Tats\u00e4chlich hat eine <a href=\"https:\/\/www.sciencedirect.com\/science\/article\/pii\/S1367048420302046\">langj\u00e4hrige internationale Studie<\/a> \u00fcber sechs Jahre kurzsichtige Kinder dabei begleitet, den Umgang und <a href=\"https:\/\/www.lenstore.de\/b\/kontaktlinsen\">das Einsetzen von Kontaktlinsen zu erlernen<\/a> und zu beobachten, was die physischen und psychischen Auswirkungen sind. Ihr Fazit? Kinder im Alter von etwa acht Jahren \u2013 also nach Vervollst\u00e4ndigung der nat\u00fcrlichen Entwicklung des Sehorgans \u2013 gehen fantastisch mit der Handhabung der Linsen und ihr Zubeh\u00f6r um, sind verantwortungsbewusst in ihren Routinen und erlebten einen Aufschwung in Selbstbewusstsein und Selbstst\u00e4ndigkeit. Die einzigen Verletzungen und Entz\u00fcndungen in den sechs Jahren im marginalen Bereich waren lediglich auf falsche Handhabung zur\u00fcckzuf\u00fchren. Ein gro\u00dfer Erfolg also \u2013 und Augen\u00f6ffnen. Denn machen wir uns bewusst, dass unsere Augen eines der ersten Organe sind, die \u201eErwachsenengr\u00f6\u00dfe\u201c erreichen (der Grund, weshalb Kleinstkinderaugen so gro\u00df auf uns wirken!), macht es Sinn, das Linsen auch auf Kinderaugen passen. Keine Gefahr also von der medizinischen Sicht der Dinge. Die Frage, die wir allerdings f\u00fcr uns (oder eher: unser Kind) beantworten m\u00fcssen, ist: Ist mein Kind verantwortungsbewusst genug?<\/p>\n<p>Kontaktlinsen \u2013 wie eingangs erw\u00e4hnt \u2013 brauchen eine strikte Routine. Ohne korrekte Handhabung und vor allem Reinigung der Linsen besteht die Gefahr von Infektionen und Entz\u00fcndungen verschiedener Parts der Augen \u2013 etwas, das wir definitiv nicht wollen. Was bei unserem Kind also Voraussetzung sein muss, ist ein verantwortungsbewusster Charakter. Kann ich mich darauf verlassen, dass mein Kind Aufgaben pflichtbewusst erf\u00fcllt? Versteht mein Kind die Risiken? Zu sehen ist das Ganze schon im existierenden Alltag. Werden die Z\u00e4hne zuverl\u00e4ssig geputzt? Erledigt mein Kind Dinge, die ich ihm auftrage? Und schlie\u00dflich die Frage, <em>warum <\/em>mein Kind Linsen tragen m\u00f6chte \u2013 ein gutes Gespr\u00e4ch, Hinterfragen und Aufkl\u00e4ren im Vornerein kann Sorgen und Unklarheiten auf beiden Seiten erf\u00fcllen.<\/p>\n<p>Aber warum das Ganze eigentlich, Brillen funktionieren doch? Kontaktlinsen kommen, im Gegensatz zur Standardsehhilfe, mit gravierenden Vorz\u00fcgen, vor allem im Kinderalter. Vor allem die Barrieren, die bei k\u00f6rperlicher Verausgabung ansonsten existieren w\u00fcrden, werden eliminiert. Ballspiele oder Toben beispielsweise, beides fundamentale Aktivit\u00e4ten f\u00fcr K\u00f6rper- und Sozialentwicklung, sind pl\u00f6tzlich wieder ohne Hindernisse, extra Aufpassen und Zur\u00fcckhalten m\u00f6glich \u2013 ganz zu schweigen vom vollen, uneingeschr\u00e4nkten Blickfeld, das eine Brille nicht bieten kann. Und auch die im Teenageralter wichtige Entwicklung des eigenen Ichs, der Pers\u00f6nlichkeit, wird mit einer unsichtbaren Sehhilfe und zumindest etwas vereinfacht. Wer mehr \u00fcber die M\u00f6glichkeit von Kontaktlinsen f\u00fcr Kinder erfahren m\u00f6chte, dem kann (und sollte!) der Kinderarzt und Optiker alle weiteren Fragen beantworten k\u00f6nnen.<\/p>\n","protected":false},"excerpt":{"rendered":"<p>ANZEIGE &#8211; Kinder als Brillentr\u00e4ger? Ein normales, allt\u00e4gliches Bild. Aber Kinder als Kontaktlinsentr\u00e4ger sind doch irgendwie eine seltsame Vorstellung, oder nicht? Immerhin kommen Kontaktlinsen mit weitaus mehr Aufwand und Arbeit als nur das Auf- und Absetzen eines Brillengestells \u2013 und irgendwie f\u00fchlen sich Linsen doch wie etwas Erwachsenes an. Oder untersch\u00e4tzen wir unsere Kinder hier, [&hellip;]<\/p>\n","protected":false},"author":62,"featured_media":9662,"comment_status":"closed","ping_status":"closed","sticky":false,"template":"","format":"standard","meta":{"_acf_changed":false,"ep_exclude_from_search":false,"_jetpack_memberships_contains_paid_content":false,"footnotes":""},"categories":[9],"tags":[],"class_list":["post-9661","post","type-post","status-publish","format-standard","has-post-thumbnail","hentry","category-kinder"],"acf":[],"yoast_head":"<!-- This site is optimized with the Yoast SEO plugin v27.5 - https:\/\/yoast.com\/product\/yoast-seo-wordpress\/ -->\n<title>Kinder und Kontaktlinsen \u2013 passt das? - elternforen.com - Ratgeber-Magazin<\/title>\n<meta name=\"robots\" content=\"index, follow, max-snippet:-1, max-image-preview:large, max-video-preview:-1\" \/>\n<link rel=\"canonical\" href=\"https:\/\/www.elternforen.com\/Blog\/kinder-und-kontaktlinsen-passt-das\/\" \/>\n<meta property=\"og:locale\" content=\"de_DE\" \/>\n<meta property=\"og:type\" content=\"article\" \/>\n<meta property=\"og:title\" content=\"Kinder und Kontaktlinsen \u2013 passt das? - elternforen.com - Ratgeber-Magazin\" \/>\n<meta property=\"og:description\" content=\"ANZEIGE - Kinder als Brillentr\u00e4ger? Ein normales, allt\u00e4gliches Bild. Aber Kinder als Kontaktlinsentr\u00e4ger sind doch irgendwie eine seltsame Vorstellung, oder nicht? Immerhin kommen Kontaktlinsen mit weitaus mehr Aufwand und Arbeit als nur das Auf- und Absetzen eines Brillengestells \u2013 und irgendwie f\u00fchlen sich Linsen doch wie etwas Erwachsenes an. Oder untersch\u00e4tzen wir unsere Kinder hier, [&hellip;]\" \/>\n<meta property=\"og:url\" content=\"https:\/\/www.elternforen.com\/Blog\/kinder-und-kontaktlinsen-passt-das\/\" \/>\n<meta property=\"og:site_name\" content=\"elternforen.com - Ratgeber-Magazin\" \/>\n<meta property=\"article:published_time\" content=\"2022-10-13T11:48:30+00:00\" \/>\n<meta property=\"og:image\" content=\"https:\/\/www.elternforen.com\/Blog\/wp-content\/uploads\/2022\/10\/girl-1281616-scaled.jpg\" \/>\n\t<meta property=\"og:image:width\" content=\"2560\" \/>\n\t<meta property=\"og:image:height\" content=\"1707\" \/>\n\t<meta property=\"og:image:type\" content=\"image\/jpeg\" \/>\n<meta name=\"author\" content=\"redaktion\" \/>\n<meta name=\"twitter:card\" content=\"summary_large_image\" \/>\n<meta name=\"twitter:label1\" content=\"Verfasst von\" \/>\n\t<meta name=\"twitter:data1\" content=\"redaktion\" \/>\n\t<meta name=\"twitter:label2\" content=\"Gesch\u00e4tzte Lesezeit\" \/>\n\t<meta name=\"twitter:data2\" content=\"4\u00a0Minuten\" \/>\n<script type=\"application\/ld+json\" class=\"yoast-schema-graph\">{\"@context\":\"https:\\\/\\\/schema.org\",\"@graph\":[{\"@type\":\"Article\",\"@id\":\"https:\\\/\\\/www.elternforen.com\\\/Blog\\\/kinder-und-kontaktlinsen-passt-das\\\/#article\",\"isPartOf\":{\"@id\":\"https:\\\/\\\/www.elternforen.com\\\/Blog\\\/kinder-und-kontaktlinsen-passt-das\\\/\"},\"author\":{\"name\":\"redaktion\",\"@id\":\"https:\\\/\\\/www.elternforen.com\\\/Blog\\\/#\\\/schema\\\/person\\\/979a88c5d2ec2beabc8f0e00243558c3\"},\"headline\":\"Kinder und Kontaktlinsen \u2013 passt das?\",\"datePublished\":\"2022-10-13T11:48:30+00:00\",\"mainEntityOfPage\":{\"@id\":\"https:\\\/\\\/www.elternforen.com\\\/Blog\\\/kinder-und-kontaktlinsen-passt-das\\\/\"},\"wordCount\":626,\"image\":{\"@id\":\"https:\\\/\\\/www.elternforen.com\\\/Blog\\\/kinder-und-kontaktlinsen-passt-das\\\/#primaryimage\"},\"thumbnailUrl\":\"https:\\\/\\\/www.elternforen.com\\\/Blog\\\/wp-content\\\/uploads\\\/2022\\\/10\\\/girl-1281616-scaled.jpg\",\"articleSection\":[\"Kinder\"],\"inLanguage\":\"de\"},{\"@type\":\"WebPage\",\"@id\":\"https:\\\/\\\/www.elternforen.com\\\/Blog\\\/kinder-und-kontaktlinsen-passt-das\\\/\",\"url\":\"https:\\\/\\\/www.elternforen.com\\\/Blog\\\/kinder-und-kontaktlinsen-passt-das\\\/\",\"name\":\"Kinder und Kontaktlinsen \u2013 passt das? - elternforen.com - Ratgeber-Magazin\",\"isPartOf\":{\"@id\":\"https:\\\/\\\/www.elternforen.com\\\/Blog\\\/#website\"},\"primaryImageOfPage\":{\"@id\":\"https:\\\/\\\/www.elternforen.com\\\/Blog\\\/kinder-und-kontaktlinsen-passt-das\\\/#primaryimage\"},\"image\":{\"@id\":\"https:\\\/\\\/www.elternforen.com\\\/Blog\\\/kinder-und-kontaktlinsen-passt-das\\\/#primaryimage\"},\"thumbnailUrl\":\"https:\\\/\\\/www.elternforen.com\\\/Blog\\\/wp-content\\\/uploads\\\/2022\\\/10\\\/girl-1281616-scaled.jpg\",\"datePublished\":\"2022-10-13T11:48:30+00:00\",\"author\":{\"@id\":\"https:\\\/\\\/www.elternforen.com\\\/Blog\\\/#\\\/schema\\\/person\\\/979a88c5d2ec2beabc8f0e00243558c3\"},\"breadcrumb\":{\"@id\":\"https:\\\/\\\/www.elternforen.com\\\/Blog\\\/kinder-und-kontaktlinsen-passt-das\\\/#breadcrumb\"},\"inLanguage\":\"de\",\"potentialAction\":[{\"@type\":\"ReadAction\",\"target\":[\"https:\\\/\\\/www.elternforen.com\\\/Blog\\\/kinder-und-kontaktlinsen-passt-das\\\/\"]}]},{\"@type\":\"ImageObject\",\"inLanguage\":\"de\",\"@id\":\"https:\\\/\\\/www.elternforen.com\\\/Blog\\\/kinder-und-kontaktlinsen-passt-das\\\/#primaryimage\",\"url\":\"https:\\\/\\\/www.elternforen.com\\\/Blog\\\/wp-content\\\/uploads\\\/2022\\\/10\\\/girl-1281616-scaled.jpg\",\"contentUrl\":\"https:\\\/\\\/www.elternforen.com\\\/Blog\\\/wp-content\\\/uploads\\\/2022\\\/10\\\/girl-1281616-scaled.jpg\",\"width\":2560,\"height\":1707,\"caption\":\"Kind mit Brille, Bild: Pixabay\"},{\"@type\":\"BreadcrumbList\",\"@id\":\"https:\\\/\\\/www.elternforen.com\\\/Blog\\\/kinder-und-kontaktlinsen-passt-das\\\/#breadcrumb\",\"itemListElement\":[{\"@type\":\"ListItem\",\"position\":1,\"name\":\"Home\",\"item\":\"https:\\\/\\\/www.elternforen.com\\\/Blog\\\/\"},{\"@type\":\"ListItem\",\"position\":2,\"name\":\"Kinder und Kontaktlinsen \u2013 passt das?\"}]},{\"@type\":\"WebSite\",\"@id\":\"https:\\\/\\\/www.elternforen.com\\\/Blog\\\/#website\",\"url\":\"https:\\\/\\\/www.elternforen.com\\\/Blog\\\/\",\"name\":\"elternforen.com - Ratgeber-Magazin\",\"description\":\"Der Blog \u00fcber Familie, Schwangerschaft, Babys und Kinder\",\"potentialAction\":[{\"@type\":\"SearchAction\",\"target\":{\"@type\":\"EntryPoint\",\"urlTemplate\":\"https:\\\/\\\/www.elternforen.com\\\/Blog\\\/?s={search_term_string}\"},\"query-input\":{\"@type\":\"PropertyValueSpecification\",\"valueRequired\":true,\"valueName\":\"search_term_string\"}}],\"inLanguage\":\"de\"},{\"@type\":\"Person\",\"@id\":\"https:\\\/\\\/www.elternforen.com\\\/Blog\\\/#\\\/schema\\\/person\\\/979a88c5d2ec2beabc8f0e00243558c3\",\"name\":\"redaktion\",\"url\":\"https:\\\/\\\/www.elternforen.com\\\/Blog\\\/author\\\/stefan\\\/\"}]}<\/script>\n<!-- \/ Yoast SEO plugin. -->","yoast_head_json":{"title":"Kinder und Kontaktlinsen \u2013 passt das? - elternforen.com - Ratgeber-Magazin","robots":{"index":"index","follow":"follow","max-snippet":"max-snippet:-1","max-image-preview":"max-image-preview:large","max-video-preview":"max-video-preview:-1"},"canonical":"https:\/\/www.elternforen.com\/Blog\/kinder-und-kontaktlinsen-passt-das\/","og_locale":"de_DE","og_type":"article","og_title":"Kinder und Kontaktlinsen \u2013 passt das? - elternforen.com - Ratgeber-Magazin","og_description":"ANZEIGE - Kinder als Brillentr\u00e4ger? Ein normales, allt\u00e4gliches Bild. Aber Kinder als Kontaktlinsentr\u00e4ger sind doch irgendwie eine seltsame Vorstellung, oder nicht? Immerhin kommen Kontaktlinsen mit weitaus mehr Aufwand und Arbeit als nur das Auf- und Absetzen eines Brillengestells \u2013 und irgendwie f\u00fchlen sich Linsen doch wie etwas Erwachsenes an. Oder untersch\u00e4tzen wir unsere Kinder hier, [&hellip;]","og_url":"https:\/\/www.elternforen.com\/Blog\/kinder-und-kontaktlinsen-passt-das\/","og_site_name":"elternforen.com - Ratgeber-Magazin","article_published_time":"2022-10-13T11:48:30+00:00","og_image":[{"width":2560,"height":1707,"url":"https:\/\/www.elternforen.com\/Blog\/wp-content\/uploads\/2022\/10\/girl-1281616-scaled.jpg","type":"image\/jpeg"}],"author":"redaktion","twitter_card":"summary_large_image","twitter_misc":{"Verfasst von":"redaktion","Gesch\u00e4tzte Lesezeit":"4\u00a0Minuten"},"schema":{"@context":"https:\/\/schema.org","@graph":[{"@type":"Article","@id":"https:\/\/www.elternforen.com\/Blog\/kinder-und-kontaktlinsen-passt-das\/#article","isPartOf":{"@id":"https:\/\/www.elternforen.com\/Blog\/kinder-und-kontaktlinsen-passt-das\/"},"author":{"name":"redaktion","@id":"https:\/\/www.elternforen.com\/Blog\/#\/schema\/person\/979a88c5d2ec2beabc8f0e00243558c3"},"headline":"Kinder und Kontaktlinsen \u2013 passt das?","datePublished":"2022-10-13T11:48:30+00:00","mainEntityOfPage":{"@id":"https:\/\/www.elternforen.com\/Blog\/kinder-und-kontaktlinsen-passt-das\/"},"wordCount":626,"image":{"@id":"https:\/\/www.elternforen.com\/Blog\/kinder-und-kontaktlinsen-passt-das\/#primaryimage"},"thumbnailUrl":"https:\/\/www.elternforen.com\/Blog\/wp-content\/uploads\/2022\/10\/girl-1281616-scaled.jpg","articleSection":["Kinder"],"inLanguage":"de"},{"@type":"WebPage","@id":"https:\/\/www.elternforen.com\/Blog\/kinder-und-kontaktlinsen-passt-das\/","url":"https:\/\/www.elternforen.com\/Blog\/kinder-und-kontaktlinsen-passt-das\/","name":"Kinder und Kontaktlinsen \u2013 passt das? - elternforen.com - Ratgeber-Magazin","isPartOf":{"@id":"https:\/\/www.elternforen.com\/Blog\/#website"},"primaryImageOfPage":{"@id":"https:\/\/www.elternforen.com\/Blog\/kinder-und-kontaktlinsen-passt-das\/#primaryimage"},"image":{"@id":"https:\/\/www.elternforen.com\/Blog\/kinder-und-kontaktlinsen-passt-das\/#primaryimage"},"thumbnailUrl":"https:\/\/www.elternforen.com\/Blog\/wp-content\/uploads\/2022\/10\/girl-1281616-scaled.jpg","datePublished":"2022-10-13T11:48:30+00:00","author":{"@id":"https:\/\/www.elternforen.com\/Blog\/#\/schema\/person\/979a88c5d2ec2beabc8f0e00243558c3"},"breadcrumb":{"@id":"https:\/\/www.elternforen.com\/Blog\/kinder-und-kontaktlinsen-passt-das\/#breadcrumb"},"inLanguage":"de","potentialAction":[{"@type":"ReadAction","target":["https:\/\/www.elternforen.com\/Blog\/kinder-und-kontaktlinsen-passt-das\/"]}]},{"@type":"ImageObject","inLanguage":"de","@id":"https:\/\/www.elternforen.com\/Blog\/kinder-und-kontaktlinsen-passt-das\/#primaryimage","url":"https:\/\/www.elternforen.com\/Blog\/wp-content\/uploads\/2022\/10\/girl-1281616-scaled.jpg","contentUrl":"https:\/\/www.elternforen.com\/Blog\/wp-content\/uploads\/2022\/10\/girl-1281616-scaled.jpg","width":2560,"height":1707,"caption":"Kind mit Brille, Bild: Pixabay"},{"@type":"BreadcrumbList","@id":"https:\/\/www.elternforen.com\/Blog\/kinder-und-kontaktlinsen-passt-das\/#breadcrumb","itemListElement":[{"@type":"ListItem","position":1,"name":"Home","item":"https:\/\/www.elternforen.com\/Blog\/"},{"@type":"ListItem","position":2,"name":"Kinder und Kontaktlinsen \u2013 passt das?"}]},{"@type":"WebSite","@id":"https:\/\/www.elternforen.com\/Blog\/#website","url":"https:\/\/www.elternforen.com\/Blog\/","name":"elternforen.com - Ratgeber-Magazin","description":"Der Blog \u00fcber Familie, Schwangerschaft, Babys und Kinder","potentialAction":[{"@type":"SearchAction","target":{"@type":"EntryPoint","urlTemplate":"https:\/\/www.elternforen.com\/Blog\/?s={search_term_string}"},"query-input":{"@type":"PropertyValueSpecification","valueRequired":true,"valueName":"search_term_string"}}],"inLanguage":"de"},{"@type":"Person","@id":"https:\/\/www.elternforen.com\/Blog\/#\/schema\/person\/979a88c5d2ec2beabc8f0e00243558c3","name":"redaktion","url":"https:\/\/www.elternforen.com\/Blog\/author\/stefan\/"}]}},"jetpack_featured_media_url":"https:\/\/www.elternforen.com\/Blog\/wp-content\/uploads\/2022\/10\/girl-1281616-scaled.jpg","jetpack_sharing_enabled":true,"_links":{"self":[{"href":"https:\/\/www.elternforen.com\/Blog\/wp-json\/wp\/v2\/posts\/9661","targetHints":{"allow":["GET"]}}],"collection":[{"href":"https:\/\/www.elternforen.com\/Blog\/wp-json\/wp\/v2\/posts"}],"about":[{"href":"https:\/\/www.elternforen.com\/Blog\/wp-json\/wp\/v2\/types\/post"}],"author":[{"embeddable":true,"href":"https:\/\/www.elternforen.com\/Blog\/wp-json\/wp\/v2\/users\/62"}],"replies":[{"embeddable":true,"href":"https:\/\/www.elternforen.com\/Blog\/wp-json\/wp\/v2\/comments?post=9661"}],"version-history":[{"count":1,"href":"https:\/\/www.elternforen.com\/Blog\/wp-json\/wp\/v2\/posts\/9661\/revisions"}],"predecessor-version":[{"id":9663,"href":"https:\/\/www.elternforen.com\/Blog\/wp-json\/wp\/v2\/posts\/9661\/revisions\/9663"}],"wp:featuredmedia":[{"embeddable":true,"href":"https:\/\/www.elternforen.com\/Blog\/wp-json\/wp\/v2\/media\/9662"}],"wp:attachment":[{"href":"https:\/\/www.elternforen.com\/Blog\/wp-json\/wp\/v2\/media?parent=9661"}],"wp:term":[{"taxonomy":"category","embeddable":true,"href":"https:\/\/www.elternforen.com\/Blog\/wp-json\/wp\/v2\/categories?post=9661"},{"taxonomy":"post_tag","embeddable":true,"href":"https:\/\/www.elternforen.com\/Blog\/wp-json\/wp\/v2\/tags?post=9661"}],"curies":[{"name":"wp","href":"https:\/\/api.w.org\/{rel}","templated":true}]}}