{"id":9811,"date":"2022-12-14T15:53:23","date_gmt":"2022-12-14T14:53:23","guid":{"rendered":"https:\/\/www.elternforen.com\/Blog\/?p=9811"},"modified":"2022-12-14T15:53:23","modified_gmt":"2022-12-14T14:53:23","slug":"winterurlaub-mit-der-familie-in-die-berge","status":"publish","type":"post","link":"https:\/\/www.elternforen.com\/Blog\/winterurlaub-mit-der-familie-in-die-berge\/","title":{"rendered":"Winterurlaub \u2013 mit der Familie in die Berge"},"content":{"rendered":"ANZEIGE - <p>Drau\u00dfen wird es k\u00e4lter, die Arbeitstage f\u00fchlen sich immer l\u00e4nger an und die Kinder in der Schule schreiben zahlreiche Arbeiten. Die Winterzeit ist oft sehr anstrengend und fordert von der ganzen Familie viel Motivation und Kraft. Da kann ein Urlaub, selbst wenn er nur f\u00fcr ein Wochenende ist, genau das Richtige f\u00fcr ein wenig Entspannung sein.<\/p>\n<h2>Planung und Organisation des Urlaubs f\u00fcr die Familie<\/h2>\n<p>Bevor es in die wohlverdiente Entspannungszeit gehen kann, m\u00fcssen einige Vorbereitungen getroffen werden. Dazu geh\u00f6rt zuallererst die Frage, wo es hingehen soll. Soll es ein Winterurlaub im In- oder Ausland sein? Welches Gebirge soll erkundet werden? Eine Hilfe bei der Entscheidung kann das Betrachten der m\u00f6glichen Aktivit\u00e4ten vor Ort sein. Ein ruhiges und abgelegenes Hotel oder eine H\u00fctte haben zwar definitiv ihren Charme und sorgen f\u00fcr entspannte Momente, bieten aber oftmals nur wenige M\u00f6glichkeiten an <a href=\"https:\/\/www.elternforen.com\/Blog\/8-lustige-aktivitaeten-die-man-mit-kleinen-kindern-zu-hause-machen-kann\/\">Aktivit\u00e4ten<\/a>, die in der Familie unternommen werden k\u00f6nnen. Dazu kommt die Entscheidung, ob ein Hotel, eine Pension oder ein Ferienhaus favorisiert werden. Jedes bringt dabei unterschiedliche Vorteile wie den Service von Reinigung und Mahlzeiten in Hotels oder die Unabh\u00e4ngigkeit und die M\u00f6glichkeit des Kochens in einer Ferienwohnung.<\/p>\n<h2>Was kann in den Bergen gemacht werden? \u2013 Ideen und Aktivit\u00e4ten<\/h2>\n<p>Besonders bei einem l\u00e4ngeren Aufenthalt in den Bergen ist es eine gute Idee, den ein oder anderen Tag mit einer Aktivit\u00e4t zu planen. Doch was gibt es alles an M\u00f6glichkeiten? Was kann gemacht werden?<\/p>\n<p>Eine ganz klassische Aktivit\u00e4t in den Bergen ist das Skifahren. Auf verschiedenen Pisten k\u00f6nnen Abfahrten f\u00fcr abwechslungsreiche und spannende Stunden sorgen. Ebenso kann ein ruhiger Skilanglauf f\u00fcr gemeinsame Momente und das Schaffen toller Erinnerungen genutzt werden. Daf\u00fcr werden jedoch warme Kleidung und eine gute Ausr\u00fcstung ben\u00f6tigt. Besonders bei den Skiern <a href=\"https:\/\/www.gospodin.de\/\">sollte an Skiwachs gedacht werden<\/a>, damit der Ausflug mit der Familie reibungslos verlaufen kann. Eine kleine Abwechslung k\u00f6nnte au\u00dferdem ein Snowboard bieten.<\/p>\n<p>Neben einem Spaziergang auf vorgegebenen Wegen kann eine Schneeschuhwanderung neue Blickwinkel er\u00f6ffnen und m\u00e4rchenhafte Landschaften zeigen. Au\u00dferdem k\u00f6nnen Aussichtsplattformen besucht werden, auf denen der Ausblick genossen und traumhafte Fotos geschossen werden k\u00f6nnen.<\/p>\n<p>Wer gerne etwas Neues ausprobieren m\u00f6chte, k\u00f6nnte ein Eisbad mit seiner Familie nehmen, wobei dies aus Gesundheitsgr\u00fcnden unter Aufsicht geschehen sollte. Alternativ sind Thermen eine sch\u00f6ne M\u00f6glichkeit, eine sowohl entspannende als auch abenteuerliche Zeit zu verbringen.<\/p>\n","protected":false},"excerpt":{"rendered":"<p>ANZEIGE &#8211; Drau\u00dfen wird es k\u00e4lter, die Arbeitstage f\u00fchlen sich immer l\u00e4nger an und die Kinder in der Schule schreiben zahlreiche Arbeiten. Die Winterzeit ist oft sehr anstrengend und fordert von der ganzen Familie viel Motivation und Kraft. Da kann ein Urlaub, selbst wenn er nur f\u00fcr ein Wochenende ist, genau das Richtige f\u00fcr ein [&hellip;]<\/p>\n","protected":false},"author":62,"featured_media":9812,"comment_status":"closed","ping_status":"closed","sticky":false,"template":"","format":"standard","meta":{"_acf_changed":false,"ep_exclude_from_search":false,"_jetpack_memberships_contains_paid_content":false,"footnotes":""},"categories":[13],"tags":[],"class_list":["post-9811","post","type-post","status-publish","format-standard","has-post-thumbnail","hentry","category-freizeit-und-hobby"],"acf":[],"yoast_head":"<!-- This site is optimized with the Yoast SEO plugin v27.5 - https:\/\/yoast.com\/product\/yoast-seo-wordpress\/ -->\n<title>Winterurlaub \u2013 mit der Familie in die Berge - elternforen.com - Ratgeber-Magazin<\/title>\n<meta name=\"robots\" content=\"index, follow, max-snippet:-1, max-image-preview:large, max-video-preview:-1\" \/>\n<link rel=\"canonical\" href=\"https:\/\/www.elternforen.com\/Blog\/winterurlaub-mit-der-familie-in-die-berge\/\" \/>\n<meta property=\"og:locale\" content=\"de_DE\" \/>\n<meta property=\"og:type\" content=\"article\" \/>\n<meta property=\"og:title\" content=\"Winterurlaub \u2013 mit der Familie in die Berge - elternforen.com - Ratgeber-Magazin\" \/>\n<meta property=\"og:description\" content=\"ANZEIGE - Drau\u00dfen wird es k\u00e4lter, die Arbeitstage f\u00fchlen sich immer l\u00e4nger an und die Kinder in der Schule schreiben zahlreiche Arbeiten. Die Winterzeit ist oft sehr anstrengend und fordert von der ganzen Familie viel Motivation und Kraft. Da kann ein Urlaub, selbst wenn er nur f\u00fcr ein Wochenende ist, genau das Richtige f\u00fcr ein [&hellip;]\" \/>\n<meta property=\"og:url\" content=\"https:\/\/www.elternforen.com\/Blog\/winterurlaub-mit-der-familie-in-die-berge\/\" \/>\n<meta property=\"og:site_name\" content=\"elternforen.com - Ratgeber-Magazin\" \/>\n<meta property=\"article:published_time\" content=\"2022-12-14T14:53:23+00:00\" \/>\n<meta property=\"og:image\" content=\"https:\/\/www.elternforen.com\/Blog\/wp-content\/uploads\/2022\/12\/myriam-zilles-lVhhJpjfoFM-unsplash.jpg\" \/>\n\t<meta property=\"og:image:width\" content=\"2400\" \/>\n\t<meta property=\"og:image:height\" content=\"1711\" \/>\n\t<meta property=\"og:image:type\" content=\"image\/jpeg\" \/>\n<meta name=\"author\" content=\"redaktion\" \/>\n<meta name=\"twitter:card\" content=\"summary_large_image\" \/>\n<meta name=\"twitter:label1\" content=\"Verfasst von\" \/>\n\t<meta name=\"twitter:data1\" content=\"redaktion\" \/>\n\t<meta name=\"twitter:label2\" content=\"Gesch\u00e4tzte Lesezeit\" \/>\n\t<meta name=\"twitter:data2\" content=\"3\u00a0Minuten\" \/>\n<script type=\"application\/ld+json\" class=\"yoast-schema-graph\">{\"@context\":\"https:\\\/\\\/schema.org\",\"@graph\":[{\"@type\":\"Article\",\"@id\":\"https:\\\/\\\/www.elternforen.com\\\/Blog\\\/winterurlaub-mit-der-familie-in-die-berge\\\/#article\",\"isPartOf\":{\"@id\":\"https:\\\/\\\/www.elternforen.com\\\/Blog\\\/winterurlaub-mit-der-familie-in-die-berge\\\/\"},\"author\":{\"name\":\"redaktion\",\"@id\":\"https:\\\/\\\/www.elternforen.com\\\/Blog\\\/#\\\/schema\\\/person\\\/979a88c5d2ec2beabc8f0e00243558c3\"},\"headline\":\"Winterurlaub \u2013 mit der Familie in die Berge\",\"datePublished\":\"2022-12-14T14:53:23+00:00\",\"mainEntityOfPage\":{\"@id\":\"https:\\\/\\\/www.elternforen.com\\\/Blog\\\/winterurlaub-mit-der-familie-in-die-berge\\\/\"},\"wordCount\":418,\"image\":{\"@id\":\"https:\\\/\\\/www.elternforen.com\\\/Blog\\\/winterurlaub-mit-der-familie-in-die-berge\\\/#primaryimage\"},\"thumbnailUrl\":\"https:\\\/\\\/www.elternforen.com\\\/Blog\\\/wp-content\\\/uploads\\\/2022\\\/12\\\/myriam-zilles-lVhhJpjfoFM-unsplash.jpg\",\"articleSection\":[\"Freizeit und Hobby\"],\"inLanguage\":\"de\"},{\"@type\":\"WebPage\",\"@id\":\"https:\\\/\\\/www.elternforen.com\\\/Blog\\\/winterurlaub-mit-der-familie-in-die-berge\\\/\",\"url\":\"https:\\\/\\\/www.elternforen.com\\\/Blog\\\/winterurlaub-mit-der-familie-in-die-berge\\\/\",\"name\":\"Winterurlaub \u2013 mit der Familie in die Berge - elternforen.com - Ratgeber-Magazin\",\"isPartOf\":{\"@id\":\"https:\\\/\\\/www.elternforen.com\\\/Blog\\\/#website\"},\"primaryImageOfPage\":{\"@id\":\"https:\\\/\\\/www.elternforen.com\\\/Blog\\\/winterurlaub-mit-der-familie-in-die-berge\\\/#primaryimage\"},\"image\":{\"@id\":\"https:\\\/\\\/www.elternforen.com\\\/Blog\\\/winterurlaub-mit-der-familie-in-die-berge\\\/#primaryimage\"},\"thumbnailUrl\":\"https:\\\/\\\/www.elternforen.com\\\/Blog\\\/wp-content\\\/uploads\\\/2022\\\/12\\\/myriam-zilles-lVhhJpjfoFM-unsplash.jpg\",\"datePublished\":\"2022-12-14T14:53:23+00:00\",\"author\":{\"@id\":\"https:\\\/\\\/www.elternforen.com\\\/Blog\\\/#\\\/schema\\\/person\\\/979a88c5d2ec2beabc8f0e00243558c3\"},\"breadcrumb\":{\"@id\":\"https:\\\/\\\/www.elternforen.com\\\/Blog\\\/winterurlaub-mit-der-familie-in-die-berge\\\/#breadcrumb\"},\"inLanguage\":\"de\",\"potentialAction\":[{\"@type\":\"ReadAction\",\"target\":[\"https:\\\/\\\/www.elternforen.com\\\/Blog\\\/winterurlaub-mit-der-familie-in-die-berge\\\/\"]}]},{\"@type\":\"ImageObject\",\"inLanguage\":\"de\",\"@id\":\"https:\\\/\\\/www.elternforen.com\\\/Blog\\\/winterurlaub-mit-der-familie-in-die-berge\\\/#primaryimage\",\"url\":\"https:\\\/\\\/www.elternforen.com\\\/Blog\\\/wp-content\\\/uploads\\\/2022\\\/12\\\/myriam-zilles-lVhhJpjfoFM-unsplash.jpg\",\"contentUrl\":\"https:\\\/\\\/www.elternforen.com\\\/Blog\\\/wp-content\\\/uploads\\\/2022\\\/12\\\/myriam-zilles-lVhhJpjfoFM-unsplash.jpg\",\"width\":2400,\"height\":1711},{\"@type\":\"BreadcrumbList\",\"@id\":\"https:\\\/\\\/www.elternforen.com\\\/Blog\\\/winterurlaub-mit-der-familie-in-die-berge\\\/#breadcrumb\",\"itemListElement\":[{\"@type\":\"ListItem\",\"position\":1,\"name\":\"Home\",\"item\":\"https:\\\/\\\/www.elternforen.com\\\/Blog\\\/\"},{\"@type\":\"ListItem\",\"position\":2,\"name\":\"Winterurlaub \u2013 mit der Familie in die Berge\"}]},{\"@type\":\"WebSite\",\"@id\":\"https:\\\/\\\/www.elternforen.com\\\/Blog\\\/#website\",\"url\":\"https:\\\/\\\/www.elternforen.com\\\/Blog\\\/\",\"name\":\"elternforen.com - Ratgeber-Magazin\",\"description\":\"Der Blog \u00fcber Familie, Schwangerschaft, Babys und Kinder\",\"potentialAction\":[{\"@type\":\"SearchAction\",\"target\":{\"@type\":\"EntryPoint\",\"urlTemplate\":\"https:\\\/\\\/www.elternforen.com\\\/Blog\\\/?s={search_term_string}\"},\"query-input\":{\"@type\":\"PropertyValueSpecification\",\"valueRequired\":true,\"valueName\":\"search_term_string\"}}],\"inLanguage\":\"de\"},{\"@type\":\"Person\",\"@id\":\"https:\\\/\\\/www.elternforen.com\\\/Blog\\\/#\\\/schema\\\/person\\\/979a88c5d2ec2beabc8f0e00243558c3\",\"name\":\"redaktion\",\"url\":\"https:\\\/\\\/www.elternforen.com\\\/Blog\\\/author\\\/stefan\\\/\"}]}<\/script>\n<!-- \/ Yoast SEO plugin. -->","yoast_head_json":{"title":"Winterurlaub \u2013 mit der Familie in die Berge - elternforen.com - Ratgeber-Magazin","robots":{"index":"index","follow":"follow","max-snippet":"max-snippet:-1","max-image-preview":"max-image-preview:large","max-video-preview":"max-video-preview:-1"},"canonical":"https:\/\/www.elternforen.com\/Blog\/winterurlaub-mit-der-familie-in-die-berge\/","og_locale":"de_DE","og_type":"article","og_title":"Winterurlaub \u2013 mit der Familie in die Berge - elternforen.com - Ratgeber-Magazin","og_description":"ANZEIGE - Drau\u00dfen wird es k\u00e4lter, die Arbeitstage f\u00fchlen sich immer l\u00e4nger an und die Kinder in der Schule schreiben zahlreiche Arbeiten. Die Winterzeit ist oft sehr anstrengend und fordert von der ganzen Familie viel Motivation und Kraft. Da kann ein Urlaub, selbst wenn er nur f\u00fcr ein Wochenende ist, genau das Richtige f\u00fcr ein [&hellip;]","og_url":"https:\/\/www.elternforen.com\/Blog\/winterurlaub-mit-der-familie-in-die-berge\/","og_site_name":"elternforen.com - Ratgeber-Magazin","article_published_time":"2022-12-14T14:53:23+00:00","og_image":[{"width":2400,"height":1711,"url":"https:\/\/www.elternforen.com\/Blog\/wp-content\/uploads\/2022\/12\/myriam-zilles-lVhhJpjfoFM-unsplash.jpg","type":"image\/jpeg"}],"author":"redaktion","twitter_card":"summary_large_image","twitter_misc":{"Verfasst von":"redaktion","Gesch\u00e4tzte Lesezeit":"3\u00a0Minuten"},"schema":{"@context":"https:\/\/schema.org","@graph":[{"@type":"Article","@id":"https:\/\/www.elternforen.com\/Blog\/winterurlaub-mit-der-familie-in-die-berge\/#article","isPartOf":{"@id":"https:\/\/www.elternforen.com\/Blog\/winterurlaub-mit-der-familie-in-die-berge\/"},"author":{"name":"redaktion","@id":"https:\/\/www.elternforen.com\/Blog\/#\/schema\/person\/979a88c5d2ec2beabc8f0e00243558c3"},"headline":"Winterurlaub \u2013 mit der Familie in die Berge","datePublished":"2022-12-14T14:53:23+00:00","mainEntityOfPage":{"@id":"https:\/\/www.elternforen.com\/Blog\/winterurlaub-mit-der-familie-in-die-berge\/"},"wordCount":418,"image":{"@id":"https:\/\/www.elternforen.com\/Blog\/winterurlaub-mit-der-familie-in-die-berge\/#primaryimage"},"thumbnailUrl":"https:\/\/www.elternforen.com\/Blog\/wp-content\/uploads\/2022\/12\/myriam-zilles-lVhhJpjfoFM-unsplash.jpg","articleSection":["Freizeit und Hobby"],"inLanguage":"de"},{"@type":"WebPage","@id":"https:\/\/www.elternforen.com\/Blog\/winterurlaub-mit-der-familie-in-die-berge\/","url":"https:\/\/www.elternforen.com\/Blog\/winterurlaub-mit-der-familie-in-die-berge\/","name":"Winterurlaub \u2013 mit der Familie in die Berge - elternforen.com - Ratgeber-Magazin","isPartOf":{"@id":"https:\/\/www.elternforen.com\/Blog\/#website"},"primaryImageOfPage":{"@id":"https:\/\/www.elternforen.com\/Blog\/winterurlaub-mit-der-familie-in-die-berge\/#primaryimage"},"image":{"@id":"https:\/\/www.elternforen.com\/Blog\/winterurlaub-mit-der-familie-in-die-berge\/#primaryimage"},"thumbnailUrl":"https:\/\/www.elternforen.com\/Blog\/wp-content\/uploads\/2022\/12\/myriam-zilles-lVhhJpjfoFM-unsplash.jpg","datePublished":"2022-12-14T14:53:23+00:00","author":{"@id":"https:\/\/www.elternforen.com\/Blog\/#\/schema\/person\/979a88c5d2ec2beabc8f0e00243558c3"},"breadcrumb":{"@id":"https:\/\/www.elternforen.com\/Blog\/winterurlaub-mit-der-familie-in-die-berge\/#breadcrumb"},"inLanguage":"de","potentialAction":[{"@type":"ReadAction","target":["https:\/\/www.elternforen.com\/Blog\/winterurlaub-mit-der-familie-in-die-berge\/"]}]},{"@type":"ImageObject","inLanguage":"de","@id":"https:\/\/www.elternforen.com\/Blog\/winterurlaub-mit-der-familie-in-die-berge\/#primaryimage","url":"https:\/\/www.elternforen.com\/Blog\/wp-content\/uploads\/2022\/12\/myriam-zilles-lVhhJpjfoFM-unsplash.jpg","contentUrl":"https:\/\/www.elternforen.com\/Blog\/wp-content\/uploads\/2022\/12\/myriam-zilles-lVhhJpjfoFM-unsplash.jpg","width":2400,"height":1711},{"@type":"BreadcrumbList","@id":"https:\/\/www.elternforen.com\/Blog\/winterurlaub-mit-der-familie-in-die-berge\/#breadcrumb","itemListElement":[{"@type":"ListItem","position":1,"name":"Home","item":"https:\/\/www.elternforen.com\/Blog\/"},{"@type":"ListItem","position":2,"name":"Winterurlaub \u2013 mit der Familie in die Berge"}]},{"@type":"WebSite","@id":"https:\/\/www.elternforen.com\/Blog\/#website","url":"https:\/\/www.elternforen.com\/Blog\/","name":"elternforen.com - Ratgeber-Magazin","description":"Der Blog \u00fcber Familie, Schwangerschaft, Babys und Kinder","potentialAction":[{"@type":"SearchAction","target":{"@type":"EntryPoint","urlTemplate":"https:\/\/www.elternforen.com\/Blog\/?s={search_term_string}"},"query-input":{"@type":"PropertyValueSpecification","valueRequired":true,"valueName":"search_term_string"}}],"inLanguage":"de"},{"@type":"Person","@id":"https:\/\/www.elternforen.com\/Blog\/#\/schema\/person\/979a88c5d2ec2beabc8f0e00243558c3","name":"redaktion","url":"https:\/\/www.elternforen.com\/Blog\/author\/stefan\/"}]}},"jetpack_featured_media_url":"https:\/\/www.elternforen.com\/Blog\/wp-content\/uploads\/2022\/12\/myriam-zilles-lVhhJpjfoFM-unsplash.jpg","jetpack_sharing_enabled":true,"_links":{"self":[{"href":"https:\/\/www.elternforen.com\/Blog\/wp-json\/wp\/v2\/posts\/9811","targetHints":{"allow":["GET"]}}],"collection":[{"href":"https:\/\/www.elternforen.com\/Blog\/wp-json\/wp\/v2\/posts"}],"about":[{"href":"https:\/\/www.elternforen.com\/Blog\/wp-json\/wp\/v2\/types\/post"}],"author":[{"embeddable":true,"href":"https:\/\/www.elternforen.com\/Blog\/wp-json\/wp\/v2\/users\/62"}],"replies":[{"embeddable":true,"href":"https:\/\/www.elternforen.com\/Blog\/wp-json\/wp\/v2\/comments?post=9811"}],"version-history":[{"count":1,"href":"https:\/\/www.elternforen.com\/Blog\/wp-json\/wp\/v2\/posts\/9811\/revisions"}],"predecessor-version":[{"id":9813,"href":"https:\/\/www.elternforen.com\/Blog\/wp-json\/wp\/v2\/posts\/9811\/revisions\/9813"}],"wp:featuredmedia":[{"embeddable":true,"href":"https:\/\/www.elternforen.com\/Blog\/wp-json\/wp\/v2\/media\/9812"}],"wp:attachment":[{"href":"https:\/\/www.elternforen.com\/Blog\/wp-json\/wp\/v2\/media?parent=9811"}],"wp:term":[{"taxonomy":"category","embeddable":true,"href":"https:\/\/www.elternforen.com\/Blog\/wp-json\/wp\/v2\/categories?post=9811"},{"taxonomy":"post_tag","embeddable":true,"href":"https:\/\/www.elternforen.com\/Blog\/wp-json\/wp\/v2\/tags?post=9811"}],"curies":[{"name":"wp","href":"https:\/\/api.w.org\/{rel}","templated":true}]}}